{"id":103266,"date":"2020-10-30T18:03:36","date_gmt":"2020-10-30T22:03:36","guid":{"rendered":"https:\/\/linitiative.ca\/International\/sahara-le-conseil-de-securite-proroge-pour-une-annee-le-mandat-de-la-minurso\/"},"modified":"2020-10-30T18:03:36","modified_gmt":"2020-10-30T22:03:36","slug":"sahara-le-conseil-de-securite-proroge-pour-une-annee-le-mandat-de-la-minurso","status":"publish","type":"post","link":"https:\/\/linitiative.ca\/International\/sahara-le-conseil-de-securite-proroge-pour-une-annee-le-mandat-de-la-minurso\/","title":{"rendered":"Sahara : le Conseil de s\u00e9curit\u00e9 proroge pour une ann\u00e9e le mandat de la MINURSO"},"content":{"rendered":"<div readability=\"32\">\n<p>Publi\u00e9 le 30.10.2020 \u00e0 23h18 par APA News<\/p>\n<\/div>\n<div readability=\"58\">\n<p>Le Conseil de s\u00e9curit\u00e9 des Nations-Unies a d\u00e9cid\u00e9, vendredi, de proroger pour une ann\u00e9e le mandat de la mission onusienne au Sahara (MINURSO).Selon le texte de la r\u00e9solution 2548 pr\u00e9sent\u00e9e par les Etats-Unis et adopt\u00e9e par une proc\u00e9dure \u00e9crite des quinze membres du Conseil en raison de l\u2019annulation des r\u00e9unions pr\u00e9sentielles au si\u00e8ge de l\u2019ONU due \u00e0 la d\u00e9couverte de cas de Covid-19, \u00ab le Conseil de s\u00e9curit\u00e9 \u00ab d\u00e9cide de proroger le mandat de la MINURSO jusqu\u2019au 31 octobre 2021 \u00bb.<\/p>\n<p>Ce texte a \u00e9t\u00e9 vot\u00e9 par 13 pays, alors que la f\u00e9d\u00e9ration de Russie et l\u2019Afrique du sud, se sont abstenus du vote.<\/p>\n<p>Tout en soulignant la n\u00e9cessit\u00e9 de \u00ab parvenir \u00e0 une solution politique r\u00e9aliste, pragmatique et durable \u00bb \u00e0 la question du Sahara \u00ab qui repose sur le compromis \u00bb, la r\u00e9solution consacre l\u2019Alg\u00e9rie en tant que partie principale au conflit autour du Sahara.<\/p>\n<p>Le Conseil de s\u00e9curit\u00e9 a aussi appel\u00e9 \u00e0 la nomination d\u2019un nouvel envoy\u00e9 personnel du secr\u00e9taire g\u00e9n\u00e9ral de l\u2019ONU pour le Sahara, r\u00e9affirmant la cons\u00e9cration du processus des tables-rondes et incite \u00e0 \u00ab la reprise des concertations entre le prochain Envoy\u00e9 personnel \u00bb et les parties prenantes \u00e0 ce diff\u00e9rend r\u00e9gional, \u00e0 savoir le Maroc, l\u2019Alg\u00e9rie, la Mauritanie et le polisario.<\/p>\n<\/div>\n<p>Auteur: APA News<br \/>\n<a href=\"https:\/\/www.journalducameroun.com\/sahara-le-conseil-de-securite-proroge-pour-une-annee-le-mandat-de-la-minurso\/\">Cliquez ici pour lire l&rsquo;article depuis sa source.<\/a><\/p>\n","protected":false},"excerpt":{"rendered":"<p>Publi\u00e9 le 30.10.2020 \u00e0 23h18 par APA News Le Conseil de s\u00e9curit\u00e9 des Nations-Unies a d\u00e9cid\u00e9, vendredi, de proroger pour une ann\u00e9e le mandat de la mission onusienne au Sahara (MINURSO).Selon le texte de la r\u00e9solution 2548 pr\u00e9sent\u00e9e par les Etats-Unis et adopt\u00e9e par une proc\u00e9dure \u00e9crite des quinze membres du Conseil en raison de [&hellip;]<\/p>\n","protected":false},"author":1965,"featured_media":0,"comment_status":"closed","ping_status":"closed","sticky":false,"template":"","format":"standard","meta":{"fifu_image_url":"","fifu_image_alt":"","footnotes":""},"categories":[73,82],"tags":[],"class_list":["post-103266","post","type-post","status-publish","format-standard","hentry","category-actualite","category-cameroun"],"_links":{"self":[{"href":"https:\/\/linitiative.ca\/International\/wp-json\/wp\/v2\/posts\/103266","targetHints":{"allow":["GET"]}}],"collection":[{"href":"https:\/\/linitiative.ca\/International\/wp-json\/wp\/v2\/posts"}],"about":[{"href":"https:\/\/linitiative.ca\/International\/wp-json\/wp\/v2\/types\/post"}],"author":[{"embeddable":true,"href":"https:\/\/linitiative.ca\/International\/wp-json\/wp\/v2\/users\/1965"}],"replies":[{"embeddable":true,"href":"https:\/\/linitiative.ca\/International\/wp-json\/wp\/v2\/comments?post=103266"}],"version-history":[{"count":0,"href":"https:\/\/linitiative.ca\/International\/wp-json\/wp\/v2\/posts\/103266\/revisions"}],"wp:attachment":[{"href":"https:\/\/linitiative.ca\/International\/wp-json\/wp\/v2\/media?parent=103266"}],"wp:term":[{"taxonomy":"category","embeddable":true,"href":"https:\/\/linitiative.ca\/International\/wp-json\/wp\/v2\/categories?post=103266"},{"taxonomy":"post_tag","embeddable":true,"href":"https:\/\/linitiative.ca\/International\/wp-json\/wp\/v2\/tags?post=103266"}],"curies":[{"name":"wp","href":"https:\/\/api.w.org\/{rel}","templated":true}]}}