{"id":103271,"date":"2020-10-30T15:36:22","date_gmt":"2020-10-30T19:36:22","guid":{"rendered":"https:\/\/linitiative.ca\/International\/sahara-marocain-le-conseil-de-securite-renouvelle-pour-une-annee-le-mandat-de-la-minurso\/"},"modified":"2020-10-30T15:36:22","modified_gmt":"2020-10-30T19:36:22","slug":"sahara-marocain-le-conseil-de-securite-renouvelle-pour-une-annee-le-mandat-de-la-minurso","status":"publish","type":"post","link":"https:\/\/linitiative.ca\/International\/sahara-marocain-le-conseil-de-securite-renouvelle-pour-une-annee-le-mandat-de-la-minurso\/","title":{"rendered":"Sahara marocain : Le Conseil de s\u00e9curit\u00e9 renouvelle pour une ann\u00e9e le mandat de la MINURSO"},"content":{"rendered":"<p><img decoding=\"async\" class=\"post_layout_5_img\" src=\"http:\/\/aujourdhui.ma\/wp-content\/uploads\/2016\/03\/Conseil-de-securite-ONU.jpg\" alt=\"Sahara marocain : Le Conseil de s&#xE9;curit&#xE9; renouvelle pour une ann&#xE9;e le mandat de la MINURSO\"\/><\/p>\n<p><span class=\"c5\"><strong>Le Conseil de s\u00e9curit\u00e9 des Nations-Unies a d\u00e9cid\u00e9, vendredi, de proroger pour une ann\u00e9e le mandat de la MINURSO, tout en consacrant, une fois de plus, la pr\u00e9\u00e9minence de l\u2019initiative marocaine d\u2019autonomie pour r\u00e9soudre le conflit artificiel autour du Sahara marocain.<\/strong><\/span><span id=\"more-359246\"\/><\/p>\n<p>Le Conseil de s\u00e9curit\u00e9 \u00ab\u00a0d\u00e9cide de proroger le mandat de la MINURSO jusqu\u2019au 31 octobre 2021\u00a0\u00bb, lit-on dans le texte de la r\u00e9solution 2548 pr\u00e9sent\u00e9e par les Etats-Unis et adopt\u00e9e par une proc\u00e9dure \u00e9crite des quinze membres du Conseil en raison de l\u2019annulation des r\u00e9unions pr\u00e9sentielles au si\u00e8ge de l\u2019ONU due \u00e0 la d\u00e9couverte de cas de Covid-19.<\/p>\n<p>Dans cette nouvelle r\u00e9solution, l\u2019instance ex\u00e9cutive des Nations-Unies a confort\u00e9, pour la quatorzi\u00e8me ann\u00e9e de suite, la pr\u00e9\u00e9minence de l\u2019initiative d\u2019autonomie, pr\u00e9sent\u00e9e par le Royaume le 11 avril 2007, en se f\u00e9licitant des efforts \u00ab\u00a0s\u00e9rieux et cr\u00e9dibles\u00a0\u00bb du Maroc, incarn\u00e9s par l\u2019initiative d\u2019autonomie.<\/p>\n<p>De m\u00eame, la r\u00e9solution consacre, \u00e0 nouveau, l\u2019Alg\u00e9rie en tant que partie principale au diff\u00e9rend r\u00e9gional sur le Sahara marocain, tout en soulignant la n\u00e9cessit\u00e9 de \u00ab\u00a0parvenir \u00e0 une solution politique r\u00e9aliste, pragmatique et durable\u00a0\u00bb \u00e0 la question du Sahara \u00ab\u00a0qui repose sur le compromis\u00a0\u00bb.<\/p>\n<p>Ainsi, tout en appelant \u00e0 la nomination d\u2019un nouvel Envoy\u00e9 personnel du Secr\u00e9taire g\u00e9n\u00e9ral de l\u2019ONU pour le Sahara, le Conseil de s\u00e9curit\u00e9 a r\u00e9affirm\u00e9 la cons\u00e9cration du processus des tables-rondes et encourag\u00e9 \u00ab\u00a0la reprise des concertations entre le prochain Envoy\u00e9 personnel\u00a0\u00bb et les parties prenantes \u00e0 ce diff\u00e9rend r\u00e9gional, \u00e0 savoir le Maroc, l\u2019Alg\u00e9rie, la Mauritanie et le polisario.<\/p>\n<p>Dans ce sens, l\u2019instance ex\u00e9cutive des Nations-Unies souligne l\u2019importance que les parties s\u2019engagent \u00e0 nouveau \u00e0 faire avancer le processus politique sous les auspices du Secr\u00e9taire g\u00e9n\u00e9ral de l\u2019ONU, tout en affirmant qu\u2019il est \u00ab\u00a0indispensable que les parties fassent preuve de r\u00e9alisme et d\u2019un esprit de compromis pour aller de l\u2019avant\u00a0\u00bb.<\/p>\n<p>Le conseil appelle \u00e9galement \u00e0 tenir compte \u00ab\u00a0des efforts faits depuis 2006 et des faits nouveaux survenus depuis, en vue de parvenir \u00e0 une solution politique juste, durable et mutuellement acceptable\u00a0\u00bb.<\/p>\n<p>La r\u00e9solution appelle aussi \u00e0 faire montre de volont\u00e9 politique et \u00e0 travailler dans une atmosph\u00e8re propice au dialogue, assurant ainsi la mise en \u0153uvre des r\u00e9solutions du Conseil de s\u00e9curit\u00e9 depuis 2007, qui est l\u2019ann\u00e9e de la pr\u00e9sentation par le Maroc de son initiative d\u2019autonomie.<\/p>\n<p>Le Conseil de s\u00e9curit\u00e9 reconnait, \u00e0 cet \u00e9gard, que \u00ab\u00a0la concr\u00e9tisation d\u2019une solution politique \u00e0 ce diff\u00e9rend de longue date et le renforcement de la coop\u00e9ration entre les Etats membres de l\u2019Union du Maghreb Arabe contribueraient \u00e0 la stabilit\u00e9 et \u00e0 la s\u00e9curit\u00e9, induisant \u00e0 son tour la cr\u00e9ation d\u2019emplois, de croissance et d\u2019opportunit\u00e9s pour l\u2019ensemble des peuples de la r\u00e9gion du Sahel\u201d.<\/p>\n<p>Auteur: ALM<br \/>\n<a href=\"https:\/\/aujourdhui.ma\/politique\/sahara-marocain-le-conseil-de-securite-renouvelle-pour-une-annee-le-mandat-de-la-minurso\">Cliquez ici pour lire l&rsquo;article depuis sa source.<\/a><\/p>\n","protected":false},"excerpt":{"rendered":"<p>Le Conseil de s\u00e9curit\u00e9 des Nations-Unies a d\u00e9cid\u00e9, vendredi, de proroger pour une ann\u00e9e le mandat de la MINURSO, tout en consacrant, une fois de plus, la pr\u00e9\u00e9minence de l\u2019initiative marocaine d\u2019autonomie pour r\u00e9soudre le conflit artificiel autour du Sahara marocain. Le Conseil de s\u00e9curit\u00e9 \u00ab\u00a0d\u00e9cide de proroger le mandat de la MINURSO jusqu\u2019au 31 [&hellip;]<\/p>\n","protected":false},"author":1759,"featured_media":103272,"comment_status":"closed","ping_status":"closed","sticky":false,"template":"","format":"standard","meta":{"fifu_image_url":"","fifu_image_alt":"","footnotes":""},"categories":[73,54],"tags":[],"class_list":["post-103271","post","type-post","status-publish","format-standard","has-post-thumbnail","hentry","category-actualite","category-maroc"],"_links":{"self":[{"href":"https:\/\/linitiative.ca\/International\/wp-json\/wp\/v2\/posts\/103271","targetHints":{"allow":["GET"]}}],"collection":[{"href":"https:\/\/linitiative.ca\/International\/wp-json\/wp\/v2\/posts"}],"about":[{"href":"https:\/\/linitiative.ca\/International\/wp-json\/wp\/v2\/types\/post"}],"author":[{"embeddable":true,"href":"https:\/\/linitiative.ca\/International\/wp-json\/wp\/v2\/users\/1759"}],"replies":[{"embeddable":true,"href":"https:\/\/linitiative.ca\/International\/wp-json\/wp\/v2\/comments?post=103271"}],"version-history":[{"count":0,"href":"https:\/\/linitiative.ca\/International\/wp-json\/wp\/v2\/posts\/103271\/revisions"}],"wp:featuredmedia":[{"embeddable":true,"href":"https:\/\/linitiative.ca\/International\/wp-json\/"}],"wp:attachment":[{"href":"https:\/\/linitiative.ca\/International\/wp-json\/wp\/v2\/media?parent=103271"}],"wp:term":[{"taxonomy":"category","embeddable":true,"href":"https:\/\/linitiative.ca\/International\/wp-json\/wp\/v2\/categories?post=103271"},{"taxonomy":"post_tag","embeddable":true,"href":"https:\/\/linitiative.ca\/International\/wp-json\/wp\/v2\/tags?post=103271"}],"curies":[{"name":"wp","href":"https:\/\/api.w.org\/{rel}","templated":true}]}}