{"id":103273,"date":"2020-10-30T15:39:17","date_gmt":"2020-10-30T19:39:17","guid":{"rendered":"https:\/\/linitiative.ca\/International\/covid-19-3-256-nouveaux-cas-confirmes-et-3-014-guerisons-en-24h\/"},"modified":"2020-10-30T15:39:17","modified_gmt":"2020-10-30T19:39:17","slug":"covid-19-3-256-nouveaux-cas-confirmes-et-3-014-guerisons-en-24h","status":"publish","type":"post","link":"https:\/\/linitiative.ca\/International\/covid-19-3-256-nouveaux-cas-confirmes-et-3-014-guerisons-en-24h\/","title":{"rendered":"Covid-19: 3.256 nouveaux cas confirm\u00e9s et 3.014 gu\u00e9risons en 24H"},"content":{"rendered":"<p><img decoding=\"async\" class=\"post_layout_5_img\" src=\"http:\/\/aujourdhui.ma\/wp-content\/uploads\/2020\/09\/Coronavirus-Covid-19.jpg\" alt=\"Covid-19: 3.256 nouveaux cas confirm&#xE9;s et 3.014 gu&#xE9;risons en 24H\"\/><\/p>\n<p><span class=\"c5\"><strong>Trois mille deux cent cinquante-six (3.256) nouveaux cas d\u2019infection au coronavirus et 3.014 gu\u00e9risons ont \u00e9t\u00e9 enregistr\u00e9s au Maroc dans les derni\u00e8res 24 heures, a annonc\u00e9 vendredi le minist\u00e8re de la Sant\u00e9.<\/strong><\/span><span id=\"more-359248\"\/><\/p>\n<p>Le nouveau bilan porte \u00e0 215.294 le nombre total des contaminations depuis le premier cas signal\u00e9 le 2 mars et \u00e0 177.925 celui des personnes totalement r\u00e9tablies, soit un taux de gu\u00e9rison de 82,6%, a pr\u00e9cis\u00e9 le minist\u00e8re dans son bulletin quotidien de la Covid-19.<\/p>\n<p>Le nombre de d\u00e9c\u00e8s est pass\u00e9 \u00e0 3.625, avec 53 nouveaux cas recens\u00e9s en 24 heures, soit un taux de l\u00e9talit\u00e9 de 1,7%.<\/p>\n<p>Ces d\u00e9c\u00e8s sont r\u00e9partis entre les r\u00e9gions de Casablanca-Settat (17), l\u2019Oriental (7), Rabat-Sal\u00e9-K\u00e9nitra (7), B\u00e9ni Mellal-Kh\u00e9nifra (7), F\u00e8s-Mekn\u00e8s (4), Tanger-T\u00e9touan-Al Hoceima (4), Souss-Massa (3), Marrakech-Safi (1), La\u00e2youne-Sakia El Hamra (1), Guelmim-Oued Noun (1) et Dra\u00e2-Tafilalet (1).<\/p>\n<p>Les nouveaux cas de contamination ont \u00e9t\u00e9 d\u00e9tect\u00e9s dans les r\u00e9gions de Casablanca-Settat (1.377), Rabat-Sal\u00e9-K\u00e9nitra (584), l\u2019Oriental (330), Souss-Massa (253), Marrakech-Safi (180), Tanger-T\u00e9touan-Al Hoceima (176), B\u00e9ni Mellal-Kh\u00e9nifra (156), F\u00e8s-Mekn\u00e8s (88), Dra\u00e2-Tafilalet (63), Guelmim-Oued Noun (31) et Dakhla-Oued Eddahab (18).<\/p>\n<p>Le nombre de cas exclus s\u2019\u00e9l\u00e8ve \u00e0 3.090.029, apr\u00e8s 17.022 nouvelles analyses n\u00e9gatives.<\/p>\n<p>Les cas actifs ont atteint un total de 33.744, alors que les cas s\u00e9v\u00e8res ou critiques sont au nombre de 819, dont 63 plac\u00e9s sous intubation. Le taux d\u2019occupation des lits de r\u00e9animation d\u00e9di\u00e9s \u00e0 la Covid-19 est de 35,5%.<\/p>\n<p>Le taux d\u2019incidence cumul\u00e9 est de 593\/100.000 habitants, contre une incidence de 24heures \u00e9tablie \u00e0 9\/100.000 habitants.<\/p>\n<p>Auteur: ALM<br \/>\n<a href=\"https:\/\/aujourdhui.ma\/societe\/covid-19-3-256-nouveaux-cas-confirmes-et-3-014-guerisons-en-24h\">Cliquez ici pour lire l&rsquo;article depuis sa source.<\/a><\/p>\n","protected":false},"excerpt":{"rendered":"<p>Trois mille deux cent cinquante-six (3.256) nouveaux cas d\u2019infection au coronavirus et 3.014 gu\u00e9risons ont \u00e9t\u00e9 enregistr\u00e9s au Maroc dans les derni\u00e8res 24 heures, a annonc\u00e9 vendredi le minist\u00e8re de la Sant\u00e9. Le nouveau bilan porte \u00e0 215.294 le nombre total des contaminations depuis le premier cas signal\u00e9 le 2 mars et \u00e0 177.925 celui [&hellip;]<\/p>\n","protected":false},"author":1759,"featured_media":103274,"comment_status":"closed","ping_status":"closed","sticky":false,"template":"","format":"standard","meta":{"fifu_image_url":"","fifu_image_alt":"","footnotes":""},"categories":[73,54],"tags":[],"class_list":["post-103273","post","type-post","status-publish","format-standard","has-post-thumbnail","hentry","category-actualite","category-maroc"],"_links":{"self":[{"href":"https:\/\/linitiative.ca\/International\/wp-json\/wp\/v2\/posts\/103273","targetHints":{"allow":["GET"]}}],"collection":[{"href":"https:\/\/linitiative.ca\/International\/wp-json\/wp\/v2\/posts"}],"about":[{"href":"https:\/\/linitiative.ca\/International\/wp-json\/wp\/v2\/types\/post"}],"author":[{"embeddable":true,"href":"https:\/\/linitiative.ca\/International\/wp-json\/wp\/v2\/users\/1759"}],"replies":[{"embeddable":true,"href":"https:\/\/linitiative.ca\/International\/wp-json\/wp\/v2\/comments?post=103273"}],"version-history":[{"count":0,"href":"https:\/\/linitiative.ca\/International\/wp-json\/wp\/v2\/posts\/103273\/revisions"}],"wp:featuredmedia":[{"embeddable":true,"href":"https:\/\/linitiative.ca\/International\/wp-json\/"}],"wp:attachment":[{"href":"https:\/\/linitiative.ca\/International\/wp-json\/wp\/v2\/media?parent=103273"}],"wp:term":[{"taxonomy":"category","embeddable":true,"href":"https:\/\/linitiative.ca\/International\/wp-json\/wp\/v2\/categories?post=103273"},{"taxonomy":"post_tag","embeddable":true,"href":"https:\/\/linitiative.ca\/International\/wp-json\/wp\/v2\/tags?post=103273"}],"curies":[{"name":"wp","href":"https:\/\/api.w.org\/{rel}","templated":true}]}}