{"id":103279,"date":"2020-10-31T08:40:14","date_gmt":"2020-10-31T12:40:14","guid":{"rendered":"https:\/\/linitiative.ca\/International\/plf2021-budgets-sectoriels-demarrage-de-la-valse-des-ministeres\/"},"modified":"2020-10-31T08:40:14","modified_gmt":"2020-10-31T12:40:14","slug":"plf2021-budgets-sectoriels-demarrage-de-la-valse-des-ministeres","status":"publish","type":"post","link":"https:\/\/linitiative.ca\/International\/plf2021-budgets-sectoriels-demarrage-de-la-valse-des-ministeres\/","title":{"rendered":"PLF2021: Budgets sectoriels, d\u00e9marrage de la valse des minist\u00e8res"},"content":{"rendered":"<header>\n<\/header>\n<div class=\"entry-content clearfix\" readability=\"47\"><img decoding=\"async\" class=\"post_layout_5_img\" src=\"http:\/\/aujourdhui.ma\/wp-content\/uploads\/2020\/07\/Adoption-express-du-PLFR.jpg\" alt=\"PLF2021: Budgets sectoriels, d&#xE9;marrage de la valse des minist&#xE8;res\"\/><\/p>\n<p><strong>La cadence de l\u2019examen du projet de loi de finances (PLF2021) va monter crescendo cette semaine.<\/strong> <span id=\"more-359259\"\/>Parall\u00e8lement \u00e0 l\u2019examen des mesures fiscales et douani\u00e8res de la premi\u00e8re partie du PLF, les d\u00e9put\u00e9s vont examiner les projets de budgets sectoriels. Un agenda assez charg\u00e9 est pr\u00e9vu d\u00e8s le d\u00e9but de cette semaine.<\/p>\n<p>Ce lundi, les parlementaires recevront la ministre charg\u00e9e du Tourisme, de l\u2019artisanat, de l\u2019aviation civile et de l\u2019\u00c9conomie solidaire ainsi que la ministre charg\u00e9e de l\u2019Habitat, de l\u2019urbanisme et de la politique de la ville sans oublier le minist\u00e8re d\u2019\u00c9tat charg\u00e9 des droits de l\u2019homme et le minist\u00e8re de la Culture, de la Jeunesse et des Sports. Ces derniers vont respectivement pr\u00e9senter les budgets sectoriels de leurs d\u00e9partements. Mardi, les d\u00e9put\u00e9s ont rendez-vous avec le minist\u00e8re de l\u2019Int\u00e9rieur et celui de la Sant\u00e9.<\/p>\n<\/div>\n<p>Auteur: ALM<br \/>\n<a href=\"https:\/\/aujourdhui.ma\/economie\/plf2021-budgets-sectoriels-demarrage-de-la-valse-des-ministeres\">Cliquez ici pour lire l&rsquo;article depuis sa source.<\/a><\/p>\n","protected":false},"excerpt":{"rendered":"<p>La cadence de l\u2019examen du projet de loi de finances (PLF2021) va monter crescendo cette semaine. Parall\u00e8lement \u00e0 l\u2019examen des mesures fiscales et douani\u00e8res de la premi\u00e8re partie du PLF, les d\u00e9put\u00e9s vont examiner les projets de budgets sectoriels. Un agenda assez charg\u00e9 est pr\u00e9vu d\u00e8s le d\u00e9but de cette semaine. Ce lundi, les parlementaires [&hellip;]<\/p>\n","protected":false},"author":1759,"featured_media":103280,"comment_status":"closed","ping_status":"closed","sticky":false,"template":"","format":"standard","meta":{"fifu_image_url":"","fifu_image_alt":"","footnotes":""},"categories":[73,54],"tags":[],"class_list":["post-103279","post","type-post","status-publish","format-standard","has-post-thumbnail","hentry","category-actualite","category-maroc"],"_links":{"self":[{"href":"https:\/\/linitiative.ca\/International\/wp-json\/wp\/v2\/posts\/103279","targetHints":{"allow":["GET"]}}],"collection":[{"href":"https:\/\/linitiative.ca\/International\/wp-json\/wp\/v2\/posts"}],"about":[{"href":"https:\/\/linitiative.ca\/International\/wp-json\/wp\/v2\/types\/post"}],"author":[{"embeddable":true,"href":"https:\/\/linitiative.ca\/International\/wp-json\/wp\/v2\/users\/1759"}],"replies":[{"embeddable":true,"href":"https:\/\/linitiative.ca\/International\/wp-json\/wp\/v2\/comments?post=103279"}],"version-history":[{"count":0,"href":"https:\/\/linitiative.ca\/International\/wp-json\/wp\/v2\/posts\/103279\/revisions"}],"wp:featuredmedia":[{"embeddable":true,"href":"https:\/\/linitiative.ca\/International\/wp-json\/"}],"wp:attachment":[{"href":"https:\/\/linitiative.ca\/International\/wp-json\/wp\/v2\/media?parent=103279"}],"wp:term":[{"taxonomy":"category","embeddable":true,"href":"https:\/\/linitiative.ca\/International\/wp-json\/wp\/v2\/categories?post=103279"},{"taxonomy":"post_tag","embeddable":true,"href":"https:\/\/linitiative.ca\/International\/wp-json\/wp\/v2\/tags?post=103279"}],"curies":[{"name":"wp","href":"https:\/\/api.w.org\/{rel}","templated":true}]}}