{"id":103298,"date":"2020-10-31T11:03:00","date_gmt":"2020-10-31T15:03:00","guid":{"rendered":"https:\/\/linitiative.ca\/International\/le-vieux-continent-epicentre-de-lepidemie\/"},"modified":"2020-10-31T11:03:00","modified_gmt":"2020-10-31T15:03:00","slug":"le-vieux-continent-epicentre-de-lepidemie","status":"publish","type":"post","link":"https:\/\/linitiative.ca\/International\/le-vieux-continent-epicentre-de-lepidemie\/","title":{"rendered":"Le Vieux Continent, \u00e9picentre de l&rsquo;\u00e9pid\u00e9mie"},"content":{"rendered":"<p class=\"p1 c4\"><span class=\"c3\"><span class=\"c2\">Les contaminations par le nouveau coronavirus ont poursuivi leur bond en Europe ces sept derniers jours, le Vieux Continent restant l&rsquo;\u00e9picentre de l&rsquo;\u00e9pid\u00e9mie: voici les \u00e9volutions marquantes de la semaine \u00e9coul\u00e9e.<\/span><\/span><\/p>\n<p class=\"p1 c4\"><span class=\"c3\"><span class=\"c2\">Indicateur important, le nombre de cas diagnostiqu\u00e9s ne refl\u00e8te toutefois qu&rsquo;une fraction du nombre r\u00e9el de contaminations et les comparaisons entre pays sont \u00e0 prendre avec des pincettes, les politiques de tests diff\u00e9rant d&rsquo;un pays \u00e0 l&rsquo;autre.<\/span><\/span><\/p>\n<p class=\"p2 c5\"><span class=\"c3\"><span class=\"c2\"><strong>Forte acc\u00e9l\u00e9ration en Europe<span class=\"Apple-converted-space\">\u00a0<\/span><\/strong><\/span><\/span><\/p>\n<p class=\"p1 c4\"><span class=\"c3\"><span class=\"c2\">La pand\u00e9mie a nettement acc\u00e9l\u00e9r\u00e9 cette semaine, avec 476.000 nouveaux cas enregistr\u00e9s par jour dans le monde (un record), soit 20% de plus que la semaine pr\u00e9c\u00e9dente, selon un bilan \u00e9tabli par l&rsquo;AFP vendredi \u00e0 11H00 GMT.<\/span><\/span><\/p>\n<p class=\"p1 c4\"><span class=\"c3\"><span class=\"c2\">C&rsquo;est de nouveau en Europe que le rythme des contaminations acc\u00e9l\u00e8re le plus (+40%). Avec 241.000 nouveaux cas quotidiens (chiffre qui a \u00e9t\u00e9 multipli\u00e9 par 16 par rapport aux quelque 15.000 de d\u00e9but juillet), le Vieux Continent est de loin la r\u00e9gion enregistrant le plus de contaminations, devant les Etats-Unis\/Canada (80.000 par jour, +27%).<\/span><\/span><\/p>\n<p class=\"p1 c4\"><span class=\"c3\"><span class=\"c2\">La tendance est \u00e9galement \u00e0 l&rsquo;acc\u00e9l\u00e9ration au Moyen-Orient (+13%) et en Am\u00e9rique latine\/Cara\u00efbes (+3%). La situation s&rsquo;am\u00e9liore l\u00e9g\u00e8rement en Afrique (-2%), plus nettement en Asie (-15%) et en Oc\u00e9anie (-20%).<\/span><\/span><\/p>\n<p class=\"p1 c4\"><span class=\"c3\"><span class=\"c2\">La Croatie est le pays o\u00f9 l&rsquo;\u00e9pid\u00e9mie acc\u00e9l\u00e8re le plus (+90%, 2.000 nouveaux cas par jour), parmi ceux ayant enregistr\u00e9 plus de 1.000 cas quotidiens pendant la semaine \u00e9coul\u00e9e. Suivent l&rsquo;Autriche (+89%, 3.200), la Slov\u00e9nie (+88%, 1.900), la Suisse (+87%, 6.800), la Su\u00e8de (+86%, 1.700), la Bosnie-Herz\u00e9govine (+83%, 1.300), la Bulgarie (+80%, 1.700), l&rsquo;Italie (+79%, 21.600) et l&rsquo;Allemagne (+75%, 12.700). Tous des pays europ\u00e9ens.<\/span><\/span><\/p>\n<p class=\"p2 c5\"><span class=\"c3\"><span class=\"c2\"><strong>Plus fortes d\u00e9crues<span class=\"Apple-converted-space\">\u00a0<\/span><\/strong><\/span><\/span><\/p>\n<p class=\"p1 c4\"><span class=\"c3\"><span class=\"c2\">La plus forte d\u00e9crue est observ\u00e9e en Isra\u00ebl (-54%, 600 nouveaux cas par jour), pays sorti r\u00e9cemment d&rsquo;un reconfinement, devant le N\u00e9pal (-39%, 2.300), l&rsquo;Irlande (-28%, 800), qui s&rsquo;est reconfin\u00e9e la semaine derni\u00e8re, l&rsquo;Inde (-17%, 47.600) et les Philippines (-14%, 1.900).<\/span><\/span><\/p>\n<p class=\"p2 c5\"><span class=\"c3\"><span class=\"c2\"><strong>Le plus de contaminations<\/strong><\/span><\/span><\/p>\n<p class=\"p1 c4\"><span class=\"c3\"><span class=\"c2\">Les Etats-Unis sont le pays ayant enregistr\u00e9 le plus grand nombre de nouvelles contaminations cette semaine, avec 77.200 nouveaux cas quotidiens, devant l&rsquo;Inde (47.600) et la France (40.500).\u00a0Si la tendance s&rsquo;am\u00e9liore en Inde (-17%), elle se d\u00e9t\u00e9riore aux Etats-Unis (+27%) et surtout en France (+50%).<\/span><\/span><\/p>\n<p class=\"p1 c4\"><span class=\"c3\"><span class=\"c2\">Suivent\u00a0le Br\u00e9sil (24.400, +11%), le Royaume-Uni (22.100, +13%), l&rsquo;Italie (21.600, +79%) et l&rsquo;Espagne (19.100, +28%).<\/span><\/span><\/p>\n<p class=\"p1 c4\"><span class=\"c3\"><span class=\"c2\">En proportion de la population, hors micro-Etats, c&rsquo;est la Belgique qui a enregistr\u00e9 le plus de cas (992 pour 100.000 habitants) cette semaine, devant la R\u00e9publique tch\u00e8que (818) et le Luxembourg (643). Sur les 24 pays ayant un taux d&rsquo;incidence sup\u00e9rieur \u00e0 200, 22 sont europ\u00e9ens.<\/span><\/span><\/p>\n<p class=\"p2 c5\"><span class=\"c3\"><span class=\"c2\"><strong>Les d\u00e9c\u00e8s<span class=\"Apple-converted-space\">\u00a0<\/span><\/strong><\/span><\/span><\/p>\n<p class=\"p1 c4\"><span class=\"c3\"><span class=\"c2\">Les Etats-Unis ont enregistr\u00e9 le plus de d\u00e9c\u00e8s au cours de la semaine \u00e9coul\u00e9e (809 par jour), devant l&rsquo;Inde (559), le Br\u00e9sil (438), le Mexique (411), l&rsquo;Argentine (355),\u00a0l&rsquo;Iran (352), la Russie (294) et la France (259).<\/span><\/span><\/p>\n<p class=\"p1 c4\"><span class=\"c3\"><span class=\"c2\">La pand\u00e9mie a fait au moins 1,182 million de morts dans le monde depuis fin d\u00e9cembre, pour plus de 45,1 millions de contaminations confirm\u00e9es. Les Etats-Unis restent le pays le plus endeuill\u00e9 avec au moins 228.675 morts, devant le Br\u00e9sil (158.969 morts) et l&rsquo;Inde (121.090).<\/span><\/span><\/p>\n<p>Auteur: letemps1<br \/>\n<a href=\"http:\/\/www.letemps.com.tn\/article\/117872\/le-vieux-continent-%C3%A9picentre-de-l%C3%A9pid%C3%A9mie\">Cliquez ici pour lire l&rsquo;article depuis sa source.<\/a><\/p>\n","protected":false},"excerpt":{"rendered":"<p>Les contaminations par le nouveau coronavirus ont poursuivi leur bond en Europe ces sept derniers jours, le Vieux Continent restant l&rsquo;\u00e9picentre de l&rsquo;\u00e9pid\u00e9mie: voici les \u00e9volutions marquantes de la semaine \u00e9coul\u00e9e. Indicateur important, le nombre de cas diagnostiqu\u00e9s ne refl\u00e8te toutefois qu&rsquo;une fraction du nombre r\u00e9el de contaminations et les comparaisons entre pays sont \u00e0 [&hellip;]<\/p>\n","protected":false},"author":1773,"featured_media":0,"comment_status":"closed","ping_status":"closed","sticky":false,"template":"","format":"standard","meta":{"fifu_image_url":"","fifu_image_alt":"","footnotes":""},"categories":[73,55],"tags":[],"class_list":["post-103298","post","type-post","status-publish","format-standard","hentry","category-actualite","category-tunisie"],"_links":{"self":[{"href":"https:\/\/linitiative.ca\/International\/wp-json\/wp\/v2\/posts\/103298","targetHints":{"allow":["GET"]}}],"collection":[{"href":"https:\/\/linitiative.ca\/International\/wp-json\/wp\/v2\/posts"}],"about":[{"href":"https:\/\/linitiative.ca\/International\/wp-json\/wp\/v2\/types\/post"}],"author":[{"embeddable":true,"href":"https:\/\/linitiative.ca\/International\/wp-json\/wp\/v2\/users\/1773"}],"replies":[{"embeddable":true,"href":"https:\/\/linitiative.ca\/International\/wp-json\/wp\/v2\/comments?post=103298"}],"version-history":[{"count":0,"href":"https:\/\/linitiative.ca\/International\/wp-json\/wp\/v2\/posts\/103298\/revisions"}],"wp:attachment":[{"href":"https:\/\/linitiative.ca\/International\/wp-json\/wp\/v2\/media?parent=103298"}],"wp:term":[{"taxonomy":"category","embeddable":true,"href":"https:\/\/linitiative.ca\/International\/wp-json\/wp\/v2\/categories?post=103298"},{"taxonomy":"post_tag","embeddable":true,"href":"https:\/\/linitiative.ca\/International\/wp-json\/wp\/v2\/tags?post=103298"}],"curies":[{"name":"wp","href":"https:\/\/api.w.org\/{rel}","templated":true}]}}