{"id":103315,"date":"2020-10-30T19:39:00","date_gmt":"2020-10-30T23:39:00","guid":{"rendered":"https:\/\/linitiative.ca\/International\/dr-moez-belkhodja-bouali-mbarki-pleure-par-tous-les-patriotes-authentiques\/"},"modified":"2020-10-30T19:39:00","modified_gmt":"2020-10-30T23:39:00","slug":"dr-moez-belkhodja-bouali-mbarki-pleure-par-tous-les-patriotes-authentiques","status":"publish","type":"post","link":"https:\/\/linitiative.ca\/International\/dr-moez-belkhodja-bouali-mbarki-pleure-par-tous-les-patriotes-authentiques\/","title":{"rendered":"Dr Moez Belkhodja : Bouali Mbarki, pleur\u00e9 par tous les patriotes authentiques"},"content":{"rendered":"<p>Il n\u2019avait que 56 ans.\u00a0Mon ami Bouali Mbarki, d\u00e9c\u00e9d\u00e9, charrie derri\u00e8re lui une profonde tristesse.<\/p>\n<p>Dans le choc de l\u2019annonce, j\u2019ai ferm\u00e9 les yeux et, l\u2019espace d\u2019un instant, j\u2019ai vu son sourire, son large sourire qui ne le quittait jamais, m\u00eame dans les p\u00e9riodes les plus dures, et Dieu sait si la vie d\u2019un syndicaliste en contient. Je ne voudrais pas \u00e9num\u00e9rer ici tout ce que cet homme discret a fait, pour l\u2019Union G\u00e9n\u00e9rale Tunisienne du Travail, pour Sidi Bouzid, et surtout pour sa ch\u00e8re Tunisie. Je ne voudrais pas non plus \u00e9voquer ce qu\u2019il a fait sur le plan international pour la d\u00e9fense de la cause arabe. D\u2019autres s\u2019en chargeront, et beaucoup mieux que moi.<\/p>\n<p>Je dirais simplement, pour rendre hommage \u00e0 la m\u00e9moire de ce grand homme, qu\u2019une grande amiti\u00e9 le liait \u00e0 feu B\u00e9ji Ca\u00efd Essebsi. J\u2019ai eu le privil\u00e8ge d\u2019\u00eatre le t\u00e9moin direct de ces rencontres entre l\u2019ancien pr\u00e9sident de la R\u00e9publique et le secr\u00e9taire g\u00e9n\u00e9ral adjoint de l\u2019UGTT, en dehors des normes protocolaires, o\u00f9 l\u2019on se chamaillait, o\u00f9 l\u2019on riait, o\u00f9 ces deux hommes d\u2019exception montraient qu\u2019ils avaient en commun leur amour incommensurable pour la Tunisie et l\u2019int\u00e9r\u00eat sup\u00e9rieur de la nation. Bouali Mbarki a d\u2019ailleurs \u00e9t\u00e9 l\u2019un des premiers \u00e0 encourager B\u00e9ji Ca\u00efd Essebsi \u00e0 se pr\u00e9senter aux \u00e9lections pr\u00e9sidentielles de 2014, et Si B\u00e9ji lui a alors r\u00e9pondu sur le ton enjou\u00e9 qu\u2019on lui conna\u00eet\u00a0: \u00ab\u00a0D\u2019accord, je vais le faire, mais la prochaine fois ce sera \u00e0 toi de te pr\u00e9senter pour les pr\u00e9sidentielles\u00a0! \u00bb. Bouali Mbarki a toujours \u00e9t\u00e9 d\u2019un grand soutien \u00e0 BCE.<\/p>\n<p>Ces deux grands hommes sont partis maintenant, et je ressens un grand vide. Mes pens\u00e9es les plus attrist\u00e9es vont \u00e0 sa famille, \u00e0 son \u00e9pouse et \u00e0 ses trois enfants, mais aussi \u00e0 son autre famille\u00a0: l\u2019UGTT, qui le pleure ce soir, comme le pleurent tous les patriotes authentiques.<\/p>\n<p><strong>Docteur Moez Belkhodja<\/strong><\/p>\n<p>Auteur:<br \/>\n<a href=\"https:\/\/www.leaders.com.tn\/article\/30825-dr-moez-belkhodja-bouali-mbarki-pleure-par-tous-les-patriotes-authentiques\">Cliquez ici pour lire l&rsquo;article depuis sa source.<\/a><\/p>\n","protected":false},"excerpt":{"rendered":"<p>Il n\u2019avait que 56 ans.\u00a0Mon ami Bouali Mbarki, d\u00e9c\u00e9d\u00e9, charrie derri\u00e8re lui une profonde tristesse. Dans le choc de l\u2019annonce, j\u2019ai ferm\u00e9 les yeux et, l\u2019espace d\u2019un instant, j\u2019ai vu son sourire, son large sourire qui ne le quittait jamais, m\u00eame dans les p\u00e9riodes les plus dures, et Dieu sait si la vie d\u2019un syndicaliste [&hellip;]<\/p>\n","protected":false},"author":1772,"featured_media":0,"comment_status":"closed","ping_status":"closed","sticky":false,"template":"","format":"standard","meta":{"fifu_image_url":"","fifu_image_alt":"","footnotes":""},"categories":[73,55],"tags":[],"class_list":["post-103315","post","type-post","status-publish","format-standard","hentry","category-actualite","category-tunisie"],"_links":{"self":[{"href":"https:\/\/linitiative.ca\/International\/wp-json\/wp\/v2\/posts\/103315","targetHints":{"allow":["GET"]}}],"collection":[{"href":"https:\/\/linitiative.ca\/International\/wp-json\/wp\/v2\/posts"}],"about":[{"href":"https:\/\/linitiative.ca\/International\/wp-json\/wp\/v2\/types\/post"}],"author":[{"embeddable":true,"href":"https:\/\/linitiative.ca\/International\/wp-json\/wp\/v2\/users\/1772"}],"replies":[{"embeddable":true,"href":"https:\/\/linitiative.ca\/International\/wp-json\/wp\/v2\/comments?post=103315"}],"version-history":[{"count":0,"href":"https:\/\/linitiative.ca\/International\/wp-json\/wp\/v2\/posts\/103315\/revisions"}],"wp:attachment":[{"href":"https:\/\/linitiative.ca\/International\/wp-json\/wp\/v2\/media?parent=103315"}],"wp:term":[{"taxonomy":"category","embeddable":true,"href":"https:\/\/linitiative.ca\/International\/wp-json\/wp\/v2\/categories?post=103315"},{"taxonomy":"post_tag","embeddable":true,"href":"https:\/\/linitiative.ca\/International\/wp-json\/wp\/v2\/tags?post=103315"}],"curies":[{"name":"wp","href":"https:\/\/api.w.org\/{rel}","templated":true}]}}