{"id":103316,"date":"2020-10-31T03:00:00","date_gmt":"2020-10-31T07:00:00","guid":{"rendered":"https:\/\/linitiative.ca\/International\/ledito-de-taoufik-habaieb-converger\/"},"modified":"2020-10-31T03:00:00","modified_gmt":"2020-10-31T07:00:00","slug":"ledito-de-taoufik-habaieb-converger","status":"publish","type":"post","link":"https:\/\/linitiative.ca\/International\/ledito-de-taoufik-habaieb-converger\/","title":{"rendered":"L&rsquo;\u00e9dito de Taoufik Habaieb: Converger"},"content":{"rendered":"<p><span class=\"c2\"><strong>Pourquoi s\u2019\u00e9tait-il port\u00e9 \u00e0 la pr\u00e9sidence de la R\u00e9publique ? Servir un id\u00e9al suffit-il ?<\/strong><\/span> Conscient de son inexp\u00e9rience dans l\u2019action politique et la gestion des affaires de l\u2019Etat, sans parti qui le porte, sans objectif mesurable \u00e0 atteindre, et sans programme pr\u00e9cis qu\u2019il entend r\u00e9aliser, Ka\u00efs Sa\u00efed ne pouvait \u00eatre que dans l\u2019id\u00e9alisme. Si le spectre politique, en d\u00e9confiture, a \u00e9t\u00e9 incapable de faire \u00e9merger une figure de type classique mais incarnant le renouveau, il a laiss\u00e9 s\u2019installer \u00e0 Carthage un pr\u00e9sident atypique.<\/p>\n<p><span class=\"c2\"><strong>Le bilan de la premi\u00e8re ann\u00e9e Sa\u00efed n\u2019est gu\u00e8re glorieux.<\/strong><\/span> Aucun projet de loi d\u00e9pos\u00e9 \u00e0 l\u2019ARP, alors que c\u2019est par l\u2019initiative partag\u00e9e de la l\u00e9gislation que le pr\u00e9sident de la R\u00e9publique agit le plus. Forte consommation de personnel politique : s\u2019est-il assur\u00e9 du plein soutien d\u2019Ennahdha et de ses alli\u00e9s aupr\u00e8s de Habib Jemli lorsqu\u2019il le lui avait pr\u00e9sent\u00e9 comme candidat \u00e0 la Kasbah ? Gouvernement avort\u00e9. Le choix d\u2019Ely\u00e8s Fakhfakh et la composition de son attelage politique \u00e9taient-ils les meilleurs ? Viables ? On conna\u00eet le r\u00e9sultat.<\/p>\n<p><span class=\"c2\"><strong>Les changements successifs \u00e0 la pr\u00e9sidence du gouvernement n\u2019ont pas \u00e9pargn\u00e9 les minist\u00e8res r\u00e9galiens, bien sensibles.<\/strong><\/span> Nommer pour rapidement d\u00e9gommer, d\u00e9signer pour publiquement humilier, n\u2019est pas un style de chef d\u2019Etat. <span class=\"c2\"><strong><br \/><\/strong><\/span><\/p>\n<p><span class=\"c2\"><strong>Le bras de fer en sourdine avec le chef du gouvernement et le pr\u00e9sident de l\u2019ARP est pr\u00e9judiciable pour tous.<\/strong><\/span> Elu \u00e0 la magistrature supr\u00eame, Ka\u00efs Sa\u00efed ne s\u2019appartient plus. Sa mission premi\u00e8re est de rassembler. Transcender les clivages et unir les Tunisiens rel\u00e8ve de la s\u00e9curit\u00e9 nationale. Encore plus, en ces temps de pand\u00e9mie ravageuse et de crise \u00e9conomique et sociale d\u00e9vastatrice.<\/p>\n<p><span class=\"c2\"><strong>Tout s\u2019acc\u00e9l\u00e8re, redoutablement.<\/strong><\/span> La d\u00e9structuration de l\u2019Etat, la d\u00e9composition du politique et la spirale du discr\u00e9dit risquent de mettre la Tunisie en roue libre. Droit dans le mur.<\/p>\n<p><span class=\"c2\"><strong>Ka\u00efs Sa\u00efed s\u2019illustre en porte-voix du discr\u00e9dit du politique, des partis et des institutions.<\/strong><\/span> Par son style, ses injonctions, et ses prises de position, il revendique l\u2019antisyst\u00e8me. Sans pour autant proposer l\u2019alternative salvatrice. Ses contempteurs s\u2019en indignent. Mais, ses fid\u00e8les \u00e9lecteurs qui l\u2019ont pl\u00e9biscit\u00e9 se retrouvent en lui. En seront-ils d\u00e9senchant\u00e9s ? Pas de sit\u00f4t.<\/p>\n<p><span class=\"c2\"><strong>Il restera lui-m\u00eame.<\/strong><\/span> A la majest\u00e9 du pouvoir, il a pr\u00e9f\u00e9r\u00e9 imposer son caract\u00e8re personnel, ses propres convictions irr\u00e9ductibles. Ceux qui le connaissent de pr\u00e8s savent que rien ne l\u2019obligera \u00e0 changer de style au cours des quatre prochaines ann\u00e9es de son mandat pr\u00e9sidentiel. Et nul n\u2019entamera la confiance de ses \u00e9lecteurs.<\/p>\n<p><span class=\"c2\"><strong>Que faire alors face au blocage qui persiste au sommet de l\u2019Etat ?<\/strong><\/span> Chaque jour de perdu est pr\u00e9judiciable au pays. Affronter ? Contester ? Composer? Mais, de quelle mani\u00e8re et comment \u00e9viter \u00e0 la Tunisie une d\u00e9stabilisation institutionnelle et une contre-r\u00e9volution rampante ?<\/p>\n<p><span class=\"c2\"><strong>Le risque est grand.<\/strong><\/span> Le retranchement derri\u00e8re le respect absolu des attributions constitutionnelles m\u00e8nera \u00e0 la confrontation et fragilisera les fondements de l\u2019Etat. Un laisser-aller encouragera tous les extr\u00e9mistes \u00e0 faire leur deuil de la modernit\u00e9 et de la d\u00e9mocratie. Sans oublier surtout que l\u2019ennemi guette partout : terrorisme, radicalisation, populisme, malversation et pr\u00e9carit\u00e9 sur fond de coronavirus.<\/p>\n<p><span class=\"c4\"><span class=\"c3\"><strong>Une seule issue : converger<\/strong><\/span><\/span><\/p>\n<p><span class=\"c2\"><strong>La responsabilit\u00e9 premi\u00e8re dans le d\u00e9samor\u00e7age de la crise politique revient \u00e0 l\u2019Ugtt bien en cour \u00e0 Carthage.<\/strong><\/span> Aussi, son capital-confiance est-il estim\u00e9 un peu partout. La responsabilit\u00e9 de la centrale syndicale sera historique pour \u0153uvrer \u00e0 la concorde politique, au rassemblement national et au redressement \u00e9conomique. Les partis politiques se doivent de mettre fin \u00e0 leurs querelles st\u00e9riles, destructrices, pour convenir d\u2019une plateforme commune d\u2019un programme de gouvernement.<\/p>\n<p><span class=\"c2\"><strong>Dans sa vari\u00e9t\u00e9, sa richesse et son patriotisme, la soci\u00e9t\u00e9 civile sera d\u2019un apport pr\u00e9cieux.<\/strong><\/span> Porter la voix de la jeunesse en qu\u00eate d\u2019un quotidien moins p\u00e9nible, dans l\u2019espoir d\u2019un avenir meilleur, d\u00e9fendre la modernit\u00e9, et ancrer la solidarit\u00e9 en levier d\u2019entraide et de liant soci\u00e9tal.<\/p>\n<p><span class=\"c2\"><strong>La d\u00e9mocratie est encore fragile, balbutiante.<\/strong><\/span> Laisser la crise politique s\u2019attiser, la mont\u00e9e du populisme s\u2019acc\u00e9l\u00e9rer et les clivages se creuser, c\u2019est baliser la voie \u00e0 la remise en question du plus pr\u00e9cieux des acquis : la d\u00e9mocratie. Jusque-l\u00e0 elle n\u2019a pas encore livr\u00e9 ses dividendes les plus profitables.<\/p>\n<p><span class=\"c2\"><strong>Du syst\u00e8me politique, les Tunisiens attendent beaucoup plus.<\/strong><\/span> S\u00e9curit\u00e9, dignit\u00e9, libert\u00e9s, emploi, revenu, soins, \u00e9ducation et services publics sont l\u00e9gitimes.<\/p>\n<p class=\"c5\"><strong>Taoufik Habaieb<\/strong><\/p>\n<p class=\"c6\"><strong><a href=\"https:\/\/www.leaders.com.tn\/le_mensuel_abonnez_vous\" target=\"_blank\" rel=\"noopener noreferrer\"><img loading=\"lazy\" decoding=\"async\" src=\"\/uploads\/FCK_files\/Bondou(12).jpg\" alt=\"\" width=\"500\" vspace=\"5\" hspace=\"5\" height=\"128\" align=\"middle\"\/><\/a><\/strong><\/p>\n<p>Auteur:<br \/>\n<a href=\"https:\/\/www.leaders.com.tn\/article\/30821-taoufik-habaieb-converger\">Cliquez ici pour lire l&rsquo;article depuis sa source.<\/a><\/p>\n","protected":false},"excerpt":{"rendered":"<p>Pourquoi s\u2019\u00e9tait-il port\u00e9 \u00e0 la pr\u00e9sidence de la R\u00e9publique ? Servir un id\u00e9al suffit-il ? Conscient de son inexp\u00e9rience dans l\u2019action politique et la gestion des affaires de l\u2019Etat, sans parti qui le porte, sans objectif mesurable \u00e0 atteindre, et sans programme pr\u00e9cis qu\u2019il entend r\u00e9aliser, Ka\u00efs Sa\u00efed ne pouvait \u00eatre que dans l\u2019id\u00e9alisme. Si [&hellip;]<\/p>\n","protected":false},"author":1772,"featured_media":103317,"comment_status":"closed","ping_status":"closed","sticky":false,"template":"","format":"standard","meta":{"fifu_image_url":"","fifu_image_alt":"","footnotes":""},"categories":[73,55],"tags":[],"class_list":["post-103316","post","type-post","status-publish","format-standard","has-post-thumbnail","hentry","category-actualite","category-tunisie"],"_links":{"self":[{"href":"https:\/\/linitiative.ca\/International\/wp-json\/wp\/v2\/posts\/103316","targetHints":{"allow":["GET"]}}],"collection":[{"href":"https:\/\/linitiative.ca\/International\/wp-json\/wp\/v2\/posts"}],"about":[{"href":"https:\/\/linitiative.ca\/International\/wp-json\/wp\/v2\/types\/post"}],"author":[{"embeddable":true,"href":"https:\/\/linitiative.ca\/International\/wp-json\/wp\/v2\/users\/1772"}],"replies":[{"embeddable":true,"href":"https:\/\/linitiative.ca\/International\/wp-json\/wp\/v2\/comments?post=103316"}],"version-history":[{"count":0,"href":"https:\/\/linitiative.ca\/International\/wp-json\/wp\/v2\/posts\/103316\/revisions"}],"wp:featuredmedia":[{"embeddable":true,"href":"https:\/\/linitiative.ca\/International\/wp-json\/"}],"wp:attachment":[{"href":"https:\/\/linitiative.ca\/International\/wp-json\/wp\/v2\/media?parent=103316"}],"wp:term":[{"taxonomy":"category","embeddable":true,"href":"https:\/\/linitiative.ca\/International\/wp-json\/wp\/v2\/categories?post=103316"},{"taxonomy":"post_tag","embeddable":true,"href":"https:\/\/linitiative.ca\/International\/wp-json\/wp\/v2\/tags?post=103316"}],"curies":[{"name":"wp","href":"https:\/\/api.w.org\/{rel}","templated":true}]}}