{"id":103323,"date":"2020-10-31T06:00:00","date_gmt":"2020-10-31T10:00:00","guid":{"rendered":"https:\/\/linitiative.ca\/International\/mosquee-dalger-munificence-de-louvrage-mais-ardoise-secrete\/"},"modified":"2020-10-31T06:00:00","modified_gmt":"2020-10-31T10:00:00","slug":"mosquee-dalger-munificence-de-louvrage-mais-ardoise-secrete","status":"publish","type":"post","link":"https:\/\/linitiative.ca\/International\/mosquee-dalger-munificence-de-louvrage-mais-ardoise-secrete\/","title":{"rendered":"Mosqu\u00e9e d\u2019Alger : munificence de l\u2019ouvrage, mais ardoise \u00absecr\u00e8te\u00bb"},"content":{"rendered":"<p class=\"c5\"><strong><span class=\"c4\">E<\/span><\/strong>n attendant la sanctification accord\u00e9e par les principaux fakihs de la oumma musulmane, la nouvelle grande mosqu\u00e9e de la capitale est d\u00e9j\u00e0 class\u00e9e, par plusieurs institutions religieuses, comme la plus impressionnante de toutes, \u00e0 l\u2019exception de celles de La Mecque et M\u00e9dine. Voil\u00e0 donc une notori\u00e9t\u00e9 d\u00fbment \u00e9tablie hors de nos fronti\u00e8res tout en laissant dubitatif l\u2019Alg\u00e9rien qui se pose \u00e0 lui-m\u00eame de subtiles questions ne relevant certainement pas du rayonnement de la foi mais ayant trait \u00e0 son co\u00fbt. Autant dire que depuis quelques ann\u00e9es, bon nombre d\u2019assertions (rumeurs ?) peu ragoutantes furent \u00e0 l\u2019origine de discussions sans qu\u2019aucune d\u2019elles ne connaisse cependant un d\u00e9but de v\u00e9racit\u00e9. Par contre, l\u2019opinion n\u2019a pas, depuis l\u2019an 2007, tari d\u2019anecdotes voire de ridicules jugements visant l\u2019ex-chef de l\u2019\u00c9tat. Le soup\u00e7onnant d\u2019\u00eatre atteint du d\u00e9lire mystique, elle lui reprochait, en riant parfois mais aussi en col\u00e8re souvent, de consacrer aux bonnes \u0153uvres de Dieu un pactole public qui ne lui appartenait pas.\u00a0<br \/>Voil\u00e0 une accusation de bon sens qui n\u2019a pas manqu\u00e9 d\u2019introduire autant de doutes au sujet de son financement. Il est vrai que durant la p\u00e9riode de son magist\u00e8re, l\u2019on ne pouvait affirmer que l\u2019\u00e9quit\u00e9 et le bien-\u00eatre social prosp\u00e9raient. Bien au contraire, chaque jour que Dieu faisait, des cris de d\u00e9tresse montaient vers cette c\u00e9leste puissance. Or, \u00e9tait-il moral de puiser dans la fortune commune au peuple des fonds destin\u00e9s \u00e0 une gigantesque offrande religieuse alors que la grogne des chaumi\u00e8res \u00e9tait perceptible \u00e0 tous moments ? Bien \u00e9videmment, certains diront que l\u2019on m\u00e9lange ou plut\u00f4t que l\u2019on confond tout et le reste. Et que se r\u00e9f\u00e9rer au caract\u00e8re \u00abmoral\u00bb sur ce sujet est inappropri\u00e9 si tant est que l\u2019action de Bouteflika \u00e9tait intrins\u00e8quement morale par son intention. Soit, mais alors qualifions simplement cette ponction financi\u00e8re d\u2019ind\u00e9cente par sa disproportion d\u00e8s lors qu\u2019elle prive une bonne partie de la population du strict n\u00e9cessaire pour survivre en ne substituant qu\u2019un office pour des incantations \u00e0 ces musulmans aux ventres creux !<br \/>\u00c0 travers donc cette immensit\u00e9 architecturale que l\u2019on s\u2019appr\u00eate \u00e0 inaugurer, l\u2019on ne peut, h\u00e9las, s\u2019emp\u00eacher d\u2019y deviner un d\u00e9plorable mim\u00e9tisme avec le suppos\u00e9 \u00abGrand \u0153uvre\u00bb d\u2019un monarque voisin, lequel, \u00e0 son \u00e9poque, n\u2019avait pourtant pas puis\u00e9 directement dans les caisses du royaume, pr\u00e9f\u00e9rant instaurer, d\u2019autorit\u00e9 certes, un imp\u00f4t de la foi dont la m\u00e9thode et l\u2019inspiration rappellent les deniers du culte\u00bb. Comme quoi, dirait le sage, la foi n\u2019a point besoin de la sordide comp\u00e9tition dans le domaine des co\u00fbteuses magnificences alors que des oc\u00e9ans de mis\u00e8re multiplient leurs vagues. Cela serait m\u00eame la n\u00e9gation d\u2019une religion lorsqu\u2019en son nom, l\u2019on pr\u00e9tend gagner les faveurs c\u00e9lestes en accomplissant des pri\u00e8res sous de fabuleux lustres dor\u00e9s pesant des tonnes et dont les prix de chacun d\u2019eux rivalisent avec 40 ann\u00e9es de labeur d\u2019un ouvrier !<br \/>Cela dit, il nous faudra insister \u00e0 propos de la facture. Car, quand bien m\u00eame cette glorification architecturale sera dans le futur notre talisman national, il n\u2019est pas dit qu\u2019elle sera destin\u00e9e \u00e0 sauver collectivement nos \u00e2mes. Par contre, l\u2019on ne peut se payer le luxe d\u2019une omission \u00e0 propos de l\u2019orthodoxie de la proc\u00e9dure. Autrement dit, le gouvernement et le Parlement avaient-ils endoss\u00e9 initialement le projet ou, au contraire, le chef de l\u2019\u00c9tat l\u2019avait-il consid\u00e9r\u00e9 comme un dossier ne relevant que de son pouvoir discr\u00e9tionnaire ? C\u2019est-\u00e0-dire un monopole pr\u00e9sidentiel au-dessus de toutes les contraintes proc\u00e9durales concernant le recours au financement. C\u2019\u00e9tait l\u00e0 des questions qui auraient d\u00fb \u00eatre pos\u00e9es. \u00c0 ce propos, quelques bribes d\u2019informations ont circul\u00e9 et qui situaient son financement \u00e0 des niveaux vertigineux. En un mot, l\u2019on a jongl\u00e9 ici et l\u00e0 entre 1 et 2 milliards de dollars ! Un ordre de grandeur que la technicit\u00e9 de certains hauts fonctionnaires en mesure de convertir ce budget en d\u2019autres possibilit\u00e9s d\u2019investissement imagin\u00e8rent des objectifs profanes. Leur parall\u00e8le \u00e9tait sid\u00e9rant, puisqu\u2019avec une telle somme, l\u2019Alg\u00e9rie \u00e9tait en mesure de r\u00e9aliser, \u00e0 partir de 2011, 8 universit\u00e9s capables de recevoir chacune 50 000 \u00e9tudiants et de surcro\u00eet il \u00e9tait possible de financer la recherche scientifique sur une dur\u00e9e de 20 ann\u00e9es ! L\u2019on peut \u00e0 sati\u00e9t\u00e9 s\u2019amuser \u00e0 affecter autrement cette donation \u00e0 la religion en les transposant dans des projets du bien-\u00eatre terrestre. Une virtualit\u00e9 qui, pourtant, \u00e9tonne par sa proximit\u00e9 avec les pr\u00e9ceptes de la foi bien mieux que tous les minarets taquinant les nuages. Dire les choses ainsi n\u2019est \u00e9videmment ni blessant pour le croyant ni blasph\u00e9matoire \u00e0 l\u2019encontre de la foi. Il n\u2019y a que la tartuferie de la nomenklatura et les bondieuseries cr\u00e9pusculaires de \u00abfakirs\u00bb, que combattent l\u2019immense Arkoun et ses travaux relatifs \u00e0 la foi, pour s\u2019en offusquer.<br \/>Anticiper par cons\u00e9quent sur l\u2019histoire qui s\u2019\u00e9crira avec pour sujet les 12 ann\u00e9es (2007-2019) de son chantier sera un exercice difficile, tant il est vrai que l\u2019opacit\u00e9 du palais avait voulu qu\u2019il en soit ainsi. En effet, jamais Bouteflika n\u2019avait \u00e9t\u00e9 dispos\u00e9 \u00e0 apporter la moindre clarification publique sur les proc\u00e9dures l\u00e9gales, encore moins \u00e0 s\u2019exprimer \u00e0 travers \u00abl\u2019organisme-alibi\u00bb qu\u2019il mit en place.\u00a0<br \/>En effet, une agence a \u00e9t\u00e9 cr\u00e9\u00e9e qui ne s\u2019\u00e9tait manifest\u00e9e que lorsqu\u2019on l\u2019actionnait. C\u2019est-\u00e0-dire\u2026 presque jamais ! \u00c9conome dans le domaine de la communication, elle cultive \u00e0 ce jour une \u00e9trange omerta, comme s\u2019il s\u2019agissait d\u2019un secret d\u2019\u00c9tat.\u00a0<br \/>Une paradoxale discr\u00e9tion qui suppose que la moindre allusion de sa part se transformerait en \u00abr\u00e9v\u00e9lation\u00bb explosive.<br \/>En d\u00e9finitive, il n\u2019est pas excessif de conclure d\u2019une mani\u00e8re lyrico-religieuse que la \u00abfoi\u00bb, dont se revendiquaient les princes qui nous ont gouvern\u00e9s jusqu\u2019\u00e0 2019, n\u2019avait trouv\u00e9 de meilleur rachat \u00e0 leur conscience que de se r\u00e9fugier dans une donation pour laquelle ils ne consacr\u00e8rent pas le moindre dinar de leur richesse personnelle. En fait, ils voulaient acheter une gr\u00e2ce divine mais aussi une r\u00e9putation sociale au supermarch\u00e9 des rites.<br \/><em><strong>B. H.<\/strong><\/em><\/p>\n<p>Auteur:<br \/>\n<a href=\"https:\/\/www.lesoirdalgerie.com\/lettre-de-province\/mosquee-dalger-munificence-de-louvrage-mais-ardoise-secrete-50557\">Cliquez ici pour lire l&rsquo;article depuis sa source.<\/a><\/p>\n","protected":false},"excerpt":{"rendered":"<p>En attendant la sanctification accord\u00e9e par les principaux fakihs de la oumma musulmane, la nouvelle grande mosqu\u00e9e de la capitale est d\u00e9j\u00e0 class\u00e9e, par plusieurs institutions religieuses, comme la plus impressionnante de toutes, \u00e0 l\u2019exception de celles de La Mecque et M\u00e9dine. Voil\u00e0 donc une notori\u00e9t\u00e9 d\u00fbment \u00e9tablie hors de nos fronti\u00e8res tout en laissant [&hellip;]<\/p>\n","protected":false},"author":1741,"featured_media":0,"comment_status":"closed","ping_status":"closed","sticky":false,"template":"","format":"standard","meta":{"fifu_image_url":"","fifu_image_alt":"","footnotes":""},"categories":[73,53],"tags":[],"class_list":["post-103323","post","type-post","status-publish","format-standard","hentry","category-actualite","category-algerie"],"_links":{"self":[{"href":"https:\/\/linitiative.ca\/International\/wp-json\/wp\/v2\/posts\/103323","targetHints":{"allow":["GET"]}}],"collection":[{"href":"https:\/\/linitiative.ca\/International\/wp-json\/wp\/v2\/posts"}],"about":[{"href":"https:\/\/linitiative.ca\/International\/wp-json\/wp\/v2\/types\/post"}],"author":[{"embeddable":true,"href":"https:\/\/linitiative.ca\/International\/wp-json\/wp\/v2\/users\/1741"}],"replies":[{"embeddable":true,"href":"https:\/\/linitiative.ca\/International\/wp-json\/wp\/v2\/comments?post=103323"}],"version-history":[{"count":0,"href":"https:\/\/linitiative.ca\/International\/wp-json\/wp\/v2\/posts\/103323\/revisions"}],"wp:attachment":[{"href":"https:\/\/linitiative.ca\/International\/wp-json\/wp\/v2\/media?parent=103323"}],"wp:term":[{"taxonomy":"category","embeddable":true,"href":"https:\/\/linitiative.ca\/International\/wp-json\/wp\/v2\/categories?post=103323"},{"taxonomy":"post_tag","embeddable":true,"href":"https:\/\/linitiative.ca\/International\/wp-json\/wp\/v2\/tags?post=103323"}],"curies":[{"name":"wp","href":"https:\/\/api.w.org\/{rel}","templated":true}]}}