{"id":103336,"date":"2020-10-31T07:35:30","date_gmt":"2020-10-31T11:35:30","guid":{"rendered":"https:\/\/linitiative.ca\/International\/campagne-electorale-le-discours-du-president-de-la-ceni\/"},"modified":"2020-10-31T07:35:30","modified_gmt":"2020-10-31T11:35:30","slug":"campagne-electorale-le-discours-du-president-de-la-ceni","status":"publish","type":"post","link":"https:\/\/linitiative.ca\/International\/campagne-electorale-le-discours-du-president-de-la-ceni\/","title":{"rendered":"Campagne \u00e9lectorale: le discours du pr\u00e9sident de la CENI"},"content":{"rendered":"<div class=\"td-post-featured-image\"><a href=\"https:\/\/www.sidwaya.info\/wp-content\/uploads\/2020\/10\/NEWTON.jpg\" data-caption=\"\"><img loading=\"lazy\" decoding=\"async\" width=\"640\" height=\"426\" class=\"entry-thumb td-modal-image\" src=\"https:\/\/www.sidwaya.info\/wp-content\/uploads\/2020\/10\/NEWTON.jpg\" srcset=\"https:\/\/www.sidwaya.info\/wp-content\/uploads\/2020\/10\/NEWTON.jpg 640w, https:\/\/www.sidwaya.info\/wp-content\/uploads\/2020\/10\/NEWTON-300x200.jpg 300w, https:\/\/www.sidwaya.info\/wp-content\/uploads\/2020\/10\/NEWTON-631x420.jpg 631w\" sizes=\"auto, (max-width: 640px) 100vw, 640px\" alt=\"\" title=\"NEWTON\"\/><\/a><\/div>\n<p><strong>Burkinab\u00e8 de l\u2019int\u00e9rieur et de l\u2019ext\u00e9rieur<\/strong><\/p>\n<p><strong>Candidates et candidats<\/strong><\/p>\n<p>A partir de 0 heure ce samedi, 31 octobre<sup>,<\/sup> la double campagne, pour l\u2019\u00e9lection du pr\u00e9sident du Faso et l\u2019\u00e9lection des d\u00e9put\u00e9s \u00e0 l\u2019assembl\u00e9e nationale va commencer.<\/p>\n<p>C\u2019est l\u2019avant derri\u00e8re \u00e9tape cruciale dans le processus qui nous conduit inexorablement au 22 novembre, jour des \u00e9lections coupl\u00e9es.<\/p>\n<p>Une \u00e9tape cruciale, que l\u2019on croyait si lointaine et qui est d\u00e9sormais l\u00e0, \u00e0 port\u00e9e de main.<\/p>\n<p>Etape cruciale et nouveau challenge, celui des 13 candidats \u00e0 l\u2019\u00e9lection du pr\u00e9sident du Faso. Comme vous le savez, le Pr\u00e9sident du Faso c\u2019est la cl\u00e9 de voute de nos institutions.<\/p>\n<p>C\u2019est lui qui d\u00e9cide et g\u00e8re nos destin\u00e9s pendant un mandat de cinq ans, selon un projet de soci\u00e9t\u00e9 qu\u2019il nous a expos\u00e9 et nous avons achet\u00e9. A lui donc, pendant les 5 ann\u00e9es \u00e0 venir nous allons remettre les petites parcelles de souverainet\u00e9 que nous d\u00e9tenons chacun. Et c\u2019est en vertu de ces petites parcelles de souverainet\u00e9 que nous d\u00e9tenons chacun que nous constituons le peuple du Burkina Faso\u00a0!<\/p>\n<p>La d\u00e9mocratie c\u2019est un r\u00eave commun du plus grand nombre d\u2019un id\u00e9al de soci\u00e9t\u00e9 o\u00f9 s\u2019exalte ce qu\u2019il y a de meilleur en nous. Cette belle fresque sociale, soci\u00e9tale et id\u00e9ale est celle que le suffrage universel nous permet de peindre en mettant en commun, les pi\u00e8ces du puzzle constitu\u00e9 en autant de souverainet\u00e9, de volont\u00e9s, de d\u00e9sirs qu\u2019il y a de Burkinab\u00e8.<\/p>\n<p>Autant une seule hirondelle ne fait pas le printemps, autant une seule volont\u00e9, ne fait pas le choix du peuple. C\u2019est pourquoi, la d\u00e9mocratie impose que la majorit\u00e9 des citoyens qui pensent pareil, aspirent pareil \u00e0 un moment donn\u00e9 fassent pr\u00e9valoir leur volont\u00e9 et leur choix, dans un assemblage parfait des petits bouts des puzzles de nos volont\u00e9s individuelles, appel\u00e9 volont\u00e9 du peuple. C\u2019est pourquoi c\u2019est une erreur de croire que sa seule voix, ne peut rien changer. Votre seule voix, qui est l\u2019expression d\u2019une volont\u00e9, d\u2019un id\u00e9al si elle rencontre et fait osmose avec des millions de voix, fait la d\u00e9cision et change les choses. On ne peut pas \u00e0 l\u2019avance dire que sa voix, ne peut rien changer. Il est certain cependant, que si des millions de voix, expression d\u2019un m\u00eame id\u00e9al, d\u2019une m\u00eame volont\u00e9 s\u2019abstiennent de s\u2019exprimer, rien ne changera dans le sens qui aurait pu \u00eatre b\u00e9n\u00e9fique \u00e0 la soci\u00e9t\u00e9.<\/p>\n<p>La campagne commence et les 13 candidats \u00e0 la fonction du pr\u00e9sident du Faso auront 21 jours pour vous convaincre d\u2019assembler le puzzle dans tel ou tel sens.<\/p>\n<p>Au m\u00eame moment, les candidats aux postes de d\u00e9put\u00e9 \u00e0 l\u2019assembl\u00e9e nationale, viendront aussi \u00e0 vous. Dans l\u2019ordonnancement de nos institutions d\u00e9mocratiques, les d\u00e9put\u00e9s se sont vos repr\u00e9sentants pour veiller \u00e0 ce que en tout temps et en tout lieu, votre volont\u00e9 et vos int\u00e9r\u00eats, vous le peuple du Burkina Faso, pr\u00e9valent. Vous allez donc, le 22 novembre conc\u00e9der votre souverainet\u00e9 \u00e0 un des 13 candidats \u00e0 la fonction du pr\u00e9sident du Faso et dans la foul\u00e9e, d\u00e9signer les 127 d\u00e9put\u00e9s charg\u00e9 de contr\u00f4ler les actions de ce pr\u00e9sident du Faso et de son gouvernement.<\/p>\n<p><strong>Burkinab\u00e8 de l\u2019int\u00e9rieur et de l\u2019ext\u00e9rieur\u00a0!<\/strong><\/p>\n<p>En tout cela, les 21 jours \u00e0 venir sont tr\u00e8s importants. Vous \u00eates d\u00e9tentrices et d\u00e9tenteurs de la souverainet\u00e9 et du pouvoir. Une souverainet\u00e9 et un pouvoir que les imp\u00e9trants candidats aussi bien \u00e0 la fonction du pr\u00e9sident du Faso qu\u2019\u00e0 la fonction de d\u00e9put\u00e9 \u00e0 l\u2019assembl\u00e9e nationale, veulent que vous leur conc\u00e9diez pour les cinq ann\u00e9es \u00e0 venir. Soyez d\u2019exigeants et d\u2019intransigeants souverains. Car il s\u2019agit de l\u2019avenir de notre bien le plus pr\u00e9cieux\u00a0; le Burkina Faso donc de l\u2019avenir de chacun de nous. Un bien aussi pr\u00e9cieux n\u2019a pas et ne peut avoir de prix.<\/p>\n<p>C\u2019est le sens d\u2019ailleurs de l\u2019article 68 (ter) du code \u00e9lectoral qui interdit les pratiques publicitaires \u00e0 caract\u00e8re politique. Les cadeaux et les lib\u00e9ralit\u00e9s de toute nature \u00ab\u00a0pouvant influencer ou tenter d\u2019influencer votre vote\u00a0\u00bb.<\/p>\n<p>En somme, ne bradez pas l\u2019avenir, votre avenir, notre avenir, pour un tee shirt, du th\u00e9, un sac de riz ou pour des billets de banque.<\/p>\n<p>En souverains exigeants, constituez-vous en \u00ab\u00a0groupes critiques\u00a0\u00bb des messages, des projets et programmes qui vous seront expos\u00e9s. C\u2019est \u00e0 vous de choisir, le 22 novembre prochain, le pr\u00e9sident du Faso et les d\u00e9put\u00e9s \u00e0 l\u2019assembl\u00e9e nationale.<\/p>\n<p>Un adage Bambara dit que pour l\u2019offrande on n\u2019expose pas le f\u00e9tiche \u00ab\u00a0O be djo to boro kono ka son\u00a0\u00bb, mais comme nous sommes en politique, je vous exhorte plut\u00f4t \u00e0 faire v\u00f4tre, la sagesse moaga qui d\u00e9conseille \u00ab\u00a0d\u2019acheter un poisson dans l\u2019eau\u00a0\u00bb \u00ab\u00a0Ned Ka raad Ziif koomen Ye\u00a0\u00bb<\/p>\n<p>Donnez-vous les moyens, tous les moyens pour vous assurer que \u00ab\u00a0le choix que vous allez op\u00e9rer pour notre destin\u00e9e commune dans les cinq ann\u00e9es \u00e0 venir, est le moins mauvais des offres en pr\u00e9sence\u00a0\u00bb\u00a0!<\/p>\n<p><strong>Chers compatriotes\u00a0!<\/strong><\/p>\n<p>A pr\u00e9sent je voudrais m\u2019adressez sp\u00e9cifiquement aux candidats. Ceux qui briquent la fonction du pr\u00e9sident du Faso et ceux qui aspirent \u00e0 \u00eatre d\u00e9put\u00e9s \u00e0 l\u2019assembl\u00e9e nationale.<\/p>\n<p>Je voudrais au nom de la CENI vous adressez mes vives f\u00e9licitations, pour avoir r\u00e9ussi la validation de vos candidatures, d\u2019abord au niveau de la CENI et ensuite devant le Conseil Constitutionnel. Cette \u00e9tape franchie, vous allez aborder, dans quelques heures l\u2019\u00e9tape de la campagne politique.<\/p>\n<p>Permettez-moi de vous rappeler quelques dispositions de la loi, qui encadrent la campagne politique\u00a0:<\/p>\n<p>Article 68, quater du Code \u00e9lectoral\u00a0: interdit \u00ab\u00a0l\u2019utilisation des attributs, biens ou moyens de l\u2019Etat, comme ceux d\u2019une personne morale publique, d\u2019une institution ou d\u2019un organisme public notamment une soci\u00e9t\u00e9, un office, un projet de l\u2019Etat et une institution internationale \u00e0 des fins \u00e9lectoralistes\u00a0\u00bb<\/p>\n<p>Article 71 \u00ab\u00a0il est formellement interdit \u00e0 tout candidat ou militant des partis ou formations politiques d\u2019user de la diffamation, d\u2019injures ou de tout acte de provocation pouvant entacher la moralit\u00e9 et la s\u00e9r\u00e9nit\u00e9 de la campagne \u00e9lectorale\u00a0\u00bb<\/p>\n<p>Sur cette derni\u00e8re disposition plus sp\u00e9cifiquement, nous devons veiller \u00e0 maintenir le climat de s\u00e9r\u00e9nit\u00e9, de concertation et de consensus national qui entoure ce processus depuis son d\u00e9but en juillet 2019.<\/p>\n<p>Il ne s\u2019agit pas de se comparer au pire, mais de reconna\u00eetre et de nous f\u00e9liciter du bon climat dans lequel, ensemble nous sommes en train d\u2019aller \u00e0 ces \u00e9lections g\u00e9n\u00e9rales. Ce bon climat qui nous vaut l\u2019admiration de la communaut\u00e9 internationale, ne doit pas \u00eatre remis en cause, par les vicissitudes de la campagne politique.<\/p>\n<p>Chaque candidat, chaque parti, chaque regroupement d\u2019ind\u00e9pendant doit bannir dans les propos et les comportements, tout ce qui peut porter atteinte \u00e0 notre coh\u00e9sion sociale, \u00e0 notre vivre ensemble. La politique c\u2019est pas la guerre. La politique c\u2019est se mettre au service des autres. Quand on veut se mettre au service des autres, il ne peut pas avoir d\u2019animosit\u00e9, encore moins d\u2019inimiti\u00e9s. La campagne passe, le Burkina Faso demeure.<\/p>\n<p>Je voudrais justement me r\u00e9jouir de la signature sous l\u2019\u00e9gide du pr\u00e9sident du Conseil Sup\u00e9rieur de la Communication \u00ab\u00a0du code de bonne conduite\u00a0\u00bb qui va r\u00e9genter et la campagne et le scrutin.<\/p>\n<p><strong>\u00a0<\/strong><strong>Chers compatriotes\u00a0!<\/strong><\/p>\n<p><strong>\u00a0<\/strong>La CENI que j\u2019ai l\u2019honneur de diriger est pr\u00eate. Les choses n\u2019ont pas toujours \u00e9t\u00e9 faciles, et vous le savez. Par moments, certains sont all\u00e9s jusqu\u2019\u00e0 s\u2019interroger sur la capacit\u00e9 de la CENI \u00e0 respecter la date du 22 novembre. Ce doute l\u00e0, n\u2019a jamais effleur\u00e9 notre esprit. C\u2019est pourquoi, malgr\u00e9 le contexte national difficile avec les m\u00e9faits de l\u2019ins\u00e9curit\u00e9, nous avons vaille que vaille avec vos pri\u00e8res constantes enr\u00f4l\u00e9 dans plus de plus de 94 % des 351 communes de notre pays. Dans plus de 83% des 9299 villages et secteurs de notre pays.<\/p>\n<p>Cette op\u00e9ration n\u2019a pas \u00e9t\u00e9 facile, mais nous rendons gr\u00e2ce au tout puissant, de nous avoir permis de la conduire sans qu\u2019aucune vie humaine n\u2019ait \u00e9t\u00e9 perdue.<\/p>\n<p>Le r\u00e9cent audit international ind\u00e9pendant du fichier \u00e9lectoral et les conclusions auxquelles il est parvenu montrent, \u00e0 souhait, que cette CENI l\u00e0 n\u2019a qu\u2019un seul agenda : offrir les m\u00eames droits et les m\u00eames chances \u00e0 tous ceux qui s\u2019engagent dans la comp\u00e9tition \u00e9lectorale.<\/p>\n<p>Les r\u00e9sultats de l\u2019audit ont montr\u00e9 aussi et c\u2019est important, le caract\u00e8re inclusif de notre fichier \u00e9lectoral. C\u2019est \u00e0 dire que le fichier \u00e9lectoral constitu\u00e9 par la CENI est repr\u00e9sentatif de la population Burkinab\u00e8 dans sa diversit\u00e9 et sa composition Homme\/femme et selon les diff\u00e9rentes cat\u00e9gories d\u2019\u00e2ge. Cependant, les jeunes restent sous repr\u00e9sent\u00e9s dans toutes les r\u00e9gions du pays. Ce qui donne \u00e0 la pyramide du fichier \u00e9lectoral, la forme d\u2019un malade du Kwashiorkor. La base est mince, le ventre est gros et le sommet est effil\u00e9.<\/p>\n<p><strong>Chers Burkinab\u00e8 de l\u2019ext\u00e9rieur\u00a0!<\/strong><\/p>\n<p>Vous allez pour la premi\u00e8re fois participer au choix du pr\u00e9sident du Faso. Nous vous adressons pour cela, une mention sp\u00e9ciale. Dans certains pays, la campagne \u00e9lectorale est rendue difficile, voire m\u00eame impossible \u00e0 cause de la COVID 19. Mais vous pourrez suivre sur nos chaines nationales et le r\u00e9seau Internet pour vous impr\u00e9gner de la campagne et des offres politiques en comp\u00e9tition.<\/p>\n<p><strong>Peuple du Burkina Faso<\/strong><\/p>\n<p>Alors que d\u00e9bute la campagne \u00e9lectorale, je m\u2019en voudrais de ne pas adresser une mention sp\u00e9ciale \u00e0 nos vaillantes forces de d\u00e9fense et de s\u00e9curit\u00e9, les FDS. Je sais ce que vous avez fait, et ce que vous faites. C\u2019est gr\u00e2ce \u00e0 vous, que la CENI a r\u00e9alis\u00e9 ce que j\u2019appellerai, le paradoxe heureux. Alors que le contexte s\u00e9curitaire est particuli\u00e8rement difficile et jamais vu, la CENI a battu un record en termes de nombre d\u2019enr\u00f4l\u00e9s lors d\u2019une r\u00e9vision du fichier \u00e9lectoral. Un record a \u00e9t\u00e9 \u00e9tabli, c\u2019est gr\u00e2ce \u00e0 vous, et nous vous en sommes grandement reconnaissant.<\/p>\n<p>A cet instant de mon propos je voudrais rappeler quelques chiffres importants\u00a0:<\/p>\n<p>Le fichier \u00e9lectoral qui va servir le 22 nombre est arr\u00eat\u00e9 \u00e0 6\u00a0490\u00a0144 \u00e9lecteurs<\/p>\n<p>Les \u00e9lections auront lieu \u00e0 l\u2019int\u00e9rieur comme \u00e0 l\u2019ext\u00e9rieur dans 21\u00a0155 bureaux de vote<\/p>\n<p>Pour l\u2019\u00e9lection du pr\u00e9sident du Faso\u00a0: 13 candidats en lice<\/p>\n<p>Pour l\u2019\u00e9lection des d\u00e9put\u00e9s \u00e0 l\u2019assembl\u00e9e nationale, 96 partis, 5 formations politiques et 25 regroupements d\u2019Ind\u00e9pendants, soit un total de 126 en lice.<\/p>\n<p>Ce qui repr\u00e9sente en nombre de listes\u00a0: 1567<\/p>\n<p>En nombre de candidats\u00a0: 10\u00a0652 repartis comme suit\u00a0:<\/p>\n<ul>\n<li>5626 titulaires et 5326 suppl\u00e9ants. Il faut rappeler qu\u2019il y a seulement 127 si\u00e8ges de d\u00e9put\u00e9s \u00e0 pouvoir.<\/li>\n<\/ul>\n<p><strong>\u00a0<\/strong>Ce nombre exceptionnellement \u00e9lev\u00e9 va jouer sur la taille des bulletins uniques. Pour le Kadiogo, avec les derni\u00e8res d\u00e9cisions du Conseil d\u2019Etat, qui feront date certainement, il y aura plus d\u2019une centaine de partis en comp\u00e9tition. D\u00e9j\u00e0 le bulletin unique \u00e9tait sous format A2, il risque fort bien de s\u2019allonger en journal \u00e0 feuilleter. Nous voudrions \u00e0 ce propos pr\u00e9senter tous nos regrets aux partis politiques de ne pas \u00eatre en mesure de leur fournir les sp\u00e9cimens de bulletin pour ce d\u00e9but de campagne. Toutes nos pr\u00e9cautions pour disponibiliser les bulletins \u00e0 temps se sont av\u00e9r\u00e9es vaines, \u00e0 cause des derni\u00e8res d\u00e9cisions du Conseil d\u2019Etat. Nous avons besoin de quelques jours suppl\u00e9mentaires pour prendre en compte les derni\u00e8res d\u00e9cisions du Conseil d\u2019Etat, en esp\u00e9rant que d\u2019\u00e9ventuels pourvoi en cassation ne viennent pas compliquer plus, pour configurer les bulletins uniques et les mettre \u00e0 la dispositions des partis et des candidats avant la fin de la premi\u00e8re semaine de campagne.<\/p>\n<p><strong>Burkinab\u00e8 de l\u2019int\u00e9rieur et de l\u2019ext\u00e9rieur<\/strong><\/p>\n<p><strong>Chers compatriotes<\/strong><\/p>\n<p><strong>\u00a0<\/strong>Que Dieu dans sa mis\u00e9ricorde infinie couve de sa bienveillante protection, cette campagne \u00e9lectorale. Que rien n\u2019arrive \u00e0 personne. Ni aux candidats, ni aux observateurs, ni \u00e0 nos vaillantes forces de d\u00e9fense et de s\u00e9curit\u00e9. A ce propos justement, le Comit\u00e9 de s\u00e9curisation de la campagne et des \u00e9lections coupl\u00e9es, sous l\u2019autorit\u00e9 du pr\u00e9sident de la CENI, a rencontr\u00e9 les candidats et les partis politiques pour leur exposer le plan de s\u00e9curisation de la campagne qui commence au petit matin de ce 31 octobre.<\/p>\n<p>Dieu b\u00e9nisse et couve de sa protection la campagne \u00e9lectorale qui commence\u00a0!<\/p>\n<p>Dieu b\u00e9nisse le Burkina Faso, notre ch\u00e8re patrie\u00a0!<\/p>\n<p>Bonne campagne \u00e0 tous\u00a0!<\/p>\n<div class=\"td-a-rec td-a-rec-id-content_bottom tdi_31_dda td_block_template_1\"><img loading=\"lazy\" decoding=\"async\" class=\"aligncenter size-full wp-image-27454\" src=\"https:\/\/www.sidwaya.info\/wp-content\/uploads\/2020\/10\/PUB-Bandeau-paiement-mobile-siteweb.jpg\" alt=\"\" width=\"728\" height=\"90\"\/><\/div>\n<p>Auteur: BS. Sidwaya<br \/>\n<a href=\"https:\/\/www.sidwaya.info\/blog\/2020\/10\/31\/campagne-electorale-le-discours-du-president-de-la-ceni\/\">Cliquez ici pour lire l&rsquo;article depuis sa source.<\/a><\/p>\n","protected":false},"excerpt":{"rendered":"<p>Burkinab\u00e8 de l\u2019int\u00e9rieur et de l\u2019ext\u00e9rieur Candidates et candidats A partir de 0 heure ce samedi, 31 octobre, la double campagne, pour l\u2019\u00e9lection du pr\u00e9sident du Faso et l\u2019\u00e9lection des d\u00e9put\u00e9s \u00e0 l\u2019assembl\u00e9e nationale va commencer. C\u2019est l\u2019avant derri\u00e8re \u00e9tape cruciale dans le processus qui nous conduit inexorablement au 22 novembre, jour des \u00e9lections coupl\u00e9es. [&hellip;]<\/p>\n","protected":false},"author":1816,"featured_media":103337,"comment_status":"closed","ping_status":"closed","sticky":false,"template":"","format":"standard","meta":{"fifu_image_url":"","fifu_image_alt":"","footnotes":""},"categories":[73,81],"tags":[],"class_list":["post-103336","post","type-post","status-publish","format-standard","has-post-thumbnail","hentry","category-actualite","category-burkina-faso"],"_links":{"self":[{"href":"https:\/\/linitiative.ca\/International\/wp-json\/wp\/v2\/posts\/103336","targetHints":{"allow":["GET"]}}],"collection":[{"href":"https:\/\/linitiative.ca\/International\/wp-json\/wp\/v2\/posts"}],"about":[{"href":"https:\/\/linitiative.ca\/International\/wp-json\/wp\/v2\/types\/post"}],"author":[{"embeddable":true,"href":"https:\/\/linitiative.ca\/International\/wp-json\/wp\/v2\/users\/1816"}],"replies":[{"embeddable":true,"href":"https:\/\/linitiative.ca\/International\/wp-json\/wp\/v2\/comments?post=103336"}],"version-history":[{"count":0,"href":"https:\/\/linitiative.ca\/International\/wp-json\/wp\/v2\/posts\/103336\/revisions"}],"wp:featuredmedia":[{"embeddable":true,"href":"https:\/\/linitiative.ca\/International\/wp-json\/"}],"wp:attachment":[{"href":"https:\/\/linitiative.ca\/International\/wp-json\/wp\/v2\/media?parent=103336"}],"wp:term":[{"taxonomy":"category","embeddable":true,"href":"https:\/\/linitiative.ca\/International\/wp-json\/wp\/v2\/categories?post=103336"},{"taxonomy":"post_tag","embeddable":true,"href":"https:\/\/linitiative.ca\/International\/wp-json\/wp\/v2\/tags?post=103336"}],"curies":[{"name":"wp","href":"https:\/\/api.w.org\/{rel}","templated":true}]}}