{"id":103353,"date":"2020-11-01T09:37:01","date_gmt":"2020-11-01T14:37:01","guid":{"rendered":"https:\/\/linitiative.ca\/International\/casablanca-19-artistes-exposent-leurs-oeuvres-a-living-4-art-jusquau-13-novembre\/"},"modified":"2020-11-01T09:37:01","modified_gmt":"2020-11-01T14:37:01","slug":"casablanca-19-artistes-exposent-leurs-oeuvres-a-living-4-art-jusquau-13-novembre","status":"publish","type":"post","link":"https:\/\/linitiative.ca\/International\/casablanca-19-artistes-exposent-leurs-oeuvres-a-living-4-art-jusquau-13-novembre\/","title":{"rendered":"Casablanca: 19 artistes exposent leurs \u0153uvres \u00e0 \u00ab Living 4 art\u00a0\u00bb jusqu\u2019au 13 novembre"},"content":{"rendered":"<header>\n<div class=\"entry-post-meta\">\n<div class=\"author-link\">Publi\u00e9 par <a itemprop=\"author\" itemscope=\"\" itemtype=\"https:\/\/schema.org\/Person\" href=\"https:\/\/aujourdhui.ma\/author\/kaid\" rel=\"author\"><span itemprop=\"name\">ALM<\/span><\/a><\/div>\n<p>Date\u00a0:<time content=\"2020-11-01T15:37:01+01:00\" class=\"entry-date updated\" datetime=\"2020-11-01T15:37:01+01:00\">novembre 01, 2020<\/time><\/p>\n<p>59Vues<\/p>\n<\/div>\n<\/header>\n<div class=\"entry-content clearfix\" readability=\"34\">\n<p><iframe loading=\"lazy\" width=\"536\" height=\"323\" src=\"\/\/www.youtube.com\/embed\/DkhhMngP3QQ?\" frameborder=\"0\" allowfullscreen=\"\">[embedded content]<\/iframe><\/p>\n<p><span class=\"c5\"><strong>Cette exposition sous le th\u00e8me de l\u2019\u00e9vasion est un appel d\u2019espoir dans ce contexte difficile que traverse le monde actuellement.<\/strong><\/span><br \/><span class=\"c5\"><strong>D\u00e9couvrez en vid\u00e9o comment 19 artistes ont choisi de montrer la r\u00e9silience de l\u2019art face \u00e0 la crise li\u00e9e \u00e0 la Covid-19.<\/strong><\/span><\/p>\n<\/div>\n<p>Auteur: ALM<br \/>\n<a href=\"https:\/\/aujourdhui.ma\/culture\/casablanca-19-artistes-exposent-leurs-oeuvres-a-living-4-art-jusquau-13-novembre\">Cliquez ici pour lire l&rsquo;article depuis sa source.<\/a><\/p>\n","protected":false},"excerpt":{"rendered":"<p>Publi\u00e9 par ALM Date\u00a0:novembre 01, 2020 59Vues [embedded content] Cette exposition sous le th\u00e8me de l\u2019\u00e9vasion est un appel d\u2019espoir dans ce contexte difficile que traverse le monde actuellement.D\u00e9couvrez en vid\u00e9o comment 19 artistes ont choisi de montrer la r\u00e9silience de l\u2019art face \u00e0 la crise li\u00e9e \u00e0 la Covid-19. Auteur: ALM Cliquez ici pour [&hellip;]<\/p>\n","protected":false},"author":1759,"featured_media":0,"comment_status":"closed","ping_status":"closed","sticky":false,"template":"","format":"standard","meta":{"fifu_image_url":"","fifu_image_alt":"","footnotes":""},"categories":[73,54],"tags":[],"class_list":["post-103353","post","type-post","status-publish","format-standard","hentry","category-actualite","category-maroc"],"_links":{"self":[{"href":"https:\/\/linitiative.ca\/International\/wp-json\/wp\/v2\/posts\/103353","targetHints":{"allow":["GET"]}}],"collection":[{"href":"https:\/\/linitiative.ca\/International\/wp-json\/wp\/v2\/posts"}],"about":[{"href":"https:\/\/linitiative.ca\/International\/wp-json\/wp\/v2\/types\/post"}],"author":[{"embeddable":true,"href":"https:\/\/linitiative.ca\/International\/wp-json\/wp\/v2\/users\/1759"}],"replies":[{"embeddable":true,"href":"https:\/\/linitiative.ca\/International\/wp-json\/wp\/v2\/comments?post=103353"}],"version-history":[{"count":0,"href":"https:\/\/linitiative.ca\/International\/wp-json\/wp\/v2\/posts\/103353\/revisions"}],"wp:attachment":[{"href":"https:\/\/linitiative.ca\/International\/wp-json\/wp\/v2\/media?parent=103353"}],"wp:term":[{"taxonomy":"category","embeddable":true,"href":"https:\/\/linitiative.ca\/International\/wp-json\/wp\/v2\/categories?post=103353"},{"taxonomy":"post_tag","embeddable":true,"href":"https:\/\/linitiative.ca\/International\/wp-json\/wp\/v2\/tags?post=103353"}],"curies":[{"name":"wp","href":"https:\/\/api.w.org\/{rel}","templated":true}]}}