{"id":103358,"date":"2020-11-01T09:14:30","date_gmt":"2020-11-01T14:14:30","guid":{"rendered":"https:\/\/linitiative.ca\/International\/secteur-de-la-sante-le-corps-des-infirmiers-brandit-la-carte-de-la-greve\/"},"modified":"2020-11-01T09:14:30","modified_gmt":"2020-11-01T14:14:30","slug":"secteur-de-la-sante-le-corps-des-infirmiers-brandit-la-carte-de-la-greve","status":"publish","type":"post","link":"https:\/\/linitiative.ca\/International\/secteur-de-la-sante-le-corps-des-infirmiers-brandit-la-carte-de-la-greve\/","title":{"rendered":"Secteur de la Sant\u00e9: le corps des infirmiers brandit la carte de la gr\u00e8ve"},"content":{"rendered":"<p class=\"has-text-color c2\"><strong>Lass\u00e9 des promesses non tenues, le mouvement des infirmiers et techniciens de sant\u00e9 au Maroc\u00a0 (MITSAM)\u00a0 appelle \u00e0 une forte mobilisation et envisage d\u2019observer un sit-in de protestation, samedi 14 novembre \u00e0 Rabat, devant le si\u00e8ge du d\u00e9partement de tutelle.<\/strong><\/p>\n<p>En fait, les infirmiers s\u2019estiment\u00a0 l\u00e9s\u00e9s dans leurs droits l\u00e9gitimes\u00a0 et accusent le minist\u00e8re de la Sant\u00e9 d\u2019avoir gel\u00e9 le dialogue social en tournant le dos \u00e0 leur dossier revendicatif.<\/p>\n<p>D\u2019ailleurs, le communiqu\u00e9 rendu public par le bureau national du MITSAM met en garde le d\u00e9partement de Khalid\u00a0 Ait Taleb contre le fait de\u00a0 vouloir saper les droits des infirmiers qui n\u2019ont m\u00e9nag\u00e9 aucun effort dans la lutte contre la pand\u00e9mie durant la crise sanitaire. Et d\u2019ajouter qu\u2019au moment o\u00f9 les fonctionnaires de plusieurs secteurs ont b\u00e9n\u00e9fici\u00e9 des incitations mat\u00e9rielles et morales en reconnaissance \u00e0 leurs efforts, le minist\u00e8re fuit ses responsabilit\u00e9s, celle de rendre justice au corps des infirmiers.<\/p>\n<p>A en croire la m\u00eame source, environ 1000 infirmiers ont \u00e9t\u00e9 infect\u00e9s par le virus dont plus de 10 d\u00e9c\u00e8s, selon un comptage effectu\u00e9 par l\u2019ensemble des sections du MITSAM.<\/p>\n<p>Contact\u00e9e par Al Bayane,\u00a0 Fatima Zahra Belline, coordinatrice du comit\u00e9 d\u2019information et communication du mouvement a d\u00e9clar\u00e9 que le MITSAM revendique la mise en place d\u2019une indemnisation sur le risque professionnel\u00a0 juste et \u00e9quitable et qui correspond aux efforts d\u00e9ploy\u00e9s par les infirmiers qui se trouvent\u00a0 \u00e0 la pointe du combat de lutte contre la pand\u00e9mie d\u00e9clench\u00e9e par la Covid-19.\u00a0 Aussi, notre interlocutrice\u00a0 indique qu\u2019en d\u00e9pit des conditions de travail qui laissent \u00e0 d\u00e9sirer et l\u2019absence des ressources humaines et logistique n\u00e9cessaires, les infirmiers\u00a0 n\u2019ont pas point l\u00e9sin\u00e9 sur les moyens pour mener \u00e0 bien leur mission\u00a0 tout en faisant preuve d\u2019une abn\u00e9gation et d\u2019un d\u00e9vouement exceptionnel et de bonne foi en suspendant toutes les actions des gr\u00e8ves depuis mars dernier.<\/p>\n<p>Outre l\u2019indemnisation sur le risque professionnel, le mouvement se dit termin\u00e9 \u00e0 d\u00e9fendre avec acharnement son dossier revendicatif, notamment la r\u00e9paration de toutes les victimes du d\u00e9cret 2.17.535 (aides-soignants, infirmiers dipl\u00f4m\u00e9s, les infirmiers laur\u00e9ats du deuxi\u00e8me cycle et master en p\u00e9dagogie des sciences Infirmi\u00e8res) et ce avec un effet r\u00e9troactif. Qui plus est, le mouvement appelle les d\u00e9cideurs du minist\u00e8re \u00e0 l\u2019\u00e9laboration d\u2019un r\u00e9f\u00e9rentiel des comp\u00e9tences en vue de terminer les responsabilit\u00e9s des intervenants dans l\u2019acte m\u00e9dical et l\u2019am\u00e9lioration des conditions de travail, entre autres.<\/p>\n<p>Rappelons au final que des syndicats ont boycott\u00e9 la session du dialogue social ayant eu lieu le 4 ao\u00fbt 2020. Parmi les raisons qui ont pouss\u00e9 les responsables syndicaux \u00e0 prendre une telle d\u00e9cision, consiste \u00e0 ce que le chef de d\u00e9partement de tutelle aurait voulu absorber la col\u00e8re du personnel de la sant\u00e9, en voulant en r\u00e9alit\u00e9 imposer un dialogue dont les outputs ont \u00e9t\u00e9 d\u00e9j\u00e0 fix\u00e9s au pr\u00e9alable.<\/p>\n<p class=\"c3\"><strong>Khalid Darfaf<\/strong><\/p>\n<p>Auteur: M&rsquo;hammed rahal<br \/>\n<a href=\"http:\/\/albayane.press.ma\/secteur-de-la-sante-le-corps-des-infirmiers-brandit-la-carte-de-la-greve.html\">Cliquez ici pour lire l&rsquo;article depuis sa source.<\/a><\/p>\n","protected":false},"excerpt":{"rendered":"<p>Lass\u00e9 des promesses non tenues, le mouvement des infirmiers et techniciens de sant\u00e9 au Maroc\u00a0 (MITSAM)\u00a0 appelle \u00e0 une forte mobilisation et envisage d\u2019observer un sit-in de protestation, samedi 14 novembre \u00e0 Rabat, devant le si\u00e8ge du d\u00e9partement de tutelle. En fait, les infirmiers s\u2019estiment\u00a0 l\u00e9s\u00e9s dans leurs droits l\u00e9gitimes\u00a0 et accusent le minist\u00e8re de [&hellip;]<\/p>\n","protected":false},"author":1760,"featured_media":0,"comment_status":"closed","ping_status":"closed","sticky":false,"template":"","format":"standard","meta":{"fifu_image_url":"","fifu_image_alt":"","footnotes":""},"categories":[73,54],"tags":[],"class_list":["post-103358","post","type-post","status-publish","format-standard","hentry","category-actualite","category-maroc"],"_links":{"self":[{"href":"https:\/\/linitiative.ca\/International\/wp-json\/wp\/v2\/posts\/103358","targetHints":{"allow":["GET"]}}],"collection":[{"href":"https:\/\/linitiative.ca\/International\/wp-json\/wp\/v2\/posts"}],"about":[{"href":"https:\/\/linitiative.ca\/International\/wp-json\/wp\/v2\/types\/post"}],"author":[{"embeddable":true,"href":"https:\/\/linitiative.ca\/International\/wp-json\/wp\/v2\/users\/1760"}],"replies":[{"embeddable":true,"href":"https:\/\/linitiative.ca\/International\/wp-json\/wp\/v2\/comments?post=103358"}],"version-history":[{"count":0,"href":"https:\/\/linitiative.ca\/International\/wp-json\/wp\/v2\/posts\/103358\/revisions"}],"wp:attachment":[{"href":"https:\/\/linitiative.ca\/International\/wp-json\/wp\/v2\/media?parent=103358"}],"wp:term":[{"taxonomy":"category","embeddable":true,"href":"https:\/\/linitiative.ca\/International\/wp-json\/wp\/v2\/categories?post=103358"},{"taxonomy":"post_tag","embeddable":true,"href":"https:\/\/linitiative.ca\/International\/wp-json\/wp\/v2\/tags?post=103358"}],"curies":[{"name":"wp","href":"https:\/\/api.w.org\/{rel}","templated":true}]}}