{"id":103377,"date":"2020-11-01T15:13:36","date_gmt":"2020-11-01T20:13:36","guid":{"rendered":"https:\/\/linitiative.ca\/International\/pros-real-betis-mandi-renoue-avec-la-victoire\/"},"modified":"2020-11-01T15:13:36","modified_gmt":"2020-11-01T20:13:36","slug":"pros-real-betis-mandi-renoue-avec-la-victoire","status":"publish","type":"post","link":"https:\/\/linitiative.ca\/International\/pros-real-betis-mandi-renoue-avec-la-victoire\/","title":{"rendered":"Pros : Real B\u00e9tis: Mandi renoue avec la victoire"},"content":{"rendered":"<div readability=\"32\">\n<p>Auteur : <span>Riad O<\/span> <span class=\"time\">dimanche 01 novembre 2020 19:25<\/span><\/p>\n<\/div>\n<div id=\"post_core\" readability=\"37\">\n<p>Le Real B\u00e9tis d\u2019Aissa Mandi a renou\u00e9 aujourd\u2019hui avec le succ\u00e8s en s\u2019imposant sur le score de trois buts \u00e0 un face \u00e0 Elche \u00e0 l\u2019occasion de la 8\u00e8me journ\u00e9e de la Liga. Le d\u00e9fenseur de l\u2019EN, qui a disput\u00e9 l\u2019int\u00e9gralit\u00e9 de la rencontre, a livr\u00e9 une bonne prestation. Rappelons que le Real B\u00e9tis restait sur une s\u00e9rie de deux d\u00e9faites de suite en Liga face \u00e0 la Real Sociedad (0-3) et l\u2019Atl\u00e9tico Madrid (2-0).<\/p>\n<p><strong>Publi\u00e9 dans :<\/strong> <span>Mandi<\/span><\/p>\n<\/div>\n<p>Auteur:<br \/>\n<a href=\"http:\/\/www.lebuteur.com\/article\/detail?titre=real-betis-mandi-renoue-avec-la-victoire&#038;id=97815&#038;utm_source=feedburner&#038;utm_medium=feed&#038;utm_campaign=Feed%3A+GalerieFArtciles+%28Les+derniers+articles++-+lebuteur.com%29\">Cliquez ici pour lire l&rsquo;article depuis sa source.<\/a><\/p>\n","protected":false},"excerpt":{"rendered":"<p>Auteur : Riad O dimanche 01 novembre 2020 19:25 Le Real B\u00e9tis d\u2019Aissa Mandi a renou\u00e9 aujourd\u2019hui avec le succ\u00e8s en s\u2019imposant sur le score de trois buts \u00e0 un face \u00e0 Elche \u00e0 l\u2019occasion de la 8\u00e8me journ\u00e9e de la Liga. Le d\u00e9fenseur de l\u2019EN, qui a disput\u00e9 l\u2019int\u00e9gralit\u00e9 de la rencontre, a livr\u00e9 [&hellip;]<\/p>\n","protected":false},"author":1738,"featured_media":103378,"comment_status":"closed","ping_status":"closed","sticky":false,"template":"","format":"standard","meta":{"fifu_image_url":"","fifu_image_alt":"","footnotes":""},"categories":[53,75],"tags":[],"class_list":["post-103377","post","type-post","status-publish","format-standard","has-post-thumbnail","hentry","category-algerie","category-sport"],"_links":{"self":[{"href":"https:\/\/linitiative.ca\/International\/wp-json\/wp\/v2\/posts\/103377","targetHints":{"allow":["GET"]}}],"collection":[{"href":"https:\/\/linitiative.ca\/International\/wp-json\/wp\/v2\/posts"}],"about":[{"href":"https:\/\/linitiative.ca\/International\/wp-json\/wp\/v2\/types\/post"}],"author":[{"embeddable":true,"href":"https:\/\/linitiative.ca\/International\/wp-json\/wp\/v2\/users\/1738"}],"replies":[{"embeddable":true,"href":"https:\/\/linitiative.ca\/International\/wp-json\/wp\/v2\/comments?post=103377"}],"version-history":[{"count":0,"href":"https:\/\/linitiative.ca\/International\/wp-json\/wp\/v2\/posts\/103377\/revisions"}],"wp:featuredmedia":[{"embeddable":true,"href":"https:\/\/linitiative.ca\/International\/wp-json\/"}],"wp:attachment":[{"href":"https:\/\/linitiative.ca\/International\/wp-json\/wp\/v2\/media?parent=103377"}],"wp:term":[{"taxonomy":"category","embeddable":true,"href":"https:\/\/linitiative.ca\/International\/wp-json\/wp\/v2\/categories?post=103377"},{"taxonomy":"post_tag","embeddable":true,"href":"https:\/\/linitiative.ca\/International\/wp-json\/wp\/v2\/tags?post=103377"}],"curies":[{"name":"wp","href":"https:\/\/api.w.org\/{rel}","templated":true}]}}