{"id":103387,"date":"2020-11-01T10:32:00","date_gmt":"2020-11-01T15:32:00","guid":{"rendered":"https:\/\/linitiative.ca\/International\/le-president-tebboune-a-vote-par-procuration\/"},"modified":"2020-11-01T10:32:00","modified_gmt":"2020-11-01T15:32:00","slug":"le-president-tebboune-a-vote-par-procuration","status":"publish","type":"post","link":"https:\/\/linitiative.ca\/International\/le-president-tebboune-a-vote-par-procuration\/","title":{"rendered":"Le pr\u00e9sident Tebboune a vot\u00e9 par procuration"},"content":{"rendered":"<p><br id=\"sep_para_1\" class=\"sep_para access\"\/><\/p>\n<div id=\"para_1\" class=\"para_39298778 resize\">\n<div class=\"photo shadow left\"><a href=\"javascript:void(0)\" rel=\"https:\/\/www.reflexiondz.net\/photo\/art\/grande\/51094849-39298778.jpg?v=1604246667&amp;ibox\" title=\"Le pr\u00e9sident Tebboune a vot\u00e9 par procuration\"><img decoding=\"async\" class=\"responsive c9\" src=\"https:\/\/www.reflexiondz.net\/photo\/art\/grande\/51094849-39298778.jpg?v=1604246667\" alt=\"Le pr\u00e9sident Tebboune a vot\u00e9 par procuration\" title=\"Le pr\u00e9sident Tebboune a vot\u00e9 par procuration\"\/><img decoding=\"async\" class=\"not-responsive\" src=\"https:\/\/www.reflexiondz.net\/photo\/art\/default\/51094849-39298778.jpg?v=1604246668\" alt=\"Le pr\u00e9sident Tebboune a vot\u00e9 par procuration\" title=\"Le pr\u00e9sident Tebboune a vot\u00e9 par procuration\"\/><\/a><\/div>\n<div class=\"texte access firstletter\">Le pr\u00e9sident de la R\u00e9publique, Abdelmadjid Tebboune, a accompli dimanche son devoir \u00e9lectoral par procuration \u00e0 l&rsquo;\u00e9cole primaire \u2018\u2019Ahmed Aroua\u2019\u2019 \u00e0 Alger, a indiqu\u00e9 un communiqu\u00e9 de la Pr\u00e9sidence de la R\u00e9publique. \u00ab\u00a0Le Pr\u00e9sident de la R\u00e9publique, Abdelmadjid Tebboune, a accompli dimanche 01 novembre 2020 son devoir \u00e9lectoral par procuration \u00e0 l&rsquo;\u00e9cole primaire \u2018\u2019Ahmed Aroua\u2019\u2019 \u00e0 Alger, conform\u00e9ment \u00e0 la loi. L&rsquo;\u00e9pouse du Pr\u00e9sident Tebboune a vot\u00e9 \u00e0 sa place au r\u00e9f\u00e9rendum sur l&rsquo;amendement constitutionnel, \u00e9tant donn\u00e9 que le Pr\u00e9sident est actuellement dans un h\u00f4pital allemand sp\u00e9cialis\u00e9 o\u00f9 il re\u00e7oit des soins\u00a0\u00bb, pr\u00e9cise le communiqu\u00e9. A noter que le conseiller du pr\u00e9sident de la R\u00e9publique, Abdelhafid Allahoum, s\u2019est exprim\u00e9 ce dimanche 1er novembre, sur l\u2019\u00e9tat de sant\u00e9 du chef de l\u2019Etat, Abdelmadjid Tebboune. Lors de l\u2019accomplissement de son devoir \u00e9lectoral, le conseiller de pr\u00e9sident de la R\u00e9publique, Abdelhafid Allahoum, a affirm\u00e9 que \u00ab le pr\u00e9sident Abdelmadjid Tebboune est en bonne sant\u00e9 \u00bb.<\/div>\n<\/div>\n<p>Auteur: R\u00e9flexion<br \/>\n<a href=\"https:\/\/www.reflexiondz.net\/Le-president-Tebboune-a-vote-par-procuration_a66097.html\">Cliquez ici pour lire l&rsquo;article depuis sa source.<\/a><\/p>\n","protected":false},"excerpt":{"rendered":"<p>Le pr\u00e9sident de la R\u00e9publique, Abdelmadjid Tebboune, a accompli dimanche son devoir \u00e9lectoral par procuration \u00e0 l&rsquo;\u00e9cole primaire \u2018\u2019Ahmed Aroua\u2019\u2019 \u00e0 Alger, a indiqu\u00e9 un communiqu\u00e9 de la Pr\u00e9sidence de la R\u00e9publique. \u00ab\u00a0Le Pr\u00e9sident de la R\u00e9publique, Abdelmadjid Tebboune, a accompli dimanche 01 novembre 2020 son devoir \u00e9lectoral par procuration \u00e0 l&rsquo;\u00e9cole primaire \u2018\u2019Ahmed Aroua\u2019\u2019 [&hellip;]<\/p>\n","protected":false},"author":1740,"featured_media":0,"comment_status":"closed","ping_status":"closed","sticky":false,"template":"","format":"standard","meta":{"fifu_image_url":"","fifu_image_alt":"","footnotes":""},"categories":[53,76],"tags":[],"class_list":["post-103387","post","type-post","status-publish","format-standard","hentry","category-algerie","category-regions"],"_links":{"self":[{"href":"https:\/\/linitiative.ca\/International\/wp-json\/wp\/v2\/posts\/103387","targetHints":{"allow":["GET"]}}],"collection":[{"href":"https:\/\/linitiative.ca\/International\/wp-json\/wp\/v2\/posts"}],"about":[{"href":"https:\/\/linitiative.ca\/International\/wp-json\/wp\/v2\/types\/post"}],"author":[{"embeddable":true,"href":"https:\/\/linitiative.ca\/International\/wp-json\/wp\/v2\/users\/1740"}],"replies":[{"embeddable":true,"href":"https:\/\/linitiative.ca\/International\/wp-json\/wp\/v2\/comments?post=103387"}],"version-history":[{"count":0,"href":"https:\/\/linitiative.ca\/International\/wp-json\/wp\/v2\/posts\/103387\/revisions"}],"wp:attachment":[{"href":"https:\/\/linitiative.ca\/International\/wp-json\/wp\/v2\/media?parent=103387"}],"wp:term":[{"taxonomy":"category","embeddable":true,"href":"https:\/\/linitiative.ca\/International\/wp-json\/wp\/v2\/categories?post=103387"},{"taxonomy":"post_tag","embeddable":true,"href":"https:\/\/linitiative.ca\/International\/wp-json\/wp\/v2\/tags?post=103387"}],"curies":[{"name":"wp","href":"https:\/\/api.w.org\/{rel}","templated":true}]}}