{"id":103388,"date":"2020-11-01T10:32:00","date_gmt":"2020-11-01T15:32:00","guid":{"rendered":"https:\/\/linitiative.ca\/International\/lalgerie-realisera-ses-propres-centrales-electriques\/"},"modified":"2020-11-01T10:32:00","modified_gmt":"2020-11-01T15:32:00","slug":"lalgerie-realisera-ses-propres-centrales-electriques","status":"publish","type":"post","link":"https:\/\/linitiative.ca\/International\/lalgerie-realisera-ses-propres-centrales-electriques\/","title":{"rendered":"L\u2019Alg\u00e9rie r\u00e9alisera ses propres centrales \u00e9lectriques"},"content":{"rendered":"<p><br id=\"sep_para_1\" class=\"sep_para access\"\/><\/p>\n<div id=\"para_1\" class=\"para_39298777 resize\">\n<div class=\"texte access firstletter\">Le Pr\u00e9sident directeur g\u00e9n\u00e9ral du groupe Sonelgaz, Chaher Boulakhras a affirm\u00e9 \u00e0 Blida, que l&rsquo;Alg\u00e9rie proc\u00e8dera d\u00e9sormais \u00e0 la r\u00e9alisation \u00ab progressive \u00bb de centrales \u00e9lectriques, jusque l\u00e0 monopolis\u00e9e par les grandes firmes internationales. Cette initiative constitue un grand pas vers le transfert de technologie. L&rsquo;Alg\u00e9rie assure actuellement la gestion, l&rsquo;exploitation et la maintenance de ces centrales et entend les r\u00e9aliser \u00ab progressivement \u00bb, a indiqu\u00e9 le m\u00eame responsable, rappelant la pose, r\u00e9cemment, des premi\u00e8res pierres de deux projets de r\u00e9alisation de centrales \u00e9lectriques \u00e0 Biskra et El M\u00e9n\u00e9a par la soci\u00e9t\u00e9 alg\u00e9ro-cor\u00e9enne, filiale du groupe Sonelgaz qui d\u00e9tient 51% de son capital. Dans son allocution \u00e0 l&rsquo;occasion de la c\u00e9r\u00e9monie de remise d&rsquo;aides financi\u00e8res \u00e0 l&rsquo;association sportive Ittihad Riadhi Boufarik pour basketteurs en fauteuil roulant, conjointement avec la soci\u00e9t\u00e9 alg\u00e9ro-cor\u00e9enne HyunSon,\u00a0 Chaher Boulakhras a soulign\u00e9 que l&rsquo;Alg\u00e9rie proc\u00e8dera d\u00e9sormais \u00e0 la r\u00e9alisation \u00ab progressive\u00a0 de centrales \u00e9lectriques, jusque l\u00e0 monopolis\u00e9e par les grandes firmes internationales \u00bb. Il a soulign\u00e9, en outre, l&rsquo;importance de cette op\u00e9ration qui constitue un grand pas vers le transfert technologique en vue de r\u00e9habiliter les m\u00e9tiers et sp\u00e9cialit\u00e9s, autrefois monopolis\u00e9es par les grandes firmes internationales. Cette d\u00e9marche s&rsquo;inscrit \u00e9galement dans le cadre de la dynamique d&rsquo;int\u00e9gration mondiale et de r\u00e9adaptation des nouvelles technologies avec la garantie de la s\u00e9curit\u00e9 \u00e9nerg\u00e9tique en Alg\u00e9rie, a-t-il pr\u00e9cis\u00e9 rappelant l&rsquo;intervention, r\u00e9ussie avec brio, effectu\u00e9e par les \u00e9quipes du groupe pour r\u00e9parer une panne en Libye qui avait honor\u00e9 le groupe et l&rsquo;Alg\u00e9rie tout enti\u00e8re. En plus de l&rsquo;impact \u00e9conomique important, cette activit\u00e9 favorisera la cr\u00e9ation de postes d&#8217;emploi et de richesses, a-t-il assur\u00e9. En d\u00e9pit de la propagation de la pand\u00e9mie du nouveau coronavirus, le groupe Sonelgaz a r\u00e9alis\u00e9 cette ann\u00e9e 40 activit\u00e9s, de par celles en cours d\u2019ach\u00e8vement dans plusieurs domaines, et dont l\u2019aboutissement est pr\u00e9vu avant la fin 2020, a indiqu\u00e9 le m\u00eame responsable, rappelant la cr\u00e9ation de 60 activit\u00e9s en 2019.<\/div>\n<\/div>\n<p>Auteur: R\u00e9flexion<br \/>\n<a href=\"https:\/\/www.reflexiondz.net\/L-Algerie-realisera-ses-propres-centrales-electriques_a66096.html\">Cliquez ici pour lire l&rsquo;article depuis sa source.<\/a><\/p>\n","protected":false},"excerpt":{"rendered":"<p>Le Pr\u00e9sident directeur g\u00e9n\u00e9ral du groupe Sonelgaz, Chaher Boulakhras a affirm\u00e9 \u00e0 Blida, que l&rsquo;Alg\u00e9rie proc\u00e8dera d\u00e9sormais \u00e0 la r\u00e9alisation \u00ab progressive \u00bb de centrales \u00e9lectriques, jusque l\u00e0 monopolis\u00e9e par les grandes firmes internationales. Cette initiative constitue un grand pas vers le transfert de technologie. L&rsquo;Alg\u00e9rie assure actuellement la gestion, l&rsquo;exploitation et la maintenance de [&hellip;]<\/p>\n","protected":false},"author":1740,"featured_media":0,"comment_status":"closed","ping_status":"closed","sticky":false,"template":"","format":"standard","meta":{"fifu_image_url":"","fifu_image_alt":"","footnotes":""},"categories":[53,76],"tags":[],"class_list":["post-103388","post","type-post","status-publish","format-standard","hentry","category-algerie","category-regions"],"_links":{"self":[{"href":"https:\/\/linitiative.ca\/International\/wp-json\/wp\/v2\/posts\/103388","targetHints":{"allow":["GET"]}}],"collection":[{"href":"https:\/\/linitiative.ca\/International\/wp-json\/wp\/v2\/posts"}],"about":[{"href":"https:\/\/linitiative.ca\/International\/wp-json\/wp\/v2\/types\/post"}],"author":[{"embeddable":true,"href":"https:\/\/linitiative.ca\/International\/wp-json\/wp\/v2\/users\/1740"}],"replies":[{"embeddable":true,"href":"https:\/\/linitiative.ca\/International\/wp-json\/wp\/v2\/comments?post=103388"}],"version-history":[{"count":0,"href":"https:\/\/linitiative.ca\/International\/wp-json\/wp\/v2\/posts\/103388\/revisions"}],"wp:attachment":[{"href":"https:\/\/linitiative.ca\/International\/wp-json\/wp\/v2\/media?parent=103388"}],"wp:term":[{"taxonomy":"category","embeddable":true,"href":"https:\/\/linitiative.ca\/International\/wp-json\/wp\/v2\/categories?post=103388"},{"taxonomy":"post_tag","embeddable":true,"href":"https:\/\/linitiative.ca\/International\/wp-json\/wp\/v2\/tags?post=103388"}],"curies":[{"name":"wp","href":"https:\/\/api.w.org\/{rel}","templated":true}]}}