{"id":103389,"date":"2020-11-01T10:32:00","date_gmt":"2020-11-01T15:32:00","guid":{"rendered":"https:\/\/linitiative.ca\/International\/66eme-anniversaire-de-la-revolution-levee-des-couleurs-nationales-a-riadh-el-feth\/"},"modified":"2020-11-01T10:32:00","modified_gmt":"2020-11-01T15:32:00","slug":"66eme-anniversaire-de-la-revolution-levee-des-couleurs-nationales-a-riadh-el-feth","status":"publish","type":"post","link":"https:\/\/linitiative.ca\/International\/66eme-anniversaire-de-la-revolution-levee-des-couleurs-nationales-a-riadh-el-feth\/","title":{"rendered":"66EME ANNIVERSAIRE DE LA REVOLUTION  : Lev\u00e9e des couleurs  nationales \u00e0 Riadh El Feth"},"content":{"rendered":"<p><br id=\"sep_para_1\" class=\"sep_para access\"\/><\/p>\n<div id=\"para_1\" class=\"para_39298768 resize\">\n<div class=\"texte access firstletter\">Une c\u00e9r\u00e9monie de lev\u00e9e des couleurs nationales a \u00e9t\u00e9 organis\u00e9e, dimanche \u00e0 Riadh El Feth (Alger), \u00e0 l&rsquo;occasion de la c\u00e9l\u00e9bration du 66e anniversaire du d\u00e9clenchement de la R\u00e9volution du 1er novembre 1954. Ont pris part \u00e0 la c\u00e9r\u00e9monie nombre de membres du Gouvernement, des moudjahidine, des repr\u00e9sentants de la soci\u00e9t\u00e9 civile, des personnalit\u00e9s nationales et des cadres des diff\u00e9rents secteurs. \u00ab\u00a0Les jeunes alg\u00e9riens sont appel\u00e9s \u00e0 participer massivement \u00e0 l&rsquo;\u00e9dification de l&rsquo;Alg\u00e9rie nouvelle r\u00eav\u00e9e par tout un chacun, en suivant les pas de nos a\u00efeux lors de la guerre de lib\u00e9ration nationale pour le recouvrement de la souverainet\u00e9 nationale\u00a0\u00bb, a affirm\u00e9, \u00e0 cette occasion, le ministre de l\u2019industrie, Ferhat A\u00eft Ali Braham, dans une d\u00e9claration \u00e0 la presse en marge de cette c\u00e9r\u00e9monie. Il a appel\u00e9, en outre, les citoyens \u00e0 \u00ab\u00a0participer au r\u00e9f\u00e9rendum populaire sur l&rsquo;amendement constitutionnel pour entamer la mise en \u0153uvre des diff\u00e9rentes r\u00e9formes \u00e0 m\u00eame de r\u00e9aliser le d\u00e9veloppement du pays\u00a0\u00bb. De son c\u00f4t\u00e9, le ministre du Commerce, Kamel Rezig, a rappel\u00e9 l&rsquo;importance \u00ab\u00a0du choix de la date du 1er novembre pour l&rsquo;organisation du r\u00e9f\u00e9rendum sur le projet d&rsquo;amendement constitutionnel. Cette date sera le novembre du changement apr\u00e8s avoir \u00e9t\u00e9 le novembre de la lib\u00e9ration en 1954\u00a0\u00bb, a-t-il dit, exprimant son souhait de voir les grandes r\u00e9formes pour l&rsquo;\u00e9dification de l&rsquo;Alg\u00e9rie nouvelle engag\u00e9es au d\u00e9but de ce mois. Lors de cette c\u00e9r\u00e9monie organis\u00e9e par le minist\u00e8re des Moudjahidine et des Ayants-droit sous le haut patronage du pr\u00e9sident de la R\u00e9publique, un concert musical a \u00e9t\u00e9 anim\u00e9 par nombre de jeunes artistes reprenant des chants patriotiques.<\/div>\n<\/div>\n<p>Auteur: Ismain<br \/>\n<a href=\"https:\/\/www.reflexiondz.net\/66EME-ANNIVERSAIRE-DE-LA-REVOLUTION-Levee-des-couleurs-nationales-a-Riadh-El-Feth_a66094.html\">Cliquez ici pour lire l&rsquo;article depuis sa source.<\/a><\/p>\n","protected":false},"excerpt":{"rendered":"<p>Une c\u00e9r\u00e9monie de lev\u00e9e des couleurs nationales a \u00e9t\u00e9 organis\u00e9e, dimanche \u00e0 Riadh El Feth (Alger), \u00e0 l&rsquo;occasion de la c\u00e9l\u00e9bration du 66e anniversaire du d\u00e9clenchement de la R\u00e9volution du 1er novembre 1954. Ont pris part \u00e0 la c\u00e9r\u00e9monie nombre de membres du Gouvernement, des moudjahidine, des repr\u00e9sentants de la soci\u00e9t\u00e9 civile, des personnalit\u00e9s nationales [&hellip;]<\/p>\n","protected":false},"author":1740,"featured_media":0,"comment_status":"closed","ping_status":"closed","sticky":false,"template":"","format":"standard","meta":{"fifu_image_url":"","fifu_image_alt":"","footnotes":""},"categories":[53,76],"tags":[],"class_list":["post-103389","post","type-post","status-publish","format-standard","hentry","category-algerie","category-regions"],"_links":{"self":[{"href":"https:\/\/linitiative.ca\/International\/wp-json\/wp\/v2\/posts\/103389","targetHints":{"allow":["GET"]}}],"collection":[{"href":"https:\/\/linitiative.ca\/International\/wp-json\/wp\/v2\/posts"}],"about":[{"href":"https:\/\/linitiative.ca\/International\/wp-json\/wp\/v2\/types\/post"}],"author":[{"embeddable":true,"href":"https:\/\/linitiative.ca\/International\/wp-json\/wp\/v2\/users\/1740"}],"replies":[{"embeddable":true,"href":"https:\/\/linitiative.ca\/International\/wp-json\/wp\/v2\/comments?post=103389"}],"version-history":[{"count":0,"href":"https:\/\/linitiative.ca\/International\/wp-json\/wp\/v2\/posts\/103389\/revisions"}],"wp:attachment":[{"href":"https:\/\/linitiative.ca\/International\/wp-json\/wp\/v2\/media?parent=103389"}],"wp:term":[{"taxonomy":"category","embeddable":true,"href":"https:\/\/linitiative.ca\/International\/wp-json\/wp\/v2\/categories?post=103389"},{"taxonomy":"post_tag","embeddable":true,"href":"https:\/\/linitiative.ca\/International\/wp-json\/wp\/v2\/tags?post=103389"}],"curies":[{"name":"wp","href":"https:\/\/api.w.org\/{rel}","templated":true}]}}