{"id":103390,"date":"2020-11-01T10:32:00","date_gmt":"2020-11-01T15:32:00","guid":{"rendered":"https:\/\/linitiative.ca\/International\/revision-constitutionnelle-la-carte-de-vote-netait-plus-obligatoire\/"},"modified":"2020-11-01T10:32:00","modified_gmt":"2020-11-01T15:32:00","slug":"revision-constitutionnelle-la-carte-de-vote-netait-plus-obligatoire","status":"publish","type":"post","link":"https:\/\/linitiative.ca\/International\/revision-constitutionnelle-la-carte-de-vote-netait-plus-obligatoire\/","title":{"rendered":"REVISION CONSTITUTIONNELLE : La carte de vote  n\u2019\u00e9tait plus obligatoire"},"content":{"rendered":"<p><br id=\"sep_para_1\" class=\"sep_para access\"\/><\/p>\n<div id=\"para_1\" class=\"para_39298761 resize\">\n<div class=\"texte access firstletter\">La carte de vote n\u2019\u00e9tait plus obligatoire lors du scrutin d\u2019hier, c\u2019est ce que l\u2019Autorit\u00e9 nationale Ind\u00e9pendante les Elections (Anie) avait rendu public dans un communiqu\u00e9. En effet, l&rsquo;Autorit\u00e9 nationale ind\u00e9pendante des \u00e9lections (ANIE) avait annonc\u00e9 la possibilit\u00e9 pour les \u00e9lecteurs d&rsquo;exercer leur droit \u00e9lectoral au r\u00e9f\u00e9rendum sur le projet d&rsquo;amendement constitutionnel au niveau des bureaux de vote o\u00f9 ils sont inscrits en pr\u00e9sentant leur pi\u00e8ces d&rsquo;identit\u00e9, indique dimanche un communiqu\u00e9 de l&rsquo;ANIE. Les \u00e9lecteurs avaient la possibilit\u00e9 de prendre connaissance des centres o\u00f9 ils sont inscrits via le site \u00e9lectronique de l&rsquo;ANIE: \u00ab\u00a0https:\/\/services.ina-elections.dz\/orientation\u00a0\u00bb. \u00ab\u00a0L&rsquo;ANIE avait inform\u00e9 les \u00e9lecteurs qu&rsquo;ils pouvaient exercer leur droit \u00e9lectoral \u00e0 l&rsquo;occasion du r\u00e9f\u00e9rendum sur l&rsquo;amendement constitutionnel le 1er novembre 2020 \u00e0 travers les bureaux de vote o\u00f9 ils ont inscrits, en pr\u00e9sentant leurs pi\u00e8ces d&rsquo;identit\u00e9 (carte d&rsquo;identit\u00e9 nationale, permis de conduire, passeport), jointes, si possible, de la carte d&rsquo;\u00e9lecteur\u00a0\u00bb, avait not\u00e9 le\u00a0\u00a0 communiqu\u00e9. \u00ab\u00a0Afin de prendre connaissance du centre ou du bureau de vote o\u00f9 l&rsquo;\u00e9lecteur est inscrit, ce dernier peut s&rsquo;assurer qu&rsquo;il est inscrit sur la liste \u00e9lectorale de sa commune via la plateforme \u00e9lectronique de l&rsquo;ANIE sur le lien susmentionn\u00e9\u00a0\u00bb, conclut la source.<\/div>\n<\/div>\n<p>Auteur: Nadine<br \/>\n<a href=\"https:\/\/www.reflexiondz.net\/REVISION-CONSTITUTIONNELLE-La-carte-de-vote-n-etait-plus-obligatoire_a66090.html\">Cliquez ici pour lire l&rsquo;article depuis sa source.<\/a><\/p>\n","protected":false},"excerpt":{"rendered":"<p>La carte de vote n\u2019\u00e9tait plus obligatoire lors du scrutin d\u2019hier, c\u2019est ce que l\u2019Autorit\u00e9 nationale Ind\u00e9pendante les Elections (Anie) avait rendu public dans un communiqu\u00e9. En effet, l&rsquo;Autorit\u00e9 nationale ind\u00e9pendante des \u00e9lections (ANIE) avait annonc\u00e9 la possibilit\u00e9 pour les \u00e9lecteurs d&rsquo;exercer leur droit \u00e9lectoral au r\u00e9f\u00e9rendum sur le projet d&rsquo;amendement constitutionnel au niveau des [&hellip;]<\/p>\n","protected":false},"author":1740,"featured_media":0,"comment_status":"closed","ping_status":"closed","sticky":false,"template":"","format":"standard","meta":{"fifu_image_url":"","fifu_image_alt":"","footnotes":""},"categories":[53,76],"tags":[],"class_list":["post-103390","post","type-post","status-publish","format-standard","hentry","category-algerie","category-regions"],"_links":{"self":[{"href":"https:\/\/linitiative.ca\/International\/wp-json\/wp\/v2\/posts\/103390","targetHints":{"allow":["GET"]}}],"collection":[{"href":"https:\/\/linitiative.ca\/International\/wp-json\/wp\/v2\/posts"}],"about":[{"href":"https:\/\/linitiative.ca\/International\/wp-json\/wp\/v2\/types\/post"}],"author":[{"embeddable":true,"href":"https:\/\/linitiative.ca\/International\/wp-json\/wp\/v2\/users\/1740"}],"replies":[{"embeddable":true,"href":"https:\/\/linitiative.ca\/International\/wp-json\/wp\/v2\/comments?post=103390"}],"version-history":[{"count":0,"href":"https:\/\/linitiative.ca\/International\/wp-json\/wp\/v2\/posts\/103390\/revisions"}],"wp:attachment":[{"href":"https:\/\/linitiative.ca\/International\/wp-json\/wp\/v2\/media?parent=103390"}],"wp:term":[{"taxonomy":"category","embeddable":true,"href":"https:\/\/linitiative.ca\/International\/wp-json\/wp\/v2\/categories?post=103390"},{"taxonomy":"post_tag","embeddable":true,"href":"https:\/\/linitiative.ca\/International\/wp-json\/wp\/v2\/tags?post=103390"}],"curies":[{"name":"wp","href":"https:\/\/api.w.org\/{rel}","templated":true}]}}