{"id":103391,"date":"2020-11-01T10:32:00","date_gmt":"2020-11-01T15:32:00","guid":{"rendered":"https:\/\/linitiative.ca\/International\/presidence-de-la-republique-le-president-recoit-des-messages-de-voeux-de-prompt-retablissement\/"},"modified":"2020-11-01T10:32:00","modified_gmt":"2020-11-01T15:32:00","slug":"presidence-de-la-republique-le-president-recoit-des-messages-de-voeux-de-prompt-retablissement","status":"publish","type":"post","link":"https:\/\/linitiative.ca\/International\/presidence-de-la-republique-le-president-recoit-des-messages-de-voeux-de-prompt-retablissement\/","title":{"rendered":"PRESIDENCE DE LA REPUBLIQUE : Le Pr\u00e9sident re\u00e7oit des messages de v\u0153ux de prompt r\u00e9tablissement"},"content":{"rendered":"<p><br id=\"sep_para_1\" class=\"sep_para access\"\/><\/p>\n<div id=\"para_1\" class=\"para_39298773 resize\">\n<div class=\"texte access firstletter\">Le pr\u00e9sident de la R\u00e9publique, M. Abdelmadjid Tebboune, qui subit actuellement des examens m\u00e9dicaux approfondis dans un grand h\u00f4pital sp\u00e9cialis\u00e9 allemand, a re\u00e7u des messages de v\u0153ux de prompt r\u00e9tablissement de la part de pr\u00e9sidents d&rsquo;Etats fr\u00e8res et amis, a indiqu\u00e9 samedi un communiqu\u00e9 de la Pr\u00e9sidence de la R\u00e9publique. \u00ab\u00a0Le Pr\u00e9sident de la R\u00e9publique, M. Abdelmadjid Tebboune, a re\u00e7u des messages de v\u0153ux de prompt r\u00e9tablissement de la part de chefs d&rsquo;Etats fr\u00e8res et amis, \u00e0 savoir:\u00a0 &#8211; L&rsquo;Emir du Qatar, Cheikh Tamim Ben Hamad Al Thani.\u00a0 &#8211; Le Pr\u00e9sident de la F\u00e9d\u00e9ration de Russie, M. Vladimir Poutine.\u00a0 &#8211; Le Pr\u00e9sident de la R\u00e9publique tunisienne, M. Ka\u00efs Sa\u00efed.\u00a0 &#8211; Le Pr\u00e9sident de la R\u00e9publique arabe sahraouie d\u00e9mocratique, M. Brahim Ghali. &#8211; Le Pr\u00e9sident du Conseil pr\u00e9sidentiel du gouvernement d&rsquo;union nationale libyen (GNA), Fayez Al-Sarraj.\u00a0 &#8211; Le Pr\u00e9sident de la R\u00e9publique portugaise, M. Marcelo Rebelo de Sousa\u00a0\u00bb, pr\u00e9cise le communiqu\u00e9. \u00ab\u00a0Le Pr\u00e9sident Tebboune a \u00e9galement re\u00e7u le m\u00eame message de v\u0153ux de la part du chef du commandement des Etats-Unis pour l&rsquo;Afrique (AFRICOM), le G\u00e9n\u00e9ral Stephen Townsend\u00a0\u00bb, ajoute la m\u00eame source.<\/div>\n<\/div>\n<p>Auteur: Ismain<br \/>\n<a href=\"https:\/\/www.reflexiondz.net\/PRESIDENCE-DE-LA-REPUBLIQUE-Le-President-recoit-des-messages-de-voeux-de-prompt-retablissement_a66095.html\">Cliquez ici pour lire l&rsquo;article depuis sa source.<\/a><\/p>\n","protected":false},"excerpt":{"rendered":"<p>Le pr\u00e9sident de la R\u00e9publique, M. Abdelmadjid Tebboune, qui subit actuellement des examens m\u00e9dicaux approfondis dans un grand h\u00f4pital sp\u00e9cialis\u00e9 allemand, a re\u00e7u des messages de v\u0153ux de prompt r\u00e9tablissement de la part de pr\u00e9sidents d&rsquo;Etats fr\u00e8res et amis, a indiqu\u00e9 samedi un communiqu\u00e9 de la Pr\u00e9sidence de la R\u00e9publique. \u00ab\u00a0Le Pr\u00e9sident de la R\u00e9publique, [&hellip;]<\/p>\n","protected":false},"author":1740,"featured_media":0,"comment_status":"closed","ping_status":"closed","sticky":false,"template":"","format":"standard","meta":{"fifu_image_url":"","fifu_image_alt":"","footnotes":""},"categories":[53,76],"tags":[],"class_list":["post-103391","post","type-post","status-publish","format-standard","hentry","category-algerie","category-regions"],"_links":{"self":[{"href":"https:\/\/linitiative.ca\/International\/wp-json\/wp\/v2\/posts\/103391","targetHints":{"allow":["GET"]}}],"collection":[{"href":"https:\/\/linitiative.ca\/International\/wp-json\/wp\/v2\/posts"}],"about":[{"href":"https:\/\/linitiative.ca\/International\/wp-json\/wp\/v2\/types\/post"}],"author":[{"embeddable":true,"href":"https:\/\/linitiative.ca\/International\/wp-json\/wp\/v2\/users\/1740"}],"replies":[{"embeddable":true,"href":"https:\/\/linitiative.ca\/International\/wp-json\/wp\/v2\/comments?post=103391"}],"version-history":[{"count":0,"href":"https:\/\/linitiative.ca\/International\/wp-json\/wp\/v2\/posts\/103391\/revisions"}],"wp:attachment":[{"href":"https:\/\/linitiative.ca\/International\/wp-json\/wp\/v2\/media?parent=103391"}],"wp:term":[{"taxonomy":"category","embeddable":true,"href":"https:\/\/linitiative.ca\/International\/wp-json\/wp\/v2\/categories?post=103391"},{"taxonomy":"post_tag","embeddable":true,"href":"https:\/\/linitiative.ca\/International\/wp-json\/wp\/v2\/tags?post=103391"}],"curies":[{"name":"wp","href":"https:\/\/api.w.org\/{rel}","templated":true}]}}