{"id":103425,"date":"2020-11-01T14:18:04","date_gmt":"2020-11-01T19:18:04","guid":{"rendered":"https:\/\/linitiative.ca\/International\/senegal-formation-dun-nouveau-gouvernement\/"},"modified":"2020-11-01T14:18:04","modified_gmt":"2020-11-01T19:18:04","slug":"senegal-formation-dun-nouveau-gouvernement","status":"publish","type":"post","link":"https:\/\/linitiative.ca\/International\/senegal-formation-dun-nouveau-gouvernement\/","title":{"rendered":"S\u00e9n\u00e9gal : formation d\u2019un nouveau gouvernement"},"content":{"rendered":"<p>Cinq jours apr\u00e8s la dissolution de son gouvernement, le pr\u00e9sident de la R\u00e9publique Macky Sall a sign\u00e9, ce dimanche 1er novembre, le d\u00e9cret de nomination de 33 ministres et de quatre Secr\u00e9taires d\u2019Etat.Globalement, le chef de l\u2019Etat a renouvel\u00e9 sa confiance \u00e0\u00a0de nombreux ministres de l\u2019ancienne \u00e9quipe. Toutefois, le patron de l\u2019Alliance Pour la R\u00e9publique (APR, parti au pouvoir) a \u00e9ject\u00e9\u00a0Augustin Tine,\u00a0Amadou B\u00e2, Abdou Karim Fofana\u00a0ou encore Oumar Youm.<\/p>\n<p>Mais\u00a0le principal enseignement est l\u2019entr\u00e9e dans le gouvernement d\u2019anciens opposants au r\u00e9gime en place. Il s\u2019agit d\u2019Oumar Sarr et de\u00a0Yankhoba Diattara. Le premier nomm\u00e9 \u00a0\u00e9tait l\u2019un des plus proches collaborateurs du pr\u00e9sident Abdoulaye Wade (2000-2012) et le second est un fid\u00e8le lieutenant d\u2019Idrissa Seck class\u00e9 deuxi\u00e8me lors de l\u2019\u00e9lection pr\u00e9sidentielle de 2019.<\/p>\n<p>Voici la liste du nouveau gouvernement :<\/p>\n<p>Sidiki Kaba, ministre des Forces Arm\u00e9es<\/p>\n<p>Abdoulaye Daouda Diallo, ministre des Finances et du Budget<\/p>\n<p>Malick Sall, Garde des Sceaux, ministre de la Justice<\/p>\n<p>A\u00efssata Tall Sall, ministre des Affaires \u00e9trang\u00e8res et des S\u00e9n\u00e9galais de l\u2019ext\u00e9rieur<\/p>\n<p>Antoine F\u00e9lix Abdoulaye Diome, ministre de l\u2019Int\u00e9rieur<\/p>\n<p>Mansour Faye, ministre des Infrastructures, des Transports terrestres et du D\u00e9senclavement<\/p>\n<p>Amadou Hott, ministre de l\u2019Economie, du Plan et de la Coop\u00e9ration<\/p>\n<p>Mariama Sarr, ministre de la Fonction publique et du Renouveau du service public<\/p>\n<p>Abdoulaye Diouf \u00a0Sarr, ministre de la Sant\u00e9 et de l\u2019Action sociale<\/p>\n<p>Nd\u00e8ye\u00a0Saly Diop Dieng, ministre de la Femme, de la Famille, du Genre et de la Protection des enfants<\/p>\n<p>Oumar Sarr, ministre des Mines et de la G\u00e9ologie<\/p>\n<p>Moussa Bald\u00e9, ministre de l\u2019Agriculture et de l\u2019Equipement rural<\/p>\n<p>Serigne Mbaye Thiam, ministre de l\u2019Eau et de l\u2019Assainissement<\/p>\n<p>Alioune Sarr, ministre du Tourisme et des Transports a\u00e9riens<\/p>\n<p>Oumar Gu\u00e8ye, ministre des Collectivit\u00e9s territoriales, du D\u00e9veloppement et de l\u2019Am\u00e9nagement des territoires, Porte-parole du gouvernement<\/p>\n<p>Mamadou Talla, ministre de l\u2019Education nationale<\/p>\n<p>Cheikh\u00a0Oumar Hann, ministre de l\u2019Enseignement sup\u00e9rieur, de la Recherche et de l\u2019Innovation<\/p>\n<p>Sophie Gladima\u00a0Siby\u00a0, ministre du P\u00e9trole et des Energies<\/p>\n<p>Samba Ndiob\u00e8ne K\u00e2, ministre du D\u00e9veloppement communautaire, de l\u2019Equit\u00e9 sociale et territoriale<\/p>\n<p>Moustapha Diop, ministre du D\u00e9veloppement industriel et des Petites et Moyennes Industries<\/p>\n<p>Alioune Ndoye, ministre des P\u00eaches et de l\u2019Economie maritime<\/p>\n<p>Samba \u00a0Sy, ministre du Travail, du Dialogue social et des Relations avec les Institutions<\/p>\n<p>Abdou Karim Sall, ministre de l\u2019Environnement et du D\u00e9veloppement durable<\/p>\n<p>Matar B\u00e2, ministre des Sports<\/p>\n<p>Abdoulaye Seydou Sow, ministre de l\u2019Urbanisme, du Logement et de l\u2019Hygi\u00e8ne publique<\/p>\n<p>Aminata Assome Diatta, ministre du Commerce,\u00a0des Petites et Moyennes Entreprises<\/p>\n<p>Abdoulaye Diop, ministre de la Culture et de la Communication<\/p>\n<p>Aly Sall\u00e9\u00a0Diop\u00a0, ministre de l\u2019Elevage et des Productions animales<\/p>\n<p>N\u00e9n\u00e9 Fatoumata Tall, ministre de la Jeunesse<\/p>\n<p>Zahra Iyane Thiam,\u00a0ministre de la Microfinance,\u00a0de l\u2019Economie sociale et solidaire<\/p>\n<p>Dame Diop, ministre de l\u2019Emploi, de la Formation professionnelle, de l\u2019Apprentissage et de l\u2019Insertion<\/p>\n<p>Pape Amadou Ndiaye, ministre de l\u2019Artisanat et de la Transformation du secteur informel<\/p>\n<p>Yankhoba Diattara, ministre de l\u2019Economie num\u00e9rique et des T\u00e9l\u00e9communications<\/p>\n<p>Mo\u00efse Di\u00e9gane S\u00e8ne, Secr\u00e9taire d\u2019Etat aupr\u00e8s du ministre des Affaires \u00e9trang\u00e8res et des S\u00e9n\u00e9galais de l\u2019ext\u00e9rieur charg\u00e9\u00a0des S\u00e9n\u00e9galais de l\u2019ext\u00e9rieur<\/p>\n<p>Mamadou Saliou Sow, Secr\u00e9taire d\u2019Etat aupr\u00e8s du Garde des Sceaux, ministre de la Justice charg\u00e9 de la Promotion des Droits humains et de la Bonne gouvernance<\/p>\n<p>Mayacine Camara, Secr\u00e9taire d\u2019Etat aupr\u00e8s du ministre des Infrastructures, des Transports terrestres et du D\u00e9senclavement charg\u00e9 du R\u00e9seau ferroviaire<\/p>\n<p>Victorine Nd\u00e8ye, Secr\u00e9taire d\u2019Etat aupr\u00e8s du ministre de l\u2019Urbanisme, du Logement et de l\u2019Hygi\u00e8ne publique charg\u00e9e du Logement\u00a0<\/p>\n<p>Auteur: APA News<br \/>\n<a href=\"https:\/\/www.journalducameroun.com\/senegal-formation-dun-nouveau-gouvernement\/\">Cliquez ici pour lire l&rsquo;article depuis sa source.<\/a><\/p>\n","protected":false},"excerpt":{"rendered":"<p>Cinq jours apr\u00e8s la dissolution de son gouvernement, le pr\u00e9sident de la R\u00e9publique Macky Sall a sign\u00e9, ce dimanche 1er novembre, le d\u00e9cret de nomination de 33 ministres et de quatre Secr\u00e9taires d\u2019Etat.Globalement, le chef de l\u2019Etat a renouvel\u00e9 sa confiance \u00e0\u00a0de nombreux ministres de l\u2019ancienne \u00e9quipe. Toutefois, le patron de l\u2019Alliance Pour la R\u00e9publique [&hellip;]<\/p>\n","protected":false},"author":1965,"featured_media":0,"comment_status":"closed","ping_status":"closed","sticky":false,"template":"","format":"standard","meta":{"fifu_image_url":"","fifu_image_alt":"","footnotes":""},"categories":[73,82],"tags":[],"class_list":["post-103425","post","type-post","status-publish","format-standard","hentry","category-actualite","category-cameroun"],"_links":{"self":[{"href":"https:\/\/linitiative.ca\/International\/wp-json\/wp\/v2\/posts\/103425","targetHints":{"allow":["GET"]}}],"collection":[{"href":"https:\/\/linitiative.ca\/International\/wp-json\/wp\/v2\/posts"}],"about":[{"href":"https:\/\/linitiative.ca\/International\/wp-json\/wp\/v2\/types\/post"}],"author":[{"embeddable":true,"href":"https:\/\/linitiative.ca\/International\/wp-json\/wp\/v2\/users\/1965"}],"replies":[{"embeddable":true,"href":"https:\/\/linitiative.ca\/International\/wp-json\/wp\/v2\/comments?post=103425"}],"version-history":[{"count":0,"href":"https:\/\/linitiative.ca\/International\/wp-json\/wp\/v2\/posts\/103425\/revisions"}],"wp:attachment":[{"href":"https:\/\/linitiative.ca\/International\/wp-json\/wp\/v2\/media?parent=103425"}],"wp:term":[{"taxonomy":"category","embeddable":true,"href":"https:\/\/linitiative.ca\/International\/wp-json\/wp\/v2\/categories?post=103425"},{"taxonomy":"post_tag","embeddable":true,"href":"https:\/\/linitiative.ca\/International\/wp-json\/wp\/v2\/tags?post=103425"}],"curies":[{"name":"wp","href":"https:\/\/api.w.org\/{rel}","templated":true}]}}