{"id":103427,"date":"2020-11-01T16:18:04","date_gmt":"2020-11-01T21:18:04","guid":{"rendered":"https:\/\/linitiative.ca\/International\/senegal-un-gouvernement-de-combat-et-de-resultats-pour-relever-les-defis-de-lheure\/"},"modified":"2020-11-01T16:18:04","modified_gmt":"2020-11-01T21:18:04","slug":"senegal-un-gouvernement-de-combat-et-de-resultats-pour-relever-les-defis-de-lheure","status":"publish","type":"post","link":"https:\/\/linitiative.ca\/International\/senegal-un-gouvernement-de-combat-et-de-resultats-pour-relever-les-defis-de-lheure\/","title":{"rendered":"S\u00e9n\u00e9gal : un gouvernement \u00abde combat et de r\u00e9sultats\u00bb pour relever les d\u00e9fis de l\u2019heure"},"content":{"rendered":"<div readability=\"32\">\n<p>Publi\u00e9 le 01.11.2020 \u00e0 22h18 par APA News<\/p>\n<\/div>\n<div readability=\"109\">\n<p>L\u2019int\u00e9gration d\u2019anciens opposants dans l\u2019attelage gouvernemental constitue un virage pour le pr\u00e9sident Macky Sall, r\u00e9\u00e9lu en f\u00e9vrier 2019 pour un second mandat de cinq ans.A d\u00e9faut d\u2019un gouvernement d\u2019union nationale, le chef de l\u2019Etat a mis sur pied\u00a0une \u00e9quipe marqu\u00e9e \u00ab\u00a0par l\u2019ouverture politique\u00a0\u00bb,\u00a0explique\u00a0Seydou Gu\u00e8ye,\u00a0le\u00a0porte-parole de la Pr\u00e9sidence de la R\u00e9publique.<\/p>\n<p>En effet, la nomination comme ministres d\u2019Oumar Sarr,\u00a0ex-membre du Parti D\u00e9mocratique S\u00e9n\u00e9galais\u00a0(PDS) d\u2019Abdoulaye Wade\u00a0et de Yankhoba Diattara\u00a0de la formation politique\u00a0Rewmi (Le pays, en langue wolof) s\u2019inscrit, \u00e0 en croire M. Gu\u00e8ye, \u00ab\u00a0dans la dynamique des consensus issus du dialogue national \u00e9largi et inclusif\u00a0\u00bb.<br \/>\u00a0Il s\u2019y ajoute que l\u2019ancien Premier ministre,\u00a0Idrissa Seck,\u00a0est nomm\u00e9 pr\u00e9sident du Conseil Economique Social et Environnemental (CESE) en remplacement d\u2019Aminata Tour\u00e9, l\u2019un des caciques de l\u2019Alliance Pour la R\u00e9publique (APR, parti au pouvoir).<\/p>\n<p>Aux 33 ministres et\u00a04\u00a0Secr\u00e9taires d\u2019Etat, Macky Sall a confi\u00e9 \u00ab\u00a0une mission sp\u00e9ciale d\u2019int\u00e9r\u00eat g\u00e9n\u00e9ral\u00a0\u00bb. Celle-ci se d\u00e9cline sur deux dimensions compl\u00e9mentaires\u00a0: \u00ab\u00a0La premi\u00e8re\u00a0(consiste)\u00a0\u00e0 propulser la relance de l\u2019\u00e9conomie nationale. La seconde\u00a0(est)\u00a0d\u2019assurer une protection plus soutenue de toutes les forces vives de la nation\u00a0\u00bb, souligne Seydou Gu\u00e8ye.\u00a0<\/p>\n<p>En fait, le pr\u00e9sident esp\u00e8re que\u00a0ce\u00a0gouvernement\u00a0puisse imprimer,\u00a0\u00ab\u00a0sur le terrain et au quotidien,\u00a0une dynamique constructive d\u2019innovation, de transformation, de r\u00e9alisation et de changement n\u00e9cessaire \u00e0 l\u2019acc\u00e9l\u00e9ration de l\u2019\u00e9mergence du S\u00e9n\u00e9gal dans la paix, la s\u00e9curit\u00e9,\u00a0la stabilit\u00e9, la prosp\u00e9rit\u00e9,\u00a0l\u2019\u00e9quit\u00e9 sociale et territoriale\u00a0\u00bb dans le contexte de la Covid-19.<\/p>\n<p>Pour l\u2019atteinte de ces objectifs,\u00a0le Coordonnateur de la Communication de la Pr\u00e9sidence de la R\u00e9publique\u00a0signale que le travail des diff\u00e9rents ministres \u00ab\u00a0sera articul\u00e9 aux principes directeurs (que sont)\u00a0l\u2019anticipation, le pragmatisme, la coh\u00e9rence, la r\u00e9silience et la performance\u00a0\u00bb.<\/p>\n<p>Outre la formation du nouveau gouvernement, Macky Sall a sign\u00e9 plusieurs d\u00e9crets.\u00a0Oumar Samba B\u00e2\u00a0est nomm\u00e9\u00a0ministre d\u2019Etat, Secr\u00e9taire G\u00e9n\u00e9ral de la Pr\u00e9sidence de la R\u00e9publique,\u00a0Abdou Latif Coulibaly,\u00a0ministre d\u2019Etat, Secr\u00e9taire G\u00e9n\u00e9ral du gouvernement\u00a0et Seydou Gu\u00e8ye, ministre, Porte-parole et Coordonnateur de la Communication de la Pr\u00e9sidence de la R\u00e9publique.\u00a0<\/p>\n<p>Enfin,\u00a0Mahmoud Saleh devient ministre d\u2019Etat, Directeur de cabinet du pr\u00e9sident de la R\u00e9publique,\u00a0Augustin Tine, ministre d\u2019Etat, Directeur de cabinet politique du pr\u00e9sident de la R\u00e9publique,\u00a0Cheikh Kant\u00e9,\u00a0Envoy\u00e9 sp\u00e9cial\u00a0du pr\u00e9sident de la R\u00e9publique et Abdou Karim Fofana, ministre aupr\u00e8s du pr\u00e9sident de la R\u00e9publique, charg\u00e9 du suivi du Plan S\u00e9n\u00e9gal Emergent (PSE).<\/p>\n<\/div>\n<p>Auteur: APA News<br \/>\n<a href=\"https:\/\/www.journalducameroun.com\/senegal-un-gouvernement-de-combat-et-de-resultats-pour-relever-les-defis-de-lheure\/\">Cliquez ici pour lire l&rsquo;article depuis sa source.<\/a><\/p>\n","protected":false},"excerpt":{"rendered":"<p>Publi\u00e9 le 01.11.2020 \u00e0 22h18 par APA News L\u2019int\u00e9gration d\u2019anciens opposants dans l\u2019attelage gouvernemental constitue un virage pour le pr\u00e9sident Macky Sall, r\u00e9\u00e9lu en f\u00e9vrier 2019 pour un second mandat de cinq ans.A d\u00e9faut d\u2019un gouvernement d\u2019union nationale, le chef de l\u2019Etat a mis sur pied\u00a0une \u00e9quipe marqu\u00e9e \u00ab\u00a0par l\u2019ouverture politique\u00a0\u00bb,\u00a0explique\u00a0Seydou Gu\u00e8ye,\u00a0le\u00a0porte-parole de la Pr\u00e9sidence [&hellip;]<\/p>\n","protected":false},"author":1965,"featured_media":0,"comment_status":"closed","ping_status":"closed","sticky":false,"template":"","format":"standard","meta":{"fifu_image_url":"","fifu_image_alt":"","footnotes":""},"categories":[73,82],"tags":[],"class_list":["post-103427","post","type-post","status-publish","format-standard","hentry","category-actualite","category-cameroun"],"_links":{"self":[{"href":"https:\/\/linitiative.ca\/International\/wp-json\/wp\/v2\/posts\/103427","targetHints":{"allow":["GET"]}}],"collection":[{"href":"https:\/\/linitiative.ca\/International\/wp-json\/wp\/v2\/posts"}],"about":[{"href":"https:\/\/linitiative.ca\/International\/wp-json\/wp\/v2\/types\/post"}],"author":[{"embeddable":true,"href":"https:\/\/linitiative.ca\/International\/wp-json\/wp\/v2\/users\/1965"}],"replies":[{"embeddable":true,"href":"https:\/\/linitiative.ca\/International\/wp-json\/wp\/v2\/comments?post=103427"}],"version-history":[{"count":0,"href":"https:\/\/linitiative.ca\/International\/wp-json\/wp\/v2\/posts\/103427\/revisions"}],"wp:attachment":[{"href":"https:\/\/linitiative.ca\/International\/wp-json\/wp\/v2\/media?parent=103427"}],"wp:term":[{"taxonomy":"category","embeddable":true,"href":"https:\/\/linitiative.ca\/International\/wp-json\/wp\/v2\/categories?post=103427"},{"taxonomy":"post_tag","embeddable":true,"href":"https:\/\/linitiative.ca\/International\/wp-json\/wp\/v2\/tags?post=103427"}],"curies":[{"name":"wp","href":"https:\/\/api.w.org\/{rel}","templated":true}]}}