{"id":103428,"date":"2020-11-01T16:18:07","date_gmt":"2020-11-01T21:18:07","guid":{"rendered":"https:\/\/linitiative.ca\/International\/senegal-idrissa-seck-se-rapproche-de-macky-sall-par-devoir\/"},"modified":"2020-11-01T16:18:07","modified_gmt":"2020-11-01T21:18:07","slug":"senegal-idrissa-seck-se-rapproche-de-macky-sall-par-devoir","status":"publish","type":"post","link":"https:\/\/linitiative.ca\/International\/senegal-idrissa-seck-se-rapproche-de-macky-sall-par-devoir\/","title":{"rendered":"S\u00e9n\u00e9gal : Idrissa Seck se rapproche de Macky Sall par \u00ab devoir \u00bb"},"content":{"rendered":"<div readability=\"32\">\n<p>Publi\u00e9 le 01.11.2020 \u00e0 22h18 par APA News<\/p>\n<\/div>\n<div readability=\"114\">\n<p>L\u2019opposant Idrissa Seck, nouveau pr\u00e9sident du Conseil \u00c9conomique, Social et Environnemental (CESE), justifie sa nomination comme un \u00ab devoir au service de (son) pays \u00bb \u00e9conomiquement touch\u00e9 par la Covid-19.Au terme d\u2019un troublant mutisme, Idrissa Seck, 61 ans, a rencontr\u00e9 ce dimanche la presse, peu apr\u00e8s la publication de la liste des membres du nouveau gouvernement de Macky Sall. Histoire d\u2019expliquer son surprenant rapprochement avec le chef de l\u2019\u00c9tat. Cette union est officialis\u00e9e ce 1er novembre par sa nomination \u00e0 la t\u00eate de l\u2019une des institutions de la R\u00e9publique.<\/p>\n<p>\u00ab J\u2019ai choisi le chemin d\u2019une implication directe et personnelle pour participer aux efforts qui nous incombent \u00e0 tous pour redresser la situation de notre pays \u00bb, a dit le pr\u00e9sident du parti Rewmi (Le pays, en langue wolof), arriv\u00e9 deuxi\u00e8me \u00e0 la derni\u00e8re pr\u00e9sidentielle avec 20,51%.<\/p>\n<p>Cette d\u00e9cision \u00ab difficile \u00bb, l\u2019ancien Premier ministre d\u2019Abdoulaye Wade (2000-2012) dit l\u2019avoir prise \u00e0 la suite d\u2019une \u00ab analyse lucide et sereine du contexte national \u00bb.<\/p>\n<p>Ainsi son silence, qui a un moment inqui\u00e9t\u00e9 l\u2019opinion, est d\u00fb aux \u00ab longs \u00e9changes dans le cadre du dialogue national comme au cours de plusieurs rencontres en t\u00eate-\u00e0-t\u00eate avec le pr\u00e9sident de la R\u00e9publique \u00bb. En tout cas, certains observateurs soutiennent d\u00e9j\u00e0 qu\u2019il n\u2019a jamais \u00e9t\u00e9 en d\u00e9saccord avec Macky Sall.<\/p>\n<p>Pourtant, l\u2019opposant affirmait qu\u2019il n\u2019\u00e9tait pas dispos\u00e9 \u00e0 accepter un poste nominatif. De plus, dans son programme de campagne en 2019, il promettait de supprimer des institutions \u00ab budg\u00e9tivores \u00bb comme le Haut Conseil des Collectivit\u00e9s Territoriales (HCCT) ou le CESE qu\u2019il va dor\u00e9navant diriger.<\/p>\n<p>\u00ab La n\u00e9cessit\u00e9 nous est apparue de r\u00e9pondre \u00e0 l\u2019appel du pr\u00e9sident la R\u00e9publique pour une union de l\u2019ensemble des forces pour faire face aux d\u00e9fis du moment \u00bb, a-t-il invoqu\u00e9.<\/p>\n<p>Toutefois, plusieurs de ses proches n\u2019\u00e9taient pas d\u2019accord avec sa d\u00e9cision de rejoindre Macky Sall. Mais le \u00ab devoir \u00bb patriotique, poussant le soldat \u00e0 combattre pour son pays, lui a fait faire cette volte-face, a-t-il d\u00e9clar\u00e9.<\/p>\n<p>En outre, il est conscient du \u00ab risque \u00bb politique qu\u2019il prend, mais se dit pr\u00eat \u00e0 l\u2019\u00abendurer\u00bb. Par le pass\u00e9, de nombreux analystes ont annonc\u00e9 sa \u00ab mort politique \u00bb apr\u00e8s un rapprochement avec l\u2019ex-pr\u00e9sident Wade alors qu\u2019il \u00e9tait son principal opposant.<\/p>\n<p>\u00ab Face \u00e0 l\u2019ensemble de ces d\u00e9fis, nous avons fait le choix de r\u00e9pondre positivement \u00e0 l\u2019appel du pr\u00e9sident de la R\u00e9publique \u00bb, a argument\u00e9 l\u2019ancien maire de Thi\u00e8s (ouest).<\/p>\n<p>Pour Idrissa Seck, d\u00e9crit comme une b\u00eate politique, \u00ab la classe politique seule ne suffira pas (\u2026) pour redresser le pays \u00bb de la conjoncture difficile impos\u00e9e par la pand\u00e9mie de Covid-19. Au-del\u00e0 du S\u00e9n\u00e9gal, \u00ab les plus grandes \u00e9conomies et nos plus grands partenaires ont souffert de la Covid-19 \u00bb, a-t-il soulign\u00e9, appelant tous les \u00ab tous les fils du pays \u00bb \u00e0 s\u2019unir.<\/p>\n<p>Par ailleurs, le chef de file de Rewmi compte deux de ses proches dans le nouveau gouvernement de Macky Sall dans lequel plusieurs caciques comme Amadou B\u00e2 et Aly Ngouille Ndiaye ont \u00e9t\u00e9 d\u00e9barqu\u00e9s.<\/p>\n<p>Aussit\u00f4t apr\u00e8s sa nomination, certains sp\u00e9cialistes ont \u00e9mis l\u2019hypoth\u00e8se selon laquelle Idrissa Seck peut \u00eatre le potentiel dauphin de Macky Sall en 2024 m\u00eame si ce dernier refuse actuellement de se prononcer sur la question d\u2019un \u00e9ventuel troisi\u00e8me mandat.<\/p>\n<\/div>\n<p>Auteur: APA News<br \/>\n<a href=\"https:\/\/www.journalducameroun.com\/senegal-idrissa-seck-se-rapproche-de-macky-sall-par-devoir\/\">Cliquez ici pour lire l&rsquo;article depuis sa source.<\/a><\/p>\n","protected":false},"excerpt":{"rendered":"<p>Publi\u00e9 le 01.11.2020 \u00e0 22h18 par APA News L\u2019opposant Idrissa Seck, nouveau pr\u00e9sident du Conseil \u00c9conomique, Social et Environnemental (CESE), justifie sa nomination comme un \u00ab devoir au service de (son) pays \u00bb \u00e9conomiquement touch\u00e9 par la Covid-19.Au terme d\u2019un troublant mutisme, Idrissa Seck, 61 ans, a rencontr\u00e9 ce dimanche la presse, peu apr\u00e8s la [&hellip;]<\/p>\n","protected":false},"author":1965,"featured_media":0,"comment_status":"closed","ping_status":"closed","sticky":false,"template":"","format":"standard","meta":{"fifu_image_url":"","fifu_image_alt":"","footnotes":""},"categories":[73,82],"tags":[],"class_list":["post-103428","post","type-post","status-publish","format-standard","hentry","category-actualite","category-cameroun"],"_links":{"self":[{"href":"https:\/\/linitiative.ca\/International\/wp-json\/wp\/v2\/posts\/103428","targetHints":{"allow":["GET"]}}],"collection":[{"href":"https:\/\/linitiative.ca\/International\/wp-json\/wp\/v2\/posts"}],"about":[{"href":"https:\/\/linitiative.ca\/International\/wp-json\/wp\/v2\/types\/post"}],"author":[{"embeddable":true,"href":"https:\/\/linitiative.ca\/International\/wp-json\/wp\/v2\/users\/1965"}],"replies":[{"embeddable":true,"href":"https:\/\/linitiative.ca\/International\/wp-json\/wp\/v2\/comments?post=103428"}],"version-history":[{"count":0,"href":"https:\/\/linitiative.ca\/International\/wp-json\/wp\/v2\/posts\/103428\/revisions"}],"wp:attachment":[{"href":"https:\/\/linitiative.ca\/International\/wp-json\/wp\/v2\/media?parent=103428"}],"wp:term":[{"taxonomy":"category","embeddable":true,"href":"https:\/\/linitiative.ca\/International\/wp-json\/wp\/v2\/categories?post=103428"},{"taxonomy":"post_tag","embeddable":true,"href":"https:\/\/linitiative.ca\/International\/wp-json\/wp\/v2\/tags?post=103428"}],"curies":[{"name":"wp","href":"https:\/\/api.w.org\/{rel}","templated":true}]}}