{"id":103429,"date":"2020-11-01T17:18:03","date_gmt":"2020-11-01T22:18:03","guid":{"rendered":"https:\/\/linitiative.ca\/International\/legypte-proroge-letat-durgence-pour-trois-mois-supplementaires\/"},"modified":"2020-11-01T17:18:03","modified_gmt":"2020-11-01T22:18:03","slug":"legypte-proroge-letat-durgence-pour-trois-mois-supplementaires","status":"publish","type":"post","link":"https:\/\/linitiative.ca\/International\/legypte-proroge-letat-durgence-pour-trois-mois-supplementaires\/","title":{"rendered":"L\u2019Egypte proroge l\u2019\u00e9tat d\u2019urgence pour trois mois suppl\u00e9mentaires"},"content":{"rendered":"<div readability=\"32\">\n<p>Publi\u00e9 le 01.11.2020 \u00e0 23h18 par APA News<\/p>\n<\/div>\n<div readability=\"59\">\n<p>Par Mohamed Fayed \u2014 L\u2019\u00c9gypte a prolong\u00e9 pour trois mois suppl\u00e9mentaires l\u2019\u00e9tat d\u2019urgence dans tout le pays, a annonc\u00e9 dimanche le premier ministre \u00e9gyptien, Moustafa Kemal Madbouli.\u00ab Au vu des circonstances que traverse actuellement l\u2019\u00c9gypte au niveau interne et r\u00e9gional, le Conseil des ministres a d\u00e9cid\u00e9 d\u2019approuver la d\u00e9claration de l\u2019\u00e9tat d\u2019urgence dans tout le pays, pour une p\u00e9riode de trois mois, \u00e0 partir du lundi 26 octobre 2020 \u00bb, a-t-il dit dans son intervention devant le parlement \u00e9gyptien.<\/p>\n<p>Il a soulign\u00e9 que le gouvernement renouvelle son engagement de ne pas utiliser les mesures exceptionnelles, sauf dans la mesure o\u00f9 cela garantit un \u00e9quilibre entre la protection des libert\u00e9s publiques et les exigences de la s\u00e9curit\u00e9 nationale.<\/p>\n<p>Depuis la destitution par l\u2019arm\u00e9e du pr\u00e9sident islamiste Mohamed Morsi en 2013, les autorit\u00e9s \u00e9gyptiennes affrontent plusieurs groupes extr\u00e9mistes violents, en particulier dans la p\u00e9ninsule du Sina\u00ef (nord-est), o\u00f9 l\u2019EI s\u00e9vit depuis plusieurs ann\u00e9es.<\/p>\n<p>L\u2019arm\u00e9e et la police \u00e9gyptiennes ont lanc\u00e9 en f\u00e9vrier 2018 une vaste op\u00e9ration \u00ab antiterroriste \u00bb dans la r\u00e9gion, mais aussi dans certaines parties du d\u00e9sert occidental, entre la vall\u00e9e du Nil et la fronti\u00e8re avec la Libye.<\/p>\n<\/div>\n<p>Auteur: APA News<br \/>\n<a href=\"https:\/\/www.journalducameroun.com\/legypte-proroge-letat-durgence-pour-trois-mois-supplementaires\/\">Cliquez ici pour lire l&rsquo;article depuis sa source.<\/a><\/p>\n","protected":false},"excerpt":{"rendered":"<p>Publi\u00e9 le 01.11.2020 \u00e0 23h18 par APA News Par Mohamed Fayed \u2014 L\u2019\u00c9gypte a prolong\u00e9 pour trois mois suppl\u00e9mentaires l\u2019\u00e9tat d\u2019urgence dans tout le pays, a annonc\u00e9 dimanche le premier ministre \u00e9gyptien, Moustafa Kemal Madbouli.\u00ab Au vu des circonstances que traverse actuellement l\u2019\u00c9gypte au niveau interne et r\u00e9gional, le Conseil des ministres a d\u00e9cid\u00e9 d\u2019approuver [&hellip;]<\/p>\n","protected":false},"author":1965,"featured_media":0,"comment_status":"closed","ping_status":"closed","sticky":false,"template":"","format":"standard","meta":{"fifu_image_url":"","fifu_image_alt":"","footnotes":""},"categories":[73,82],"tags":[],"class_list":["post-103429","post","type-post","status-publish","format-standard","hentry","category-actualite","category-cameroun"],"_links":{"self":[{"href":"https:\/\/linitiative.ca\/International\/wp-json\/wp\/v2\/posts\/103429","targetHints":{"allow":["GET"]}}],"collection":[{"href":"https:\/\/linitiative.ca\/International\/wp-json\/wp\/v2\/posts"}],"about":[{"href":"https:\/\/linitiative.ca\/International\/wp-json\/wp\/v2\/types\/post"}],"author":[{"embeddable":true,"href":"https:\/\/linitiative.ca\/International\/wp-json\/wp\/v2\/users\/1965"}],"replies":[{"embeddable":true,"href":"https:\/\/linitiative.ca\/International\/wp-json\/wp\/v2\/comments?post=103429"}],"version-history":[{"count":0,"href":"https:\/\/linitiative.ca\/International\/wp-json\/wp\/v2\/posts\/103429\/revisions"}],"wp:attachment":[{"href":"https:\/\/linitiative.ca\/International\/wp-json\/wp\/v2\/media?parent=103429"}],"wp:term":[{"taxonomy":"category","embeddable":true,"href":"https:\/\/linitiative.ca\/International\/wp-json\/wp\/v2\/categories?post=103429"},{"taxonomy":"post_tag","embeddable":true,"href":"https:\/\/linitiative.ca\/International\/wp-json\/wp\/v2\/tags?post=103429"}],"curies":[{"name":"wp","href":"https:\/\/api.w.org\/{rel}","templated":true}]}}