{"id":103447,"date":"2020-11-02T05:22:21","date_gmt":"2020-11-02T10:22:21","guid":{"rendered":"https:\/\/linitiative.ca\/International\/on-confine-en-europe-on-chome-a-tunis\/"},"modified":"2020-11-02T05:22:21","modified_gmt":"2020-11-02T10:22:21","slug":"on-confine-en-europe-on-chome-a-tunis","status":"publish","type":"post","link":"https:\/\/linitiative.ca\/International\/on-confine-en-europe-on-chome-a-tunis\/","title":{"rendered":"On confine en Europe, on ch\u00f4me \u00e0 Tunis !"},"content":{"rendered":"<div class=\"td-post-content\">\n<h2>Samedi soir, Le Premier Ministre Britannique Boris Johnson a annonc\u00e9 un confinement pour un<\/h2>\n<h2>mois, \u00e0 partir de jeudi prochain et jusqu\u2019au 2 d\u00e9cembre 2020. Et ce, afin de stopper la<\/h2>\n<h2>propagation du coronavirus dans le pays.<\/h2>\n<p>En Europe, la France a d\u00e9j\u00e0 pris une d\u00e9cision pareille au cours de la semaine, \u00e0 partir du 30 octobre jusqu\u2019au d\u00e9but d\u00e9cembre. D\u2019autres pays ont pris une d\u00e9marche plus souple. L\u2019Allemagne o\u00f9 les restaurants, les bars, installations sportives, culturelles et de loisir, comme les cin\u00e9mas, les salles de concert et les th\u00e9\u00e2tres devraient fermer pour un mois \u00e0 partir d\u2019aujourd\u2019hui. Les h\u00f4tels pourraient ne plus accueillir de clients pour des s\u00e9jours \u00e0 vocation touristique.<\/p>\n<p>Idem pour l\u2019Italie qui a d\u00e9cid\u00e9 de fermer les restaurants et les bars \u00e0 partir de 18 heures, et tous les th\u00e9\u00e2tres, cin\u00e9mas et salles de sport pendant un mois.<\/p>\n<p>L\u2019Espagne a impos\u00e9 un nouvel \u00e9tat d\u2019urgence ainsi que un couvre-feu nocturne et la col\u00e8re est mont\u00e9e parmi la population, notamment celle catalane.<\/p>\n<h2>Une am\u00e9lioration de la balance commerciale\u2026<\/h2>\n<p>Ces d\u00e9cisions ont un impact direct sur la Tunisie. Le pays a une \u00e9conomie essentiellement off-shore. Il survit gr\u00e2ce \u00e0 ces\u00a0<a href=\"http:\/\/www.leconomistemaghrebin.com\/2020\/10\/22\/net-repli-des-echanges-commerciaux-de-la-tunisie-aux-prix-constants\/\" target=\"_blank\" rel=\"noopener noreferrer\">exportations vers l\u2019Union Europ\u00e9enne<\/a>, essentiellement ces pays (hors Royaume-Uni) qui p\u00e8sent 85% de nos exportations vers notre premier partenaire commercial.<\/p>\n<p>Le premier confinement nous a appris que tout arr\u00eat \u00e9conomique chez-eux se transforme en une am\u00e9lioration de notre balance commerciale mais une aggravation du ch\u00f4mage et une d\u00e9croissance \u00e9conomique.<\/p>\n<p>Sur la p\u00e9riode avril \u2013 juin 2020, et par rapport \u00e0 la m\u00eame p\u00e9riode en 2019, nous avons perdu 2 181 MTND d\u2019exportations (l\u2019\u00e9quivalent de 5% de nos exportations totales en 2019). En rythme annuel, c\u2019est un recul de 30,5% (prix courants). Pourtant, au niveau des \u00e9quilibres g\u00e9n\u00e9raux, la balance s\u2019est nettement am\u00e9lior\u00e9e.<\/p>\n<p>L\u2019exc\u00e9dent commercial avec ce groupe de pays est pass\u00e9 de 106 MTND durant le premier trimestre en 2019 \u00e0 1 387 MTND en 2020. Le rapport exportations\/importations vers ces pays a progress\u00e9 \u00e0 1,38x.<\/p>\n<h2>\u2026 mais en trompe-l\u2019\u0153il<\/h2>\n<p>A premi\u00e8re vue, c\u2019est une bonne affaire, mais c\u2019est loin d\u2019\u00eatre r\u00e9ellement le cas. D\u2019abord, une grande partie de nos importations ne sont autres que des mati\u00e8res premi\u00e8res ou des produits semi-finis que nous utilisons dans la fabrication de produits qui seront ult\u00e9rieurement export\u00e9s.<\/p>\n<p>Si nous avons gagn\u00e9 en sorties de devises, le prix social \u00e9tait cher. Les industries exportatrices emploient \u00e9norm\u00e9ment de main-d\u2019\u0153uvre. Selon les chiffres de\u00a0<a href=\"http:\/\/www.ins.tn\/\" target=\"_blank\" rel=\"noopener noreferrer\">l\u2019INS<\/a>, le second trimestre a enregistr\u00e9 la perte de 51\u00a0900 personnes de leurs emplois dans les industries manufacturi\u00e8res, dont 24\u00a0100 dans les Industries M\u00e9caniques et Electriques (IME) et 6\u00a0200 dans le Textile, Habillement et Chaussures.<\/p>\n<p>De plus, en termes de croissance, la chute des exportations a conduit \u00e0 une perte de 42% de la valeur ajout\u00e9e du textile, habillement et chaussures et de 35,9% dans les Industries M\u00e9caniques et Electriques.<\/p>\n<p>Ces deux activit\u00e9s sont vitales pour le pays. Les IME sont la colonne vert\u00e9brale des industries manufacturi\u00e8res. En 2019, sa valeur ajout\u00e9e s\u2019est \u00e9tablie \u00e0 5\u00a0933 MTND, soit 35,3% de celle du secteur et 5,2% du PB.<\/p>\n<p>Ses exportations ont atteint un record de 20 427 MTND en 2019, soit 46,5% de toutes les ventes libell\u00e9es en devises de l\u2019\u00e9conomie tunisienne. Pour le secteur du Textile, Habillement et Chaussures, la valeur ajout\u00e9e a atteint 2\u00a0878 MTND gr\u00e2ce \u00e0 des exportations de 9\u00a0353 MTND.<\/p>\n<h2>Une tr\u00e8s mauvaise nouvelle pour novembre et d\u00e9cembre<\/h2>\n<p>Avec le second confinement en Europe, ces deux secteurs risquent de payer encore le prix et derri\u00e8re elles, toute l\u2019\u00e9conomie nationale. Au cours du mois de novembre 2019, ces cinq pays ont absorb\u00e9 2\u00a0355 MTND d\u2019exportations tunisiennes.<\/p>\n<p>Au-del\u00e0 de la question de la balance commerciale, c\u2019est \u00e0 l\u2019emploi qu\u2019il faut penser. Les entreprises ne pourront pas red\u00e9marrer, et donc le ch\u00f4mage va persister et les recettes fiscales de l\u2019Etat fragilis\u00e9es.<\/p>\n<p>M\u00eame si nous all\u00e9geons le rythme par rapport \u00e0 la premi\u00e8re vague, les pertes d\u2019exportations sur les deux prochains mois ne seraient pas inf\u00e9rieures \u00e0 500 MTND. Si les mesures actuelles visent \u00e0 permettre un bon mois de d\u00e9cembre pour les \u00e9conomies europ\u00e9ennes, le contexte pourrait causer une chute libre dans la consommation des m\u00e9nages.<\/p>\n<p>Maintenant, est-ce qu\u2019il serait pr\u00e9f\u00e9rable pour nous de confiner aussi durant la m\u00eame p\u00e9riode ? C\u2019est une piste \u00e0 \u00e9valuer s\u00e9rieusement car si nous confinons lorsque les autres rouvrent, c\u2019est tout simplement la catastrophe.<\/p>\n<\/div>\n<footer>\n<\/footer>\n<div class=\"wp-post-author-wrap wp-post-author-shortcode left\">\n<h3 class=\"awpa-title\"\/>\n<div class=\"wp-post-author\">\n<div class=\"awpa-img awpa-author-block square\"><a href=\"http:\/\/lexpertjournal.net\/fr\/?author=5\"><img loading=\"lazy\" decoding=\"async\" alt=\"\" src=\"http:\/\/0.gravatar.com\/avatar\/97f8e10a1c1125ba104a76514ee07b16?s=150&amp;d=mm&amp;r=g\" srcset=\"http:\/\/0.gravatar.com\/avatar\/97f8e10a1c1125ba104a76514ee07b16?s=300&amp;d=mm&amp;r=g 2x\" class=\"avatar avatar-150 photo\" height=\"150\" width=\"150\"\/><\/a><\/div>\n<\/div>\n<\/div>\n<aside class=\"mashsb-container mashsb-main mashsb-stretched\">\n<\/aside>\n<p>Auteur: L&rsquo;expert<br \/>\n<a href=\"http:\/\/lexpertjournal.net\/fr\/?p=17178\">Cliquez ici pour lire l&rsquo;article depuis sa source.<\/a><\/p>\n","protected":false},"excerpt":{"rendered":"<p>Samedi soir, Le Premier Ministre Britannique Boris Johnson a annonc\u00e9 un confinement pour un mois, \u00e0 partir de jeudi prochain et jusqu\u2019au 2 d\u00e9cembre 2020. Et ce, afin de stopper la propagation du coronavirus dans le pays. En Europe, la France a d\u00e9j\u00e0 pris une d\u00e9cision pareille au cours de la semaine, \u00e0 partir du [&hellip;]<\/p>\n","protected":false},"author":1775,"featured_media":0,"comment_status":"closed","ping_status":"closed","sticky":false,"template":"","format":"standard","meta":{"fifu_image_url":"","fifu_image_alt":"","footnotes":""},"categories":[78,55],"tags":[],"class_list":["post-103447","post","type-post","status-publish","format-standard","hentry","category-economie","category-tunisie"],"_links":{"self":[{"href":"https:\/\/linitiative.ca\/International\/wp-json\/wp\/v2\/posts\/103447","targetHints":{"allow":["GET"]}}],"collection":[{"href":"https:\/\/linitiative.ca\/International\/wp-json\/wp\/v2\/posts"}],"about":[{"href":"https:\/\/linitiative.ca\/International\/wp-json\/wp\/v2\/types\/post"}],"author":[{"embeddable":true,"href":"https:\/\/linitiative.ca\/International\/wp-json\/wp\/v2\/users\/1775"}],"replies":[{"embeddable":true,"href":"https:\/\/linitiative.ca\/International\/wp-json\/wp\/v2\/comments?post=103447"}],"version-history":[{"count":0,"href":"https:\/\/linitiative.ca\/International\/wp-json\/wp\/v2\/posts\/103447\/revisions"}],"wp:attachment":[{"href":"https:\/\/linitiative.ca\/International\/wp-json\/wp\/v2\/media?parent=103447"}],"wp:term":[{"taxonomy":"category","embeddable":true,"href":"https:\/\/linitiative.ca\/International\/wp-json\/wp\/v2\/categories?post=103447"},{"taxonomy":"post_tag","embeddable":true,"href":"https:\/\/linitiative.ca\/International\/wp-json\/wp\/v2\/tags?post=103447"}],"curies":[{"name":"wp","href":"https:\/\/api.w.org\/{rel}","templated":true}]}}