{"id":103452,"date":"2020-11-02T04:30:00","date_gmt":"2020-11-02T09:30:00","guid":{"rendered":"https:\/\/linitiative.ca\/International\/les-locataires-reclament-la-suppression-des-charges\/"},"modified":"2020-11-02T04:30:00","modified_gmt":"2020-11-02T09:30:00","slug":"les-locataires-reclament-la-suppression-des-charges","status":"publish","type":"post","link":"https:\/\/linitiative.ca\/International\/les-locataires-reclament-la-suppression-des-charges\/","title":{"rendered":"Les locataires r\u00e9clament la suppression des charges"},"content":{"rendered":"<div id=\"originalText\" readability=\"48\">\n<p>R\u00e9cemment livr\u00e9s, plusieurs immeubles de la nouvelle cit\u00e9 AADL de Bouinan ne b\u00e9n\u00e9ficient pas encore de prestations d\u2019hygi\u00e8ne, alors que toutes les charges sont incluses dans les factures mensuelles qu\u2019ils payent rubis sur l\u2019ongle.<\/p>\n<p>Dans une correspondance adress\u00e9e aux autorit\u00e9s concern\u00e9es, dont Libert\u00e9 d\u00e9tient une copie, ces habitants demandent au gestionnaire du site et \u00e0 Gest-Immo la suppression de ces charges de leurs factures, \u00e0 d\u00e9faut de d\u00e9ployer un personnel qualifi\u00e9 pour prendre en charge l\u2019hygi\u00e8ne de leurs immeubles.<\/p>\n<p>Par ailleurs, ils se plaignent des malfa\u00e7ons constat\u00e9es dans plusieurs parties communes et interpellent le g\u00e9rant du site \u00e0 rem\u00e9dier \u00e0 cette situation.<\/p>\n<\/div>\n<div id=\"text_core\" readability=\"48\">\n<p>R\u00e9cemment livr\u00e9s, plusieurs immeubles de la nouvelle cit\u00e9 AADL de Bouinan ne b\u00e9n\u00e9ficient pas encore de prestations d\u2019hygi\u00e8ne, alors que toutes les charges sont incluses dans les factures mensuelles qu\u2019ils payent rubis sur l\u2019ongle.<\/p>\n<p>Dans une correspondance adress\u00e9e aux autorit\u00e9s concern\u00e9es, dont Libert\u00e9 d\u00e9tient une copie, ces habitants demandent au gestionnaire du site et \u00e0 Gest-Immo la suppression de ces charges de leurs factures, \u00e0 d\u00e9faut de d\u00e9ployer un personnel qualifi\u00e9 pour prendre en charge l\u2019hygi\u00e8ne de leurs immeubles.<\/p>\n<p>Par ailleurs, ils se plaignent des malfa\u00e7ons constat\u00e9es dans plusieurs parties communes et interpellent le g\u00e9rant du site \u00e0 rem\u00e9dier \u00e0 cette situation.<\/p>\n<\/div>\n<p>Auteur:<br \/>\n<a href=\"https:\/\/www.liberte-algerie.com\/radar\/les-locataires-reclament-la-suppression-des-charges-348240\">Cliquez ici pour lire l&rsquo;article depuis sa source.<\/a><\/p>\n","protected":false},"excerpt":{"rendered":"<p>R\u00e9cemment livr\u00e9s, plusieurs immeubles de la nouvelle cit\u00e9 AADL de Bouinan ne b\u00e9n\u00e9ficient pas encore de prestations d\u2019hygi\u00e8ne, alors que toutes les charges sont incluses dans les factures mensuelles qu\u2019ils payent rubis sur l\u2019ongle. Dans une correspondance adress\u00e9e aux autorit\u00e9s concern\u00e9es, dont Libert\u00e9 d\u00e9tient une copie, ces habitants demandent au gestionnaire du site et \u00e0 [&hellip;]<\/p>\n","protected":false},"author":1742,"featured_media":0,"comment_status":"closed","ping_status":"closed","sticky":false,"template":"","format":"standard","meta":{"fifu_image_url":"","fifu_image_alt":"","footnotes":""},"categories":[73,53],"tags":[],"class_list":["post-103452","post","type-post","status-publish","format-standard","hentry","category-actualite","category-algerie"],"_links":{"self":[{"href":"https:\/\/linitiative.ca\/International\/wp-json\/wp\/v2\/posts\/103452","targetHints":{"allow":["GET"]}}],"collection":[{"href":"https:\/\/linitiative.ca\/International\/wp-json\/wp\/v2\/posts"}],"about":[{"href":"https:\/\/linitiative.ca\/International\/wp-json\/wp\/v2\/types\/post"}],"author":[{"embeddable":true,"href":"https:\/\/linitiative.ca\/International\/wp-json\/wp\/v2\/users\/1742"}],"replies":[{"embeddable":true,"href":"https:\/\/linitiative.ca\/International\/wp-json\/wp\/v2\/comments?post=103452"}],"version-history":[{"count":0,"href":"https:\/\/linitiative.ca\/International\/wp-json\/wp\/v2\/posts\/103452\/revisions"}],"wp:attachment":[{"href":"https:\/\/linitiative.ca\/International\/wp-json\/wp\/v2\/media?parent=103452"}],"wp:term":[{"taxonomy":"category","embeddable":true,"href":"https:\/\/linitiative.ca\/International\/wp-json\/wp\/v2\/categories?post=103452"},{"taxonomy":"post_tag","embeddable":true,"href":"https:\/\/linitiative.ca\/International\/wp-json\/wp\/v2\/tags?post=103452"}],"curies":[{"name":"wp","href":"https:\/\/api.w.org\/{rel}","templated":true}]}}