{"id":103453,"date":"2020-11-02T04:30:00","date_gmt":"2020-11-02T09:30:00","guid":{"rendered":"https:\/\/linitiative.ca\/International\/le-laboratoire-de-depistage-operationnel\/"},"modified":"2020-11-02T04:30:00","modified_gmt":"2020-11-02T09:30:00","slug":"le-laboratoire-de-depistage-operationnel","status":"publish","type":"post","link":"https:\/\/linitiative.ca\/International\/le-laboratoire-de-depistage-operationnel\/","title":{"rendered":"Le laboratoire de d\u00e9pistage op\u00e9rationnel"},"content":{"rendered":"<div id=\"originalText\" readability=\"45\">\n<p>Attendu\u00a0depuis\u00a0juin\u00a0dernier, mais\u00a0dont\u00a0l\u2019ouverture\u00a0a\u00a0 \u00e9t\u00e9\u00a0 diff\u00e9r\u00e9e\u00a0 \u00e0 maintes reprises, le laboratoire de d\u00e9pistage de la Covid-19 \u00e0 Jijel a \u00e9t\u00e9 ouvert hier, au grand soulagement des malades.<\/p>\n<p>Ce laboratoire, inaugur\u00e9\u00a0 par le wali de Jijel, Abdelkader Kelkel, permettra aux\u00a0 \u00a0services\u00a0 de\u00a0 sant\u00e9\u00a0 de\u00a0 ne\u00a0 plus recourir\u00a0 \u00e0\u00a0 l\u2019acheminement\u00a0 des\u00a0 pr\u00e9l\u00e8vements pour les tests PCR \u00e0 l\u2019annexe de l\u2019Institut Pasteur d\u2019Alg\u00e9rie de Constantine aux fins de leurs analyses. La mise\u00a0en service\u00a0 de ce laboratoire tombe \u00e0 point nomm\u00e9 dans un contexte de flamb\u00e9e de l\u2019\u00e9pid\u00e9mie de Covid \u00e0 Jijel.<\/p>\n<\/div>\n<div id=\"text_core\" readability=\"45\">\n<p>Attendu\u00a0depuis\u00a0juin\u00a0dernier, mais\u00a0dont\u00a0l\u2019ouverture\u00a0a\u00a0 \u00e9t\u00e9\u00a0 diff\u00e9r\u00e9e\u00a0 \u00e0 maintes reprises, le laboratoire de d\u00e9pistage de la Covid-19 \u00e0 Jijel a \u00e9t\u00e9 ouvert hier, au grand soulagement des malades.<\/p>\n<p>Ce laboratoire, inaugur\u00e9\u00a0 par le wali de Jijel, Abdelkader Kelkel, permettra aux\u00a0 \u00a0services\u00a0 de\u00a0 sant\u00e9\u00a0 de\u00a0 ne\u00a0 plus recourir\u00a0 \u00e0\u00a0 l\u2019acheminement\u00a0 des\u00a0 pr\u00e9l\u00e8vements pour les tests PCR \u00e0 l\u2019annexe de l\u2019Institut Pasteur d\u2019Alg\u00e9rie de Constantine aux fins de leurs analyses. La mise\u00a0en service\u00a0 de ce laboratoire tombe \u00e0 point nomm\u00e9 dans un contexte de flamb\u00e9e de l\u2019\u00e9pid\u00e9mie de Covid \u00e0 Jijel.<\/p>\n<\/div>\n<p>Auteur:<br \/>\n<a href=\"https:\/\/www.liberte-algerie.com\/radar\/le-laboratoire-de-depistage-operationnel-348239\">Cliquez ici pour lire l&rsquo;article depuis sa source.<\/a><\/p>\n","protected":false},"excerpt":{"rendered":"<p>Attendu\u00a0depuis\u00a0juin\u00a0dernier, mais\u00a0dont\u00a0l\u2019ouverture\u00a0a\u00a0 \u00e9t\u00e9\u00a0 diff\u00e9r\u00e9e\u00a0 \u00e0 maintes reprises, le laboratoire de d\u00e9pistage de la Covid-19 \u00e0 Jijel a \u00e9t\u00e9 ouvert hier, au grand soulagement des malades. Ce laboratoire, inaugur\u00e9\u00a0 par le wali de Jijel, Abdelkader Kelkel, permettra aux\u00a0 \u00a0services\u00a0 de\u00a0 sant\u00e9\u00a0 de\u00a0 ne\u00a0 plus recourir\u00a0 \u00e0\u00a0 l\u2019acheminement\u00a0 des\u00a0 pr\u00e9l\u00e8vements pour les tests PCR \u00e0 l\u2019annexe de [&hellip;]<\/p>\n","protected":false},"author":1742,"featured_media":0,"comment_status":"closed","ping_status":"closed","sticky":false,"template":"","format":"standard","meta":{"fifu_image_url":"","fifu_image_alt":"","footnotes":""},"categories":[73,53],"tags":[],"class_list":["post-103453","post","type-post","status-publish","format-standard","hentry","category-actualite","category-algerie"],"_links":{"self":[{"href":"https:\/\/linitiative.ca\/International\/wp-json\/wp\/v2\/posts\/103453","targetHints":{"allow":["GET"]}}],"collection":[{"href":"https:\/\/linitiative.ca\/International\/wp-json\/wp\/v2\/posts"}],"about":[{"href":"https:\/\/linitiative.ca\/International\/wp-json\/wp\/v2\/types\/post"}],"author":[{"embeddable":true,"href":"https:\/\/linitiative.ca\/International\/wp-json\/wp\/v2\/users\/1742"}],"replies":[{"embeddable":true,"href":"https:\/\/linitiative.ca\/International\/wp-json\/wp\/v2\/comments?post=103453"}],"version-history":[{"count":0,"href":"https:\/\/linitiative.ca\/International\/wp-json\/wp\/v2\/posts\/103453\/revisions"}],"wp:attachment":[{"href":"https:\/\/linitiative.ca\/International\/wp-json\/wp\/v2\/media?parent=103453"}],"wp:term":[{"taxonomy":"category","embeddable":true,"href":"https:\/\/linitiative.ca\/International\/wp-json\/wp\/v2\/categories?post=103453"},{"taxonomy":"post_tag","embeddable":true,"href":"https:\/\/linitiative.ca\/International\/wp-json\/wp\/v2\/tags?post=103453"}],"curies":[{"name":"wp","href":"https:\/\/api.w.org\/{rel}","templated":true}]}}