{"id":103463,"date":"2020-11-02T02:57:26","date_gmt":"2020-11-02T07:57:26","guid":{"rendered":"https:\/\/linitiative.ca\/International\/referendum-un-autre-rendez-vous-avec-lhistoire-pour-construire-lalgerie-nouvelle\/"},"modified":"2020-11-02T02:57:26","modified_gmt":"2020-11-02T07:57:26","slug":"referendum-un-autre-rendez-vous-avec-lhistoire-pour-construire-lalgerie-nouvelle","status":"publish","type":"post","link":"https:\/\/linitiative.ca\/International\/referendum-un-autre-rendez-vous-avec-lhistoire-pour-construire-lalgerie-nouvelle\/","title":{"rendered":"R\u00e9f\u00e9rendum: un autre rendez-vous avec l\u2019histoire pour construire l\u2019Alg\u00e9rie nouvelle"},"content":{"rendered":"<div readability=\"39\">\n<p><strong>ORAN\u2013 Les quotidiens paraissant \u00e0 Oran ont soulign\u00e9, dans leur \u00e9dition du lundi, que le peuple alg\u00e9rien a \u00e9t\u00e9, ce 1er novembre, au rendez-vous avec l\u2019histoire pour \u00ab op\u00e9rer le changement et construire l\u2019Alg\u00e9rie nouvelle \u00bb \u00e0 l\u2019occasion du r\u00e9f\u00e9rendum sur le projet d\u2019amendement de la constitution.<\/strong><\/p>\n<\/div>\n<div readability=\"71\">\n<p>Dans ce contexte, le quotidien \u00ab Ouest Tribune \u00bb, dans un \u00e9ditorial intitul\u00e9 \u00ab un choix fondateur \u00bb, souligne que le r\u00e9f\u00e9rendum du 1er novembre est \u00ab un vote qui a cette particularit\u00e9 de se d\u00e9rouler un 1er novembre, une date marquante dans l\u2019histoire du pays, puisqu\u2019elle fut le d\u00e9but d\u2019un long processus r\u00e9volutionnaire qui allait \u00eatre couronn\u00e9 sept ans et demi plus tard par l\u2019ind\u00e9pendance de l\u2019Alg\u00e9rie. \u00bb<\/p>\n<blockquote readability=\"13\">\n<p><strong><em>\u00a0\u00ab Hier, c\u2019\u00e9tait un autre rendez- vous avec l\u2019histoire pour b\u00e2tir une nouvelle Alg\u00e9rie, juste, tol\u00e9rante et d\u00e9mocratique \u00bb, estime le journal, ajoutant que \u00ab les Alg\u00e9riens qui se sont d\u00e9plac\u00e9s aux bureaux de vote et qui ont exprim\u00e9 leur voix n\u2019ont fait qu\u2019exercer leur droit \u00e9lectoral et surtout exprimer leur volont\u00e9 de continuer le changement qu\u2019ils ont entrepris depuis le 22 f\u00e9vrier\u00a0 2019. \u00bb<\/em><\/strong><\/p>\n<\/blockquote>\n<p>Pour \u00ab Ouest Tribune \u00bb, ce vote \u00ab n\u2019est que le premier pas vers un autre processus historique qui doit mener l\u2019Alg\u00e9rie et les Alg\u00e9riens vers un nouveau mode de gestion \u00e0 tous les niveaux : politique, \u00e9conomique et social \u00bb et \u00ab un changement qui ne pouvait rester sans concr\u00e9tisation au risque de se voir tomber dans toutes sortes de manipulations et d\u2019errements et d\u2019errance politiques aux lendemains incertains et surtout dangereux pour la stabilit\u00e9 du pays. \u00bb<\/p>\n<p>Pour sa part, le quotidien \u00ab El Djoumhouria \u00bb a consacr\u00e9 douze pages enti\u00e8res au d\u00e9roulement du vote dans les wilayas de l\u2019ouest et du sud ouest du pays, mettant en exergue les bonnes conditions ayant marqu\u00e9 cette op\u00e9ration \u00e0 la faveur du dispositif organisationnel et du protocole sanitaire mis en place dans les centres et bureaux de vote.<\/p>\n<blockquote readability=\"9\">\n<p><em><strong>Le journal a \u00e9galement consacr\u00e9 un article aux amendements constitutionnels qu\u2019a connus l\u2019Alg\u00e9rie depuis l\u2019ind\u00e9pendance \u00e0 ce jour. A ce sujet, le quotidien a relev\u00e9 que les amendements de l\u2019an 2020 sont marqu\u00e9s par \u00ab une constante sur le plan de la politique \u00e9trang\u00e8re du pays et par une adaptation aux bouleversements g\u00e9ostrat\u00e9giques que conna\u00eet le monde. \u00bb<\/strong><\/em><\/p>\n<\/blockquote>\n<p>Le m\u00eame journal a rapport\u00e9 les impressions et les d\u00e9clarations des \u00e9lecteurs \u00e0 la sortie des bureaux de vote dans lesquelles ils ont consid\u00e9r\u00e9 que le r\u00e9f\u00e9rendum est \u00ab une premi\u00e8re \u00e9tape vers le changement et la mise en place des fondements de l\u2019Alg\u00e9rie nouvelle. \u00bb<\/p>\n<p>Enfin, les journaux \u00ab Cap Ouest \u00bb et \u00ab le Patriote \u00bb ont soulign\u00e9 les bonnes conditions dans lesquelles s\u2019est d\u00e9roul\u00e9 le scrutin et repris des d\u00e9clarations de personnalit\u00e9s politiques apr\u00e8s avoir accompli leur devoir \u00e9lectoral.<\/p>\n<\/div>\n<p>Auteur:<br \/>\n<a href=\"http:\/\/www.aps.dz\/regions\/112195-referendum-constitutionnel-un-autre-rendez-vous-avec-l-histoire-pour-construire-l-algerie-nouvelle\">Cliquez ici pour lire l&rsquo;article depuis sa source.<\/a><\/p>\n","protected":false},"excerpt":{"rendered":"<p>ORAN\u2013 Les quotidiens paraissant \u00e0 Oran ont soulign\u00e9, dans leur \u00e9dition du lundi, que le peuple alg\u00e9rien a \u00e9t\u00e9, ce 1er novembre, au rendez-vous avec l\u2019histoire pour \u00ab op\u00e9rer le changement et construire l\u2019Alg\u00e9rie nouvelle \u00bb \u00e0 l\u2019occasion du r\u00e9f\u00e9rendum sur le projet d\u2019amendement de la constitution. Dans ce contexte, le quotidien \u00ab Ouest Tribune [&hellip;]<\/p>\n","protected":false},"author":1790,"featured_media":0,"comment_status":"closed","ping_status":"closed","sticky":false,"template":"","format":"standard","meta":{"fifu_image_url":"","fifu_image_alt":"","footnotes":""},"categories":[53,76],"tags":[],"class_list":["post-103463","post","type-post","status-publish","format-standard","hentry","category-algerie","category-regions"],"_links":{"self":[{"href":"https:\/\/linitiative.ca\/International\/wp-json\/wp\/v2\/posts\/103463","targetHints":{"allow":["GET"]}}],"collection":[{"href":"https:\/\/linitiative.ca\/International\/wp-json\/wp\/v2\/posts"}],"about":[{"href":"https:\/\/linitiative.ca\/International\/wp-json\/wp\/v2\/types\/post"}],"author":[{"embeddable":true,"href":"https:\/\/linitiative.ca\/International\/wp-json\/wp\/v2\/users\/1790"}],"replies":[{"embeddable":true,"href":"https:\/\/linitiative.ca\/International\/wp-json\/wp\/v2\/comments?post=103463"}],"version-history":[{"count":0,"href":"https:\/\/linitiative.ca\/International\/wp-json\/wp\/v2\/posts\/103463\/revisions"}],"wp:attachment":[{"href":"https:\/\/linitiative.ca\/International\/wp-json\/wp\/v2\/media?parent=103463"}],"wp:term":[{"taxonomy":"category","embeddable":true,"href":"https:\/\/linitiative.ca\/International\/wp-json\/wp\/v2\/categories?post=103463"},{"taxonomy":"post_tag","embeddable":true,"href":"https:\/\/linitiative.ca\/International\/wp-json\/wp\/v2\/tags?post=103463"}],"curies":[{"name":"wp","href":"https:\/\/api.w.org\/{rel}","templated":true}]}}