{"id":103473,"date":"2020-11-02T00:03:54","date_gmt":"2020-11-02T05:03:54","guid":{"rendered":"https:\/\/linitiative.ca\/International\/contribution-de-solidarite-benchaaboun-tente-de-calmer-le-jeu\/"},"modified":"2020-11-02T00:03:54","modified_gmt":"2020-11-02T05:03:54","slug":"contribution-de-solidarite-benchaaboun-tente-de-calmer-le-jeu","status":"publish","type":"post","link":"https:\/\/linitiative.ca\/International\/contribution-de-solidarite-benchaaboun-tente-de-calmer-le-jeu\/","title":{"rendered":"Contribution de solidarit\u00e9: Bencha\u00e2boun tente de calmer le jeu"},"content":{"rendered":"<div class=\"dnd-atom-wrapper type-image context-sdl_editor_representation atom-align-right\" contenteditable=\"false\">\n<div class=\"dnd-drop-wrapper\">\n<div class=\"image\"><img loading=\"lazy\" decoding=\"async\" typeof=\"foaf:Image\" class=\"img-responsive\" src=\"https:\/\/www.leconomiste.com\/sites\/default\/files\/eco7\/public\/thumbnails\/image\/benchaaboun-075.jpg\" width=\"340\" height=\"314\" alt=\"benchaaboun-075.jpg\" title=\"benchaaboun-075.jpg\"\/><\/div>\n<\/div>\n<\/div>\n<p class=\"rtejustify\">En d\u00e9pit des finances qui se rar\u00e9fient, Mohamed Bencha\u00e2boun veut multiplier les initiatives pour rechercher des ressources alternatives comme notamment la poursuite du programme de gestion active du portefeuille public, les financements innovants et la mise en place d\u2019une contribution de solidarit\u00e9 sur les b\u00e9n\u00e9fices et les revenus.<\/p>\n<p class=\"rtejustify\">Sur cette contribution, il a tenu \u00e0 pr\u00e9senter les clarifications n\u00e9cessaires, d\u2019autant que le sujet a fait couler beaucoup d\u2019encre et suscit\u00e9 de vives discussions, critiques et des prises de positions exprim\u00e9es \u00e0 l\u2019int\u00e9rieur et \u00e0 l\u2019ext\u00e9rieur de la Commission des Finances<a href=\"http:\/\/leconomiste.com\/article\/1069014-les-aberrations-de-la-contribution-sociale\" target=\"_blank\" rel=\"noopener noreferrer\"><span> <\/span><\/a><strong><em><a href=\"http:\/\/leconomiste.com\/article\/1069014-les-aberrations-de-la-contribution-sociale\" target=\"_blank\" rel=\"noopener noreferrer\"><span>(Lire article)<\/span><\/a><\/em><\/strong><span><strong><em>.<\/em><\/strong><\/span><\/p>\n<p class=\"rtejustify\">Le contexte exceptionnel de la crise a beaucoup impact\u00e9 les ressources financi\u00e8res. Pour contrecarrer ceux qui lui reprochent d\u2019\u00e9reinter les PME et la classe moyenne, il apporte d\u2019autres pr\u00e9cisions. Ainsi, selon lui, 99% des entreprises ne seront pas concern\u00e9es par cette contribution, puisqu\u2019elles d\u00e9clarent des b\u00e9n\u00e9fices inf\u00e9rieurs \u00e0 5 millions de DH ou un r\u00e9sultat n\u00e9gatif.<\/p>\n<p class=\"rtejustify\">De m\u00eame que 92% des salari\u00e9s ne seront pas touch\u00e9s par cette contribution, sachant qu\u2019ils per\u00e7oivent un salaire mensuel net inf\u00e9rieur \u00e0 10.000 DH. Alors, peut-on encore parler d\u2019attaque contre la classe moyenne et des coups donn\u00e9s aux TPE et PME? s\u2019interroge-t-il.<\/p>\n<p class=\"rtejustify\">M\u00eame avec ces donn\u00e9es, le gouvernement est dispos\u00e9 \u00e0 interagir positivement avec les propositions des parlementaires pour les personnes physiques, sachant que la crise actuelle impose une solidarit\u00e9 plus forte, mart\u00e8le t-il. Par ailleurs, lors des discussions, le ministre a abord\u00e9 la r\u00e9forme structurelle des EEP \u00e0 travers la transformation de ceux ayant un caract\u00e8re commercial en soci\u00e9t\u00e9s anonymes. Cela ne signifie pas leur privatisation, comme ont avanc\u00e9 plusieurs d\u00e9put\u00e9s.<\/p>\n<p class=\"rtejustify\">En fait, l\u2019objectif de cette transformation vise l\u2019am\u00e9lioration de la gouvernance et de la transparence des \u00e9tablissements concern\u00e9s, en les dotant de m\u00e9canismes de mobilisation des financements. Sachant que la privatisation reste un choix entre les mains de l\u2019Etat qui peut l\u2019activer lorsque les conditions sont r\u00e9unies.<\/p>\n<p class=\"rtejustify\"><em>M.C.<\/em><\/p>\n<p>Auteur: hlafriqi<br \/>\n<a href=\"https:\/\/www.leconomiste.com\/article\/1069013-contribution-de-solidarite-benchaaboun-tente-de-calmer-le-jeu\">Cliquez ici pour lire l&rsquo;article depuis sa source.<\/a><\/p>\n","protected":false},"excerpt":{"rendered":"<p>En d\u00e9pit des finances qui se rar\u00e9fient, Mohamed Bencha\u00e2boun veut multiplier les initiatives pour rechercher des ressources alternatives comme notamment la poursuite du programme de gestion active du portefeuille public, les financements innovants et la mise en place d\u2019une contribution de solidarit\u00e9 sur les b\u00e9n\u00e9fices et les revenus. Sur cette contribution, il a tenu \u00e0 [&hellip;]<\/p>\n","protected":false},"author":1763,"featured_media":103474,"comment_status":"closed","ping_status":"closed","sticky":false,"template":"","format":"standard","meta":{"fifu_image_url":"","fifu_image_alt":"","footnotes":""},"categories":[78,54],"tags":[],"class_list":["post-103473","post","type-post","status-publish","format-standard","has-post-thumbnail","hentry","category-economie","category-maroc"],"_links":{"self":[{"href":"https:\/\/linitiative.ca\/International\/wp-json\/wp\/v2\/posts\/103473","targetHints":{"allow":["GET"]}}],"collection":[{"href":"https:\/\/linitiative.ca\/International\/wp-json\/wp\/v2\/posts"}],"about":[{"href":"https:\/\/linitiative.ca\/International\/wp-json\/wp\/v2\/types\/post"}],"author":[{"embeddable":true,"href":"https:\/\/linitiative.ca\/International\/wp-json\/wp\/v2\/users\/1763"}],"replies":[{"embeddable":true,"href":"https:\/\/linitiative.ca\/International\/wp-json\/wp\/v2\/comments?post=103473"}],"version-history":[{"count":0,"href":"https:\/\/linitiative.ca\/International\/wp-json\/wp\/v2\/posts\/103473\/revisions"}],"wp:featuredmedia":[{"embeddable":true,"href":"https:\/\/linitiative.ca\/International\/wp-json\/"}],"wp:attachment":[{"href":"https:\/\/linitiative.ca\/International\/wp-json\/wp\/v2\/media?parent=103473"}],"wp:term":[{"taxonomy":"category","embeddable":true,"href":"https:\/\/linitiative.ca\/International\/wp-json\/wp\/v2\/categories?post=103473"},{"taxonomy":"post_tag","embeddable":true,"href":"https:\/\/linitiative.ca\/International\/wp-json\/wp\/v2\/tags?post=103473"}],"curies":[{"name":"wp","href":"https:\/\/api.w.org\/{rel}","templated":true}]}}