{"id":103499,"date":"2020-11-02T05:00:00","date_gmt":"2020-11-02T10:00:00","guid":{"rendered":"https:\/\/linitiative.ca\/International\/comment-porter-la-raie-cet-hiver\/"},"modified":"2020-11-02T05:00:00","modified_gmt":"2020-11-02T10:00:00","slug":"comment-porter-la-raie-cet-hiver","status":"publish","type":"post","link":"https:\/\/linitiative.ca\/International\/comment-porter-la-raie-cet-hiver\/","title":{"rendered":"Comment porter la raie cet hiver"},"content":{"rendered":"<p>La raie est une s\u00e9paration naturelle du cheveu. Si vous d\u00e9cidiez de vous en passer, vous auriez les cheveux en arri\u00e8re ou en avant ! La raie constitue donc une s\u00e9paration qui permet d\u2019orienter les cheveux de la fa\u00e7on que l\u2019on souhaite. Raie au milieu, raie sur le c\u00f4t\u00e9, raie en diagonale\u2026 Laquelle adopterez-vous ?<\/p>\n<p>La raie, mode d\u2019emploi ! La raie permet d\u2019orienter sa coupe, sa coiffure. Mais l\u2019id\u00e9al est de ne pas trop contrarier cette raie naturelle. Chaque cheveu a une implantation, une fa\u00e7on de bouger, donc tracer une raie qui ne correspond pas \u00e0 sa raie naturelle n\u2019est pas forc\u00e9ment une bonne option, car cette derni\u00e8re reviendra toujours.<br \/><strong>Les raies \u00e0 adopter\u00a0<\/strong><br \/>Sa raie se choisit en fonction de sa coiffure et de sa coupe. Elle se place en fonction des \u00e9pis mais aussi de l\u2019orientation naturelle du cheveu. La raie adopt\u00e9e d\u00e9termine le placement du volume sur la t\u00eate. Si vous faites une raie de c\u00f4t\u00e9 plus ou moins haute, vous afficherez une asym\u00e9trie plus ou moins prononc\u00e9e. Si vous souhaitez que votre raie ne soit pas tr\u00e8s visible, tracez-la en biais. Les raies arrondies (et de c\u00f4t\u00e9) sont un excellent moyen de donner du volume sur le haut de la coiffure mais \u00e9galement de souligner des effets, de coloration notamment. Les raies tr\u00e8s basses de c\u00f4t\u00e9 permettent de jouer avec ses longueurs en les faisant passer pour des franges m\u00e8ches ! Une raie bien droite et des cheveux plaqu\u00e9s vous conf\u00e8rent une allure stricte.<br \/><strong>Tracer la raie<\/strong><br \/>Pour une raie parfaite, elle doit se tracer d\u2019un seul coup. Peignez l\u2019ensemble de la chevelure vers l\u2019arri\u00e8re puis placez votre peigne au niveau de l\u2019implantation avant puis tirez avec la dent la plus grosse de votre peigne avant de s\u00e9parer les deux c\u00f4t\u00e9s. Il est important que les cheveux soient liss\u00e9s ou en tout cas parfaitement peign\u00e9s pour une raie parfaite. Id\u00e9alement, elle se trace sur cheveux mouill\u00e9s mais elle peut tout \u00e0 fait se tracer sur cheveux secs !<br \/>\u00a0Pour les cheveux boucl\u00e9s privil\u00e9gier les peignes \u00e0 queue pour tracer leur raie en utilisant la queue.<\/p>\n<p>Auteur:<br \/>\n<a href=\"https:\/\/www.lesoirdalgerie.com\/femme-magazine\/comment-porter-la-raie-cet-hiver-50702\">Cliquez ici pour lire l&rsquo;article depuis sa source.<\/a><\/p>\n","protected":false},"excerpt":{"rendered":"<p>La raie est une s\u00e9paration naturelle du cheveu. Si vous d\u00e9cidiez de vous en passer, vous auriez les cheveux en arri\u00e8re ou en avant ! La raie constitue donc une s\u00e9paration qui permet d\u2019orienter les cheveux de la fa\u00e7on que l\u2019on souhaite. Raie au milieu, raie sur le c\u00f4t\u00e9, raie en diagonale\u2026 Laquelle adopterez-vous ? [&hellip;]<\/p>\n","protected":false},"author":1741,"featured_media":0,"comment_status":"closed","ping_status":"closed","sticky":false,"template":"","format":"standard","meta":{"fifu_image_url":"","fifu_image_alt":"","footnotes":""},"categories":[73,53],"tags":[],"class_list":["post-103499","post","type-post","status-publish","format-standard","hentry","category-actualite","category-algerie"],"_links":{"self":[{"href":"https:\/\/linitiative.ca\/International\/wp-json\/wp\/v2\/posts\/103499","targetHints":{"allow":["GET"]}}],"collection":[{"href":"https:\/\/linitiative.ca\/International\/wp-json\/wp\/v2\/posts"}],"about":[{"href":"https:\/\/linitiative.ca\/International\/wp-json\/wp\/v2\/types\/post"}],"author":[{"embeddable":true,"href":"https:\/\/linitiative.ca\/International\/wp-json\/wp\/v2\/users\/1741"}],"replies":[{"embeddable":true,"href":"https:\/\/linitiative.ca\/International\/wp-json\/wp\/v2\/comments?post=103499"}],"version-history":[{"count":0,"href":"https:\/\/linitiative.ca\/International\/wp-json\/wp\/v2\/posts\/103499\/revisions"}],"wp:attachment":[{"href":"https:\/\/linitiative.ca\/International\/wp-json\/wp\/v2\/media?parent=103499"}],"wp:term":[{"taxonomy":"category","embeddable":true,"href":"https:\/\/linitiative.ca\/International\/wp-json\/wp\/v2\/categories?post=103499"},{"taxonomy":"post_tag","embeddable":true,"href":"https:\/\/linitiative.ca\/International\/wp-json\/wp\/v2\/tags?post=103499"}],"curies":[{"name":"wp","href":"https:\/\/api.w.org\/{rel}","templated":true}]}}