{"id":103536,"date":"2020-11-03T10:30:49","date_gmt":"2020-11-03T15:30:49","guid":{"rendered":"https:\/\/linitiative.ca\/International\/apres-avoir-rate-la-saison-estivale-asilah-est-a-lagonie\/"},"modified":"2020-11-03T10:30:49","modified_gmt":"2020-11-03T15:30:49","slug":"apres-avoir-rate-la-saison-estivale-asilah-est-a-lagonie","status":"publish","type":"post","link":"https:\/\/linitiative.ca\/International\/apres-avoir-rate-la-saison-estivale-asilah-est-a-lagonie\/","title":{"rendered":"Apr\u00e8s avoir rat\u00e9 la saison estivale, Asilah  est \u00e0 l\u2019agonie"},"content":{"rendered":"<p><img decoding=\"async\" class=\"post_layout_5_img\" src=\"http:\/\/aujourdhui.ma\/wp-content\/uploads\/2020\/11\/asilah.jpg\" alt=\"Apr&#xE8;s avoir rat&#xE9; la saison estivale, Asilah est &#xE0; l&#x2019;agonie\"\/><\/p>\n<p><span class=\"c5\"><strong>Les diff\u00e9rents types de commerce n\u2019ont pas les moyens de survivre \u00e0 cette crise \u00e9conomique li\u00e9e \u00e0 la Covid-19<\/strong><\/span><br \/><span id=\"more-359426\"\/><\/p>\n<p>Tout semble presque \u00e0 l\u2019arr\u00eat en ce d\u00e9but d\u2019automne \u00e0 Asilah. A l\u2019exception d\u2019un petit tron\u00e7on de l\u2019avenue Hassan II, o\u00f9 se trouvent le Souk Anoual et quelques commerces, dont ceux de contrebande, la plupart des rues de la ville sont quasiment vides \u00e0 longueur de journ\u00e9e. Apr\u00e8s avoir rat\u00e9 la saison estivale, des acteurs touristiques, des repr\u00e9sentants des diff\u00e9rents types de commerces ou de simples Za\u00eflachis (qui vivent de la location de leurs maisons en \u00e9t\u00e9) disent n\u2019avoir pas des moyens pour pouvoir survivre \u00e0 cette crise \u00e9conomique li\u00e9e \u00e0 la Covid-19. D\u2019autant que l\u2019\u00e9t\u00e9 est toujours consid\u00e9r\u00e9 pour eux comme la meilleure occasion de renflouer leurs caisses pour pouvoir tirer leur \u00e9pingle du jeu au cours de l\u2019ann\u00e9e. M\u00eame les c\u00e9l\u00e8bres restaurants de poisson et d\u2019autres commerces florissants en temps normal ne cachent par leur pessimisme et se disent peu confiants quant \u00e0 l\u2019avenir en raison du manque de clients. \u00abC\u2019est tr\u00e8s difficile de reprendre nos activit\u00e9s avec le m\u00eame rythme d\u2019avant le coronavirus. Nous esp\u00e9rons pouvoir en dehors de l\u2019\u00e9t\u00e9 accueillir quotidiennement un quart de la capacit\u00e9 autoris\u00e9e\u00bb, fait savoir le g\u00e9rant d\u2019un caf\u00e9-restaurant.<\/p>\n<p><span class=\"c6\"><strong>Des h\u00f4tels presques vides<\/strong><\/span><\/p>\n<p>Avec l\u2019arriv\u00e9e de l\u2019automne et le manque de touristes, les acteurs touristiques de la ville voient leur situation se d\u00e9t\u00e9riorer encore davantage et d\u2019aucuns ont \u00e9t\u00e9 contraints de mettre la cl\u00e9 sous le paillasson par manque de moyens pour le r\u00e8glement des d\u00e9penses courantes et les salaires de leurs personnels. Surtout qu\u2019ils continuent de subir les cons\u00e9quences de la fermeture des plages en \u00e9t\u00e9, et ce en raison du classement de la pr\u00e9fecture de Tanger-Asilah dans la Zone II (selon les crit\u00e8res fix\u00e9s par les autorit\u00e9s sanitaires). Beaucoup de leurs client\u00e8les ont ainsi d\u00e9sert\u00e9 vers d\u2019autres destinations c\u00f4ti\u00e8res, telles que celles de M\u2019diq-Fnideq et la c\u00f4te t\u00e9touanaise. Comme c\u2019\u00e9tait le cas pendant la saison estivale, les h\u00f4tels, les maisons d\u2019h\u00f4tes ou les r\u00e9sidences de luxe sont pour leur majorit\u00e9 compl\u00e8tement vides en ce d\u00e9but d\u2019automne. Alors qu\u2019Asilah continue, g\u00e9n\u00e9ralement et en temps normal, \u00e0 conna\u00eetre l\u2019arriv\u00e9e de touristes fid\u00e8les, en particulier des Europ\u00e9ens, pendant la p\u00e9riode automnale.<\/p>\n<p><span class=\"c6\"><strong>Les mois \u00e0 venir s\u2019av\u00e8rent encore tr\u00e8s difficiles<\/strong><\/span><\/p>\n<p>Pour les repr\u00e9sentants des diff\u00e9rents types de commerce, les mois \u00e0 venir s\u2019av\u00e8rent encore tr\u00e8s difficiles \u00e0 Asilah. Surtout que certains sites commerciaux, tels que la Kissariat ou Al-Kharazine semblent d\u00e9j\u00e0 d\u00e9sert\u00e9s de leurs clients. En plus du pr\u00eat-\u00e0-porter, qui est parmi les secteurs les plus touch\u00e9s par cette crise \u00e9conomique, les bazaristes et les artisans en g\u00e9n\u00e9ral ne sont pas \u00e9pargn\u00e9s par cette crise. \u00abNous avons rat\u00e9 en plus de la saison estivale, la p\u00e9riode du Ramadan et les autres f\u00eates o\u00f9 nous faisons la grande part de nos ventes. Certains d\u2019entre nous se sont lass\u00e9s de cette situation et ont choisi de fermer leurs bazars par manque de clients\u00bb, d\u00e9plore ce bazariste d\u2019Al-Kharazine.<br \/>Notons qu\u2019en temps normal, la plupart des professionnels touristiques et les repr\u00e9sentants d\u2019autres commerces d\u00e9pendant du tourisme consid\u00e8rent les saisons en dehors de l\u2019\u00e9t\u00e9 comme des p\u00e9riodes creuses. C\u2019est pourquoi ils mettent le paquet sur l\u2019\u00e9t\u00e9 pour pouvoir faire leur plus grand chiffre d\u2019affaires de l\u2019ann\u00e9e.<\/p>\n<p>Auteur: Najat Fa\u00efssal<br \/>\n<a href=\"https:\/\/aujourdhui.ma\/societe\/apres-avoir-rate-la-saison-estivale-asilah-est-a-lagonie\">Cliquez ici pour lire l&rsquo;article depuis sa source.<\/a><\/p>\n","protected":false},"excerpt":{"rendered":"<p>Les diff\u00e9rents types de commerce n\u2019ont pas les moyens de survivre \u00e0 cette crise \u00e9conomique li\u00e9e \u00e0 la Covid-19 Tout semble presque \u00e0 l\u2019arr\u00eat en ce d\u00e9but d\u2019automne \u00e0 Asilah. A l\u2019exception d\u2019un petit tron\u00e7on de l\u2019avenue Hassan II, o\u00f9 se trouvent le Souk Anoual et quelques commerces, dont ceux de contrebande, la plupart des [&hellip;]<\/p>\n","protected":false},"author":1759,"featured_media":103537,"comment_status":"closed","ping_status":"closed","sticky":false,"template":"","format":"standard","meta":{"fifu_image_url":"","fifu_image_alt":"","footnotes":""},"categories":[73,54],"tags":[],"class_list":["post-103536","post","type-post","status-publish","format-standard","has-post-thumbnail","hentry","category-actualite","category-maroc"],"_links":{"self":[{"href":"https:\/\/linitiative.ca\/International\/wp-json\/wp\/v2\/posts\/103536","targetHints":{"allow":["GET"]}}],"collection":[{"href":"https:\/\/linitiative.ca\/International\/wp-json\/wp\/v2\/posts"}],"about":[{"href":"https:\/\/linitiative.ca\/International\/wp-json\/wp\/v2\/types\/post"}],"author":[{"embeddable":true,"href":"https:\/\/linitiative.ca\/International\/wp-json\/wp\/v2\/users\/1759"}],"replies":[{"embeddable":true,"href":"https:\/\/linitiative.ca\/International\/wp-json\/wp\/v2\/comments?post=103536"}],"version-history":[{"count":0,"href":"https:\/\/linitiative.ca\/International\/wp-json\/wp\/v2\/posts\/103536\/revisions"}],"wp:featuredmedia":[{"embeddable":true,"href":"https:\/\/linitiative.ca\/International\/wp-json\/"}],"wp:attachment":[{"href":"https:\/\/linitiative.ca\/International\/wp-json\/wp\/v2\/media?parent=103536"}],"wp:term":[{"taxonomy":"category","embeddable":true,"href":"https:\/\/linitiative.ca\/International\/wp-json\/wp\/v2\/categories?post=103536"},{"taxonomy":"post_tag","embeddable":true,"href":"https:\/\/linitiative.ca\/International\/wp-json\/wp\/v2\/tags?post=103536"}],"curies":[{"name":"wp","href":"https:\/\/api.w.org\/{rel}","templated":true}]}}