{"id":103538,"date":"2020-11-03T11:00:12","date_gmt":"2020-11-03T16:00:12","guid":{"rendered":"https:\/\/linitiative.ca\/International\/minassati-une-nouvelle-generation-de-projets-dauto-emploi-a-khouribga\/"},"modified":"2020-11-03T11:00:12","modified_gmt":"2020-11-03T16:00:12","slug":"minassati-une-nouvelle-generation-de-projets-dauto-emploi-a-khouribga","status":"publish","type":"post","link":"https:\/\/linitiative.ca\/International\/minassati-une-nouvelle-generation-de-projets-dauto-emploi-a-khouribga\/","title":{"rendered":"\u00abMinassati\u00bb, une nouvelle g\u00e9n\u00e9ration de projets  d\u2019auto-emploi \u00e0 Khouribga"},"content":{"rendered":"<header>\n<\/header>\n<div class=\"entry-content clearfix\" readability=\"54\"><img decoding=\"async\" class=\"post_layout_5_img\" src=\"http:\/\/aujourdhui.ma\/wp-content\/uploads\/2020\/11\/Minassati.jpg\" alt=\"&#xAB;Minassati&#xBB;, une nouvelle g&#xE9;n&#xE9;ration de projets d&#x2019;auto-emploi &#xE0; Khouribga\"\/><\/p>\n<p><span class=\"c5\"><strong>La plateforme des jeunes et de l\u2019innovation sociale \u00abMinassati\u00bb, qui a vu le jour \u00e0 peine trois semaines dans la province de Khouribga, est un exemple \u00e9difiant des projets g\u00e9n\u00e9rateurs de revenus de nouvelle g\u00e9n\u00e9ration, visant \u00e0 d\u00e9velopper les perspectives et les moyens d\u2019auto-emploi chez les jeunes de la province.<\/strong><\/span><\/p>\n<p><span id=\"more-359434\"\/><br \/>La philosophie de ce projet, financ\u00e9 par l\u2019Initiative Nationale pour le D\u00e9veloppement Humain (INDH), dans le cadre de sa troisi\u00e8me phase pour un co\u00fbt global de 800.000 dirhams, consiste \u00e0 renouveler l\u2019approche li\u00e9e \u00e0 l\u2019inclusion \u00e9conomique des jeunes, en allant au-del\u00e0 de la perspective traditionnelle bas\u00e9e sur l\u2019emploi public, et en s\u2019orientant vers une nouvelle perspective ax\u00e9e plut\u00f4t sur leur motivation \u00e0 trouver des alternatives et ce, en leur fournissant de nouveaux moyens et m\u00e9canismes capables de stimuler leur esprit entrepreneurial et d\u2019assurer leur int\u00e9gration dans la vie active.<br \/>Le projet \u00abMinassati\u00bb se veut, ainsi, un espace d\u2019innovation sociale et un forum d\u2019interaction entre les diff\u00e9rents acteurs actifs dans le domaine de l\u2019int\u00e9gration des jeunes afin d\u2019am\u00e9liorer leurs revenus, et de lancer une nouvelle g\u00e9n\u00e9ration d\u2019initiatives par le biais de l\u2019accompagnement de cette frange de la soci\u00e9t\u00e9, tout en contribuant au d\u00e9veloppement de leurs capacit\u00e9s et \u00e0 leur int\u00e9gration dans le march\u00e9 du travail, outre la diffusion de la culture de l\u2019auto-entrepreneuriat et la cr\u00e9ation de projets li\u00e9s \u00e0 des cha\u00eenes de production locales prometteuses.<\/p>\n<\/div>\n<p>Auteur: ALM<br \/>\n<a href=\"https:\/\/aujourdhui.ma\/societe\/minassati-une-nouvelle-generation-de-projets-dauto-emploi-a-khouribga\">Cliquez ici pour lire l&rsquo;article depuis sa source.<\/a><\/p>\n","protected":false},"excerpt":{"rendered":"<p>La plateforme des jeunes et de l\u2019innovation sociale \u00abMinassati\u00bb, qui a vu le jour \u00e0 peine trois semaines dans la province de Khouribga, est un exemple \u00e9difiant des projets g\u00e9n\u00e9rateurs de revenus de nouvelle g\u00e9n\u00e9ration, visant \u00e0 d\u00e9velopper les perspectives et les moyens d\u2019auto-emploi chez les jeunes de la province. La philosophie de ce projet, [&hellip;]<\/p>\n","protected":false},"author":1759,"featured_media":103539,"comment_status":"closed","ping_status":"closed","sticky":false,"template":"","format":"standard","meta":{"fifu_image_url":"","fifu_image_alt":"","footnotes":""},"categories":[73,54],"tags":[],"class_list":["post-103538","post","type-post","status-publish","format-standard","has-post-thumbnail","hentry","category-actualite","category-maroc"],"_links":{"self":[{"href":"https:\/\/linitiative.ca\/International\/wp-json\/wp\/v2\/posts\/103538","targetHints":{"allow":["GET"]}}],"collection":[{"href":"https:\/\/linitiative.ca\/International\/wp-json\/wp\/v2\/posts"}],"about":[{"href":"https:\/\/linitiative.ca\/International\/wp-json\/wp\/v2\/types\/post"}],"author":[{"embeddable":true,"href":"https:\/\/linitiative.ca\/International\/wp-json\/wp\/v2\/users\/1759"}],"replies":[{"embeddable":true,"href":"https:\/\/linitiative.ca\/International\/wp-json\/wp\/v2\/comments?post=103538"}],"version-history":[{"count":0,"href":"https:\/\/linitiative.ca\/International\/wp-json\/wp\/v2\/posts\/103538\/revisions"}],"wp:featuredmedia":[{"embeddable":true,"href":"https:\/\/linitiative.ca\/International\/wp-json\/"}],"wp:attachment":[{"href":"https:\/\/linitiative.ca\/International\/wp-json\/wp\/v2\/media?parent=103538"}],"wp:term":[{"taxonomy":"category","embeddable":true,"href":"https:\/\/linitiative.ca\/International\/wp-json\/wp\/v2\/categories?post=103538"},{"taxonomy":"post_tag","embeddable":true,"href":"https:\/\/linitiative.ca\/International\/wp-json\/wp\/v2\/tags?post=103538"}],"curies":[{"name":"wp","href":"https:\/\/api.w.org\/{rel}","templated":true}]}}