{"id":103595,"date":"2020-11-03T11:00:00","date_gmt":"2020-11-03T16:00:00","guid":{"rendered":"https:\/\/linitiative.ca\/International\/leaders-de-novembre-dans-les-kiosques-bientot-le-tout-digital\/"},"modified":"2020-11-03T11:00:00","modified_gmt":"2020-11-03T16:00:00","slug":"leaders-de-novembre-dans-les-kiosques-bientot-le-tout-digital","status":"publish","type":"post","link":"https:\/\/linitiative.ca\/International\/leaders-de-novembre-dans-les-kiosques-bientot-le-tout-digital\/","title":{"rendered":"Leaders de novembre dans les kiosques : bient\u00f4t,  le tout digital ?"},"content":{"rendered":"<p>Que serait un pays sans une \u00e9volution continue ? Dans son num\u00e9ro de novembre <span class=\"c2\"><strong>Leaders<\/strong><\/span> dans son tout dernier num\u00e9ro se metau go\u00fbt du jour. La Tunisie entame sa course vers une digitalisation compl\u00e8te de l\u2019administration. Les nouvelles tendances technologiques, la num\u00e9risation et le d\u00e9ploiement de la 5G. Fadhel Kraiem,le ministre des TICS insiste sur l\u2019acc\u00e9l\u00e9ration de la transformation digitale. Que faire face aux nouveaux enjeux du commerce de la Tunisie\u00a0 ? Mohamed Boussaid, ministre du Commerce et du D\u00e9veloppement des exportations nous r\u00e9v\u00e8le les projets de relance du commerce ext\u00e9rieur.<br \/>O\u00f9 en est la Banque Centrale de Tunisie dans tout ce brouhaha ? Positionnement, r\u00e9ponses et strat\u00e9gie dans ce nouveau num\u00e9ro de <span class=\"c2\"><strong>Leaders<\/strong><\/span>.<br \/>La gazelle de l\u2019Atlas retrouve les for\u00eats tunisiennes apr\u00e8s une si longue absence Retour sur la saga d\u2019une op\u00e9ration de r\u00e9insertion de cette esp\u00e8ce qui fut longtemps menac\u00e9e d\u2019extinction.<\/p>\n<p>Samuel Paty, symbole de la libert\u00e9 d\u2019expression et source d&rsquo;inspiration pour ses \u00e9l\u00e8ves a pay\u00e9 de sa vie les exemples d\u2019illustration qu\u2019il a pr\u00e9sent\u00e9s dans l\u2019un de ses cours.<\/p>\n<p>R\u00e9actions recueillies par <span class=\"c2\"><strong>Leaders<\/strong><\/span>:<\/p>\n<p class=\"c4\"><span class=\"c3\"><strong>\u2022 Hakim Karoui :<\/strong><\/span> chaque acte terroriste commis au nom de l&rsquo;islam rejaillit sur les musulmans de France.<\/p>\n<p class=\"c4\"><span class=\"c3\"><strong><span class=\"c3\"><strong>\u2022<\/strong><\/span> Gilles Kepel :<\/strong><\/span> la loi contre le s\u00e9pratisme doit traiter les causes et non les seules cons\u00e9quences.<\/p>\n<p class=\"c4\"><span class=\"c3\"><strong><span class=\"c3\"><strong>\u2022<\/strong><\/span> Abdelaziz Kacem :<\/strong><\/span> plus vite, la France prendra ses distances avec les pays commanditaires, plus vite le terrrorisme islamiste sera vaincu.<\/p>\n<p>Dans la rubrique Lu pour vous, on vous propose \u00ab\u00a0L&rsquo;olivier dans la neige\u00a0\u00bb, une autobographie d&rsquo;un enfant de Mazdour, Mahmoud Fkih, prisonnier chez les Allemands, lieutenant au Viet Nam et officier de la Garde nationale.<\/p>\n<p>Une grande figure de la chanson tunisienne tire sa r\u00e9v\u00e9rence apr\u00e8s avoir inspir\u00e9 bon nombre d\u2019artistes. Naama, l\u2019interpr\u00e8te de \u00ab Ellyla aid \u00bb nous nous laisse toutefois un riche r\u00e9pertoire. Hommage \u00e0 Naama la voix de la Tunisie qui a longtemps incarn\u00e9 la femme tunisienne dans son exaltation de la vie, de l\u2019amour et de l\u2019espoir.<\/p>\n<p><span class=\"c5\"><span class=\"c2\"><strong>Sommaire<\/strong><\/span><\/span><\/p>\n<p><span class=\"c3\"><span class=\"c6\"><strong>Opinion<\/strong><\/span><\/span><\/p>\n<p><span class=\"c3\"><strong>\u2022<\/strong><\/span> Lutter contre la corruption, est-ce possible ?<br \/><span class=\"c7\"><em>\u00a0\u00a0 Par Riadh Zghal<\/em><\/span><\/p>\n<p><span class=\"c3\"><span class=\"c6\"><strong>En couverture<\/strong><\/span><\/span><\/p>\n<p><span class=\"c3\"><strong>\u2022<\/strong><\/span> Fadhel Kraiem, ministre des Technologies de la communication : Acc\u00e9l\u00e9ration digitale, le plan et les mesures<br \/><span class=\"c7\"><em>\u00a0\u00a0 Par Taoufik Habaieb<\/em><\/span><\/p>\n<p><span class=\"c3\"><strong>\u2022<\/strong><\/span> Commerce : de grandes initiatives n\u00e9cessaires pour une profonde transformation<\/p>\n<p><span class=\"c3\"><span class=\"c6\"><strong>Nation<\/strong><\/span><\/span><\/p>\n<p><span class=\"c3\"><strong>\u2022<\/strong><\/span> &#8230;Et la gazelle de l\u2019Atlas redevint tunisienne<\/p>\n<p><span class=\"c3\"><strong>\u2022<\/strong><\/span> La ville face \u00e0 ses nouveaux engagements<br \/><span class=\"c7\"><em>\u00a0\u00a0 Par Fadhel Moussa<\/em><\/span><\/p>\n<p><span class=\"c3\"><span class=\"c6\"><strong>Chronique<\/strong><\/span><\/span><\/p>\n<p><span class=\"c3\"><strong>\u2022<\/strong><\/span> Du recours intempestif \u00e0 la l\u00e9gitimit\u00e9<br \/><span class=\"c7\"><em>\u00a0\u00a0 Par Habib Touhami<\/em><\/span><\/p>\n<p><span class=\"c3\"><span class=\"c6\"><strong>Economie<\/strong><\/span><\/span><\/p>\n<p><span class=\"c3\"><strong>\u2022<\/strong><\/span> La Banque centrale face \u00e0 la gestion de la crise et la remise en question de son ind\u00e9pendance<\/p>\n<p><span class=\"c3\"><span class=\"c6\"><strong>International<\/strong><\/span><\/span><\/p>\n<p><span class=\"c3\"><strong>\u2022<\/strong><\/span> Apr\u00e8s l\u2019assassinat de Samuel Paty<br \/>\u00a0\u00a0 Plus vite, la France prendra ses distances avec les pays commanditaires, plus vite le terrorisme islamiste sera vaincu<br \/><span class=\"c7\"><em>\u00a0\u00a0 Par Abdelaziz Kacem<\/em><\/span><\/p>\n<p><span class=\"c3\"><strong>\u2022<\/strong><\/span> Chaque acte terroriste commis au nom de l\u2019islam rejaillit sur les musulmans de France<br \/><span class=\"c7\"><em>\u00a0\u00a0 Par Hakim Karoui<\/em><\/span><\/p>\n<p><span class=\"c3\"><strong>\u2022<\/strong><\/span> \u00abLa loi contre le s\u00e9paratisme doit traiter les causes et non les seules cons\u00e9quences\u00bb<br \/><span class=\"c7\"><em>\u00a0\u00a0\u00a0 Par Gilles Kepel<\/em><\/span><\/p>\n<p><span class=\"c3\"><span class=\"c6\"><strong>Soci\u00e9t\u00e9<\/strong><\/span><\/span><\/p>\n<p><span class=\"c3\"><strong>\u2022<\/strong><\/span> Un effet de l\u2019imp\u00e9rialisme : endettement et paup\u00e9risation \u00e0 Tunis<br \/><span class=\"c7\"><em>\u00a0\u00a0 Par Mohamed El Aziz Ben Achour<\/em><\/span><\/p>\n<p><span class=\"c3\"><strong>\u2022<\/strong><\/span> Le pain d\u2019Etat \u00e0 Rome, sous la R\u00e9publique<br \/><span class=\"c7\"><em>\u00a0\u00a0 Par Ammar Mahjoubi<\/em><\/span><\/p>\n<p><span class=\"c3\"><strong>\u2022<\/strong><\/span> Quand la Tunisie ouvrait la voie\u2026Combats et d\u00e9bats d\u2019une ann\u00e9e r\u00e9volutionnaire<br \/><span class=\"c7\"><em>\u00a0\u00a0 Par Mahmoud Ben Romdhane<\/em><\/span><\/p>\n<p><span class=\"c3\"><strong>\u2022<\/strong><\/span> Mahmoud Fekih, l\u2019enfant de Mazdour<\/p>\n<p><span class=\"c3\"><strong>\u2022<\/strong><\/span> Naama : La voix de la Tunisie en f\u00eate<\/p>\n<p>Billet<\/p>\n<p><span class=\"c3\"><strong>\u2022<\/strong><\/span> Une d\u00e9cision de justice qui consacre l\u2019\u00e9galit\u00e9 entre les Tunisiens<br \/><span class=\"c7\"><em>\u00a0\u00a0 Par H\u00e9di B\u00e9hi<\/em><\/span><\/p>\n<p>\u00a0<\/p>\n<p>Auteur:<br \/>\n<a href=\"https:\/\/www.leaders.com.tn\/article\/30818-leaders-de-novembre-dans-les-kiosques-bientot-le-tout-digital\">Cliquez ici pour lire l&rsquo;article depuis sa source.<\/a><\/p>\n","protected":false},"excerpt":{"rendered":"<p>Que serait un pays sans une \u00e9volution continue ? Dans son num\u00e9ro de novembre Leaders dans son tout dernier num\u00e9ro se metau go\u00fbt du jour. La Tunisie entame sa course vers une digitalisation compl\u00e8te de l\u2019administration. Les nouvelles tendances technologiques, la num\u00e9risation et le d\u00e9ploiement de la 5G. Fadhel Kraiem,le ministre des TICS insiste sur [&hellip;]<\/p>\n","protected":false},"author":1772,"featured_media":0,"comment_status":"closed","ping_status":"closed","sticky":false,"template":"","format":"standard","meta":{"fifu_image_url":"","fifu_image_alt":"","footnotes":""},"categories":[73,55],"tags":[],"class_list":["post-103595","post","type-post","status-publish","format-standard","hentry","category-actualite","category-tunisie"],"_links":{"self":[{"href":"https:\/\/linitiative.ca\/International\/wp-json\/wp\/v2\/posts\/103595","targetHints":{"allow":["GET"]}}],"collection":[{"href":"https:\/\/linitiative.ca\/International\/wp-json\/wp\/v2\/posts"}],"about":[{"href":"https:\/\/linitiative.ca\/International\/wp-json\/wp\/v2\/types\/post"}],"author":[{"embeddable":true,"href":"https:\/\/linitiative.ca\/International\/wp-json\/wp\/v2\/users\/1772"}],"replies":[{"embeddable":true,"href":"https:\/\/linitiative.ca\/International\/wp-json\/wp\/v2\/comments?post=103595"}],"version-history":[{"count":0,"href":"https:\/\/linitiative.ca\/International\/wp-json\/wp\/v2\/posts\/103595\/revisions"}],"wp:attachment":[{"href":"https:\/\/linitiative.ca\/International\/wp-json\/wp\/v2\/media?parent=103595"}],"wp:term":[{"taxonomy":"category","embeddable":true,"href":"https:\/\/linitiative.ca\/International\/wp-json\/wp\/v2\/categories?post=103595"},{"taxonomy":"post_tag","embeddable":true,"href":"https:\/\/linitiative.ca\/International\/wp-json\/wp\/v2\/tags?post=103595"}],"curies":[{"name":"wp","href":"https:\/\/api.w.org\/{rel}","templated":true}]}}