{"id":103599,"date":"2020-11-03T11:14:44","date_gmt":"2020-11-03T16:14:44","guid":{"rendered":"https:\/\/linitiative.ca\/International\/add-nouvelle-plateforme-pour-soutenir-les-startups\/"},"modified":"2020-11-03T11:14:44","modified_gmt":"2020-11-03T16:14:44","slug":"add-nouvelle-plateforme-pour-soutenir-les-startups","status":"publish","type":"post","link":"https:\/\/linitiative.ca\/International\/add-nouvelle-plateforme-pour-soutenir-les-startups\/","title":{"rendered":"ADD : nouvelle plateforme pour soutenir les startups"},"content":{"rendered":"<p><strong>La plateforme digitale \u00ab\u00a0<a href=\"http:\/\/startuphubmaroc.ma\" target=\"_blank\" rel=\"noreferrer noopener\">startuphubmaroc.ma<\/a>\u00a0\u00bb a \u00e9t\u00e9 lanc\u00e9e par l\u2019<a href=\"https:\/\/www.add.gov.ma\/\" target=\"_blank\" rel=\"noreferrer noopener\">Agence de D\u00e9veloppement du Digital<\/a> (ADD), dans le cadre des efforts d\u00e9ploy\u00e9s par l\u2019Agence, ainsi que plusieurs acteurs \u0153uvrant pour le d\u00e9veloppement de l\u2019\u00e9cosyst\u00e8me des startups au Maroc.<\/strong><\/p>\n<p>L\u2019objectif de la plateforme est de r\u00e9pondre, de mani\u00e8re progressive, aux dol\u00e9ances exprim\u00e9es par les startups marocaines mais \u00e9galement de valoriser et d\u2019augmenter la visibilit\u00e9 de l\u2019ensemble des initiatives port\u00e9es par les acteurs de l\u2019\u00e9cosyst\u00e8me telles que l\u2019acc\u00e8s aux mesures d\u2019accompagnement et d\u2019appui propos\u00e9s par les institutions des secteurs publics, priv\u00e9s et associatifs, indique l\u2019ADD. La plateforme digitale est conceptualis\u00e9e gr\u00e2ce aux efforts conjugu\u00e9s des startups, des incubateurs et acc\u00e9l\u00e9rateurs, des f\u00e9d\u00e9rations d\u2019entreprises, des institutions publiques, ainsi que d\u2019organisations de coop\u00e9ration internationale, dans un esprit de compl\u00e9mentarit\u00e9 et de synergie avec les projets en cours d\u2019\u00e9laboration.<\/p>\n<div class=\"c10\"\/>\n<p><strong>Lire aussi | <a href=\"https:\/\/www.challenge.ma\/un-nouveau-regime-de-subvention-a-la-presse-et-a-ledition-en-gestation-164013\/\" target=\"_blank\" rel=\"noreferrer noopener\">Un nouveau r\u00e9gime de subvention \u00e0 la presse et \u00e0 l\u2019\u00e9dition en gestation<\/a><\/strong><\/p>\n<p>\u00ab\u00a0Startuphubmaroc.ma\u00a0\u00bb offre \u00e0 ses utilisateurs dans sa premi\u00e8re version un r\u00e9f\u00e9rentiel des initiatives, structur\u00e9 par phase de d\u00e9veloppement de la startup (id\u00e9ation, amor\u00e7age, scaling, internationalisation) et par type d\u2019initiatives (incubation, financement, espaces de coworking\u2026). Ce r\u00e9f\u00e9rentiel permet un acc\u00e8s simple et fluide aux informations relatives aux mesures d\u2019accompagnement et d\u2019appui propos\u00e9es par les diff\u00e9rents organismes. Elle offre aussi un annuaire des startups, r\u00e9f\u00e9ren\u00e7ant les startups et permettant d\u2019augmenter leur visibilit\u00e9 aupr\u00e8s des porteurs d\u2019initiatives et des donneurs d\u2019ordre, via une inscription volontaire et des profils 100 % personnalis\u00e9s, un observatoire de l\u2019\u00e9cosyst\u00e8me compos\u00e9, ainsi qu\u2019une carte interactive du Maroc permettant de g\u00e9olocaliser les startups et les porteurs d\u2019initiatives et avoir une id\u00e9e globale sur leur r\u00e9partition r\u00e9gionale.<\/p>\n<p><strong>Lire aussi | <a rel=\"noreferrer noopener\" href=\"https:\/\/www.challenge.ma\/banque-les-impayes-atteignent-53-milliards-de-dh-sur-les-4-derniers-mois-163980\/\" target=\"_blank\">Banque : les impay\u00e9s atteignent 5,3 milliards de DH sur les 4 derniers mois<\/a><\/strong><\/p>\n<p>Il s\u2019agit \u00e9galement de mettre \u00e0 la disposition des utilisateurs, une synth\u00e8se des statistiques de la plateforme et de l\u2019\u00e9cosyst\u00e8me des startups (nombre de startups r\u00e9f\u00e9renc\u00e9es, r\u00e9partition r\u00e9gionale des startups, nombre des initiatives et des porteurs des initiatives), ainsi qu\u2019une rubrique \u00a0\u00bbActualit\u00e9s et \u00e9v\u00e9nements\u00a0\u00bb qui verra le jour prochainement.<\/p>\n<p>Auteur: Karim Handaoui<br \/>\n<a href=\"https:\/\/www.challenge.ma\/add-nouvelle-plateforme-pour-soutenir-les-startups-164047\/\">Cliquez ici pour lire l&rsquo;article depuis sa source.<\/a><\/p>\n","protected":false},"excerpt":{"rendered":"<p>La plateforme digitale \u00ab\u00a0startuphubmaroc.ma\u00a0\u00bb a \u00e9t\u00e9 lanc\u00e9e par l\u2019Agence de D\u00e9veloppement du Digital (ADD), dans le cadre des efforts d\u00e9ploy\u00e9s par l\u2019Agence, ainsi que plusieurs acteurs \u0153uvrant pour le d\u00e9veloppement de l\u2019\u00e9cosyst\u00e8me des startups au Maroc. L\u2019objectif de la plateforme est de r\u00e9pondre, de mani\u00e8re progressive, aux dol\u00e9ances exprim\u00e9es par les startups marocaines mais \u00e9galement [&hellip;]<\/p>\n","protected":false},"author":1787,"featured_media":0,"comment_status":"closed","ping_status":"closed","sticky":false,"template":"","format":"standard","meta":{"fifu_image_url":"","fifu_image_alt":"","footnotes":""},"categories":[78,54],"tags":[],"class_list":["post-103599","post","type-post","status-publish","format-standard","hentry","category-economie","category-maroc"],"_links":{"self":[{"href":"https:\/\/linitiative.ca\/International\/wp-json\/wp\/v2\/posts\/103599","targetHints":{"allow":["GET"]}}],"collection":[{"href":"https:\/\/linitiative.ca\/International\/wp-json\/wp\/v2\/posts"}],"about":[{"href":"https:\/\/linitiative.ca\/International\/wp-json\/wp\/v2\/types\/post"}],"author":[{"embeddable":true,"href":"https:\/\/linitiative.ca\/International\/wp-json\/wp\/v2\/users\/1787"}],"replies":[{"embeddable":true,"href":"https:\/\/linitiative.ca\/International\/wp-json\/wp\/v2\/comments?post=103599"}],"version-history":[{"count":0,"href":"https:\/\/linitiative.ca\/International\/wp-json\/wp\/v2\/posts\/103599\/revisions"}],"wp:attachment":[{"href":"https:\/\/linitiative.ca\/International\/wp-json\/wp\/v2\/media?parent=103599"}],"wp:term":[{"taxonomy":"category","embeddable":true,"href":"https:\/\/linitiative.ca\/International\/wp-json\/wp\/v2\/categories?post=103599"},{"taxonomy":"post_tag","embeddable":true,"href":"https:\/\/linitiative.ca\/International\/wp-json\/wp\/v2\/tags?post=103599"}],"curies":[{"name":"wp","href":"https:\/\/api.w.org\/{rel}","templated":true}]}}