{"id":103602,"date":"2020-11-03T16:16:18","date_gmt":"2020-11-03T21:16:18","guid":{"rendered":"https:\/\/linitiative.ca\/International\/foot-diego-maradona-va-etre-opere-du-cerveau-en-urgence\/"},"modified":"2020-11-03T16:16:18","modified_gmt":"2020-11-03T21:16:18","slug":"foot-diego-maradona-va-etre-opere-du-cerveau-en-urgence","status":"publish","type":"post","link":"https:\/\/linitiative.ca\/International\/foot-diego-maradona-va-etre-opere-du-cerveau-en-urgence\/","title":{"rendered":"Foot : Diego Maradona va \u00eatre op\u00e9r\u00e9 du cerveau en urgence"},"content":{"rendered":"<div class=\"post-cont-in left relative\">\n<div id=\"post-info-wrap\" class=\"left relative post-info-out\">\n<div class=\"post-info-img left relative\"><img loading=\"lazy\" decoding=\"async\" alt=\"\" src=\"https:\/\/secure.gravatar.com\/avatar\/e08a32c38bbac601a92c63c79d61b38d?s=50&amp;d=mm&amp;r=g\" srcset=\"https:\/\/secure.gravatar.com\/avatar\/e08a32c38bbac601a92c63c79d61b38d?s=100&amp;d=mm&amp;r=g 2x\" class=\"avatar avatar-50 photo\" height=\"50\" width=\"50\"\/><\/div>\n<div class=\"post-info-in\">\n<div class=\"post-info-right left relative post-info-name left relative\"><span itemprop=\"author\" itemscope=\"\" itemtype=\"https:\/\/schema.org\/Person\"><span class=\"post-info-text\">By<\/span> <span class=\"author-name vcard fn author\" itemprop=\"name\"><a href=\"https:\/\/sport.tunisienumerique.com\/author\/fakhreddine\/\" title=\"Articles par Fakhreddine Ben Malek\" rel=\"author\">Fakhreddine Ben Malek<\/a><\/span> <span class=\"author-twitter\"><a href=\"https:\/\/twitter.com\/Fakhr_Ben_Malek\" class=\"twitter-but\" target=\"_blank\" rel=\"noopener noreferrer\"><\/span><\/span> <span class=\"post-date updated\"><time class=\"post-date updated\" itemprop=\"datePublished\" datetime=\"2020-11-03\">\u00a0| Il y a 36 minutes<\/time><\/span><\/div>\n<div class=\"left relative\"><button id=\"listenButton1\" class=\"responsivevoice-button\" type=\"button\" value=\"Play\" title=\"&#xC9;coutez l'article\"><span>\ud83d\udd0a \u00c9coutez l&rsquo;article<\/span><\/button> <\/div>\n<\/div>\n<\/div>\n<div class=\"heateor_sss_sharing_container heateor_sss_horizontal_sharing\" heateor-sss-data-href=\"https:\/\/sport.tunisienumerique.com\/foot-diego-maradona-va-etre-opere-du-cerveau-en-urgence\/\">\n<div class=\"heateor_sss_sharing_title c3\">Cet article vous a \u00e9t\u00e9 utile? Partagez le, il int\u00e9ressera d\u2019autres personnes. Merci!<\/div>\n<ul class=\"heateor_sss_sharing_ul\">\n<li class=\"heateorSssSharingRound\"><em alt=\"Facebook\" title=\"Facebook\" class=\"heateorSssSharing heateorSssFacebookBackground c4\" onclick=\"heateorSssPopup(&quot;https:\/\/www.facebook.com\/sharer\/sharer.php?u=https%3A%2F%2Fsport.tunisienumerique.com%2Ffoot-diego-maradona-va-etre-opere-du-cerveau-en-urgence%2F&quot;)\">\u00a0<\/em><\/li>\n<li class=\"heateorSssSharingRound\"><em alt=\"Twitter\" title=\"Twitter\" class=\"heateorSssSharing heateorSssTwitterBackground c4\" onclick=\"heateorSssPopup(&quot;http:\/\/twitter.com\/intent\/tweet?text=Foot%20%3A%20Diego%20Maradona%20va%20%C3%AAtre%20op%C3%A9r%C3%A9%20du%20cerveau%20en%20urgence&amp;url=https%3A%2F%2Fsport.tunisienumerique.com%2Ffoot-diego-maradona-va-etre-opere-du-cerveau-en-urgence%2F&quot;)\">\u00a0<\/em><\/li>\n<li class=\"heateorSssSharingRound\"><em alt=\"Linkedin\" title=\"Linkedin\" class=\"heateorSssSharing heateorSssLinkedinBackground c4\" onclick=\"heateorSssPopup(&quot;http:\/\/www.linkedin.com\/shareArticle?mini=true&amp;url=https%3A%2F%2Fsport.tunisienumerique.com%2Ffoot-diego-maradona-va-etre-opere-du-cerveau-en-urgence%2F&amp;title=Foot%20%3A%20Diego%20Maradona%20va%20%C3%AAtre%20op%C3%A9r%C3%A9%20du%20cerveau%20en%20urgence&quot;)\">\u00a0<\/em><\/li>\n<li class=\"heateorSssSharingRound\"><em alt=\"Google Gmail\" title=\"Google Gmail\" class=\"heateorSssSharing heateorSssGoogleGmailBackground c4\" onclick=\"heateorSssPopup(&quot;https:\/\/mail.google.com\/mail\/?ui=2&amp;view=cm&amp;fs=1&amp;tf=1&amp;su=Foot%20%3A%20Diego%20Maradona%20va%20%C3%AAtre%20op%C3%A9r%C3%A9%20du%20cerveau%20en%20urgence&amp;body=Link:https%3A%2F%2Fsport.tunisienumerique.com%2Ffoot-diego-maradona-va-etre-opere-du-cerveau-en-urgence%2F&quot;)\">\u00a0<\/em><\/li>\n<li class=\"heateorSssSharingRound\"><em alt=\"Whatsapp\" title=\"Whatsapp\" class=\"heateorSssSharing heateorSssWhatsappBackground c4\"><a href=\"https:\/\/api.whatsapp.com\/send?text=Foot%20%3A%20Diego%20Maradona%20va%20%C3%AAtre%20op%C3%A9r%C3%A9%20du%20cerveau%20en%20urgence%20https%3A%2F%2Fsport.tunisienumerique.com%2Ffoot-diego-maradona-va-etre-opere-du-cerveau-en-urgence%2F\" rel=\"nofollow noopener noreferrer\" target=\"_blank\">\u00a0<\/a><\/em><\/li>\n<li class=\"heateorSssSharingRound\">\u00a0<\/li>\n<\/ul>\n<\/div>\n<p dir=\"ltr\">Hospitalis\u00e9 \u00e0 La Plata, la ville du club qu\u2019il entra\u00eene (le Gimnasia), Diego Maradona va se faire op\u00e9rer du cerveau en urgence. Hospitalis\u00e9 depuis lundi, Diego Maradona, souffre d\u2019an\u00e9mie et de d\u00e9shydratation.<\/p>\n<p dir=\"ltr\">Alors que les derni\u00e8res nouvelles \u00e9taient plut\u00f4t rassurantes, les m\u00e9decins ont d\u00e9tect\u00e9 lors des examens subis lundi un h\u00e9matome dans le cerveau de la l\u00e9gende argentine. L\u2019ancien num\u00e9ro 10 doit \u00eatre admis mardi dans la soir\u00e9e \u00e0 la Clinique Olivos.<\/p>\n<div class=\"code-block code-block-1 c6\"><ins class=\"adsbygoogle c5\" data-ad-layout=\"in-article\" data-ad-format=\"fluid\" data-ad-client=\"ca-pub-2102118777505746\" data-ad-slot=\"7301775417\"\/> <\/div>\n<p dir=\"ltr\">\u00abJe vais l\u2019op\u00e9rer. C\u2019est une op\u00e9ration de routine\u00bb, a d\u00e9clar\u00e9 le m\u00e9decin Leopoldo Luque, lors d\u2019une conf\u00e9rence de presse devant une clinique du nord de Buenos Aires o\u00f9 l\u2019ancien champion a \u00e9t\u00e9 transf\u00e9r\u00e9.<\/p>\n<p><\/p>\n<div class=\"heateor_sss_sharing_container heateor_sss_horizontal_sharing\" heateor-sss-data-href=\"https:\/\/sport.tunisienumerique.com\/foot-diego-maradona-va-etre-opere-du-cerveau-en-urgence\/\">\n<div class=\"heateor_sss_sharing_title c3\">Cet article vous a \u00e9t\u00e9 utile? Partagez le, il int\u00e9ressera d\u2019autres personnes. Merci!<\/div>\n<ul class=\"heateor_sss_sharing_ul\">\n<li class=\"heateorSssSharingRound\"><em alt=\"Facebook\" title=\"Facebook\" class=\"heateorSssSharing heateorSssFacebookBackground c4\" onclick=\"heateorSssPopup(&quot;https:\/\/www.facebook.com\/sharer\/sharer.php?u=https%3A%2F%2Fsport.tunisienumerique.com%2Ffoot-diego-maradona-va-etre-opere-du-cerveau-en-urgence%2F&quot;)\">\u00a0<\/em><\/li>\n<li class=\"heateorSssSharingRound\"><em alt=\"Twitter\" title=\"Twitter\" class=\"heateorSssSharing heateorSssTwitterBackground c4\" onclick=\"heateorSssPopup(&quot;http:\/\/twitter.com\/intent\/tweet?text=Foot%20%3A%20Diego%20Maradona%20va%20%C3%AAtre%20op%C3%A9r%C3%A9%20du%20cerveau%20en%20urgence&amp;url=https%3A%2F%2Fsport.tunisienumerique.com%2Ffoot-diego-maradona-va-etre-opere-du-cerveau-en-urgence%2F&quot;)\">\u00a0<\/em><\/li>\n<li class=\"heateorSssSharingRound\"><em alt=\"Linkedin\" title=\"Linkedin\" class=\"heateorSssSharing heateorSssLinkedinBackground c4\" onclick=\"heateorSssPopup(&quot;http:\/\/www.linkedin.com\/shareArticle?mini=true&amp;url=https%3A%2F%2Fsport.tunisienumerique.com%2Ffoot-diego-maradona-va-etre-opere-du-cerveau-en-urgence%2F&amp;title=Foot%20%3A%20Diego%20Maradona%20va%20%C3%AAtre%20op%C3%A9r%C3%A9%20du%20cerveau%20en%20urgence&quot;)\">\u00a0<\/em><\/li>\n<li class=\"heateorSssSharingRound\"><em alt=\"Google Gmail\" title=\"Google Gmail\" class=\"heateorSssSharing heateorSssGoogleGmailBackground c4\" onclick=\"heateorSssPopup(&quot;https:\/\/mail.google.com\/mail\/?ui=2&amp;view=cm&amp;fs=1&amp;tf=1&amp;su=Foot%20%3A%20Diego%20Maradona%20va%20%C3%AAtre%20op%C3%A9r%C3%A9%20du%20cerveau%20en%20urgence&amp;body=Link:https%3A%2F%2Fsport.tunisienumerique.com%2Ffoot-diego-maradona-va-etre-opere-du-cerveau-en-urgence%2F&quot;)\">\u00a0<\/em><\/li>\n<li class=\"heateorSssSharingRound\"><em alt=\"Whatsapp\" title=\"Whatsapp\" class=\"heateorSssSharing heateorSssWhatsappBackground c4\"><a href=\"https:\/\/api.whatsapp.com\/send?text=Foot%20%3A%20Diego%20Maradona%20va%20%C3%AAtre%20op%C3%A9r%C3%A9%20du%20cerveau%20en%20urgence%20https%3A%2F%2Fsport.tunisienumerique.com%2Ffoot-diego-maradona-va-etre-opere-du-cerveau-en-urgence%2F\" rel=\"nofollow noopener noreferrer\" target=\"_blank\">\u00a0<\/a><\/em><\/li>\n<li class=\"heateorSssSharingRound\">\u00a0<\/li>\n<\/ul>\n<\/div>\n<p><strong>Que se passe-t-il en Tunisie?<\/strong><br \/>Nous expliquons sur notre <a href=\"https:\/\/www.youtube.com\/channel\/UCRzypVq0B_yBad5eGrwBx0Q?sub_confirmation=1\" target=\"_blank\" rel=\"noopener noreferrer\">cha\u00eene YouTube<\/a> . <a href=\"https:\/\/www.youtube.com\/channel\/UCRzypVq0B_yBad5eGrwBx0Q?sub_confirmation=1\" target=\"_blank\" rel=\"noopener noreferrer\">Abonnez-vous!<\/a><\/p>\n<div class=\"mvp-org-wrap mvp-org-logo\" itemprop=\"publisher\" itemscope=\"\" itemtype=\"https:\/\/schema.org\/Organization\"><img decoding=\"async\" src=\"https:\/\/sport.tunisienumerique.com\/wp-content\/uploads\/2017\/05\/logo_tunisie_numerique.png\"\/><\/div>\n<div class=\"mvp-related-posts left relative\">\n<h4 class=\"post-header\"><span class=\"post-header\">Lire aussi<\/span><\/h4>\n<\/div>\n<div id=\"article-ad\"><ins class=\"adsbygoogle c7\" data-ad-client=\"ca-pub-2102118777505746\" data-ad-slot=\"6513972734\" data-ad-format=\"auto\" data-full-width-responsive=\"true\"\/> <\/div>\n<\/div>\n<div id=\"post-sidebar-wrap\"><ins class=\"adsbygoogle c7\" data-ad-client=\"ca-pub-2102118777505746\" data-ad-slot=\"6513972734\" data-ad-format=\"auto\" data-full-width-responsive=\"true\"\/> <\/div>\n<p>Auteur: a.<br \/>\n<a href=\"https:\/\/sport.tunisienumerique.com\/foot-diego-maradona-va-etre-opere-du-cerveau-en-urgence\/\">Cliquez ici pour lire l&rsquo;article depuis sa source.<\/a><\/p>\n","protected":false},"excerpt":{"rendered":"<p>By Fakhreddine Ben Malek \u00a0| Il y a 36 minutes \ud83d\udd0a \u00c9coutez l&rsquo;article Cet article vous a \u00e9t\u00e9 utile? Partagez le, il int\u00e9ressera d\u2019autres personnes. Merci! \u00a0 \u00a0 \u00a0 \u00a0 \u00a0 \u00a0 Hospitalis\u00e9 \u00e0 La Plata, la ville du club qu\u2019il entra\u00eene (le Gimnasia), Diego Maradona va se faire op\u00e9rer du cerveau en urgence. Hospitalis\u00e9 [&hellip;]<\/p>\n","protected":false},"author":1789,"featured_media":0,"comment_status":"closed","ping_status":"closed","sticky":false,"template":"","format":"standard","meta":{"fifu_image_url":"","fifu_image_alt":"","footnotes":""},"categories":[73,55],"tags":[],"class_list":["post-103602","post","type-post","status-publish","format-standard","hentry","category-actualite","category-tunisie"],"_links":{"self":[{"href":"https:\/\/linitiative.ca\/International\/wp-json\/wp\/v2\/posts\/103602","targetHints":{"allow":["GET"]}}],"collection":[{"href":"https:\/\/linitiative.ca\/International\/wp-json\/wp\/v2\/posts"}],"about":[{"href":"https:\/\/linitiative.ca\/International\/wp-json\/wp\/v2\/types\/post"}],"author":[{"embeddable":true,"href":"https:\/\/linitiative.ca\/International\/wp-json\/wp\/v2\/users\/1789"}],"replies":[{"embeddable":true,"href":"https:\/\/linitiative.ca\/International\/wp-json\/wp\/v2\/comments?post=103602"}],"version-history":[{"count":0,"href":"https:\/\/linitiative.ca\/International\/wp-json\/wp\/v2\/posts\/103602\/revisions"}],"wp:attachment":[{"href":"https:\/\/linitiative.ca\/International\/wp-json\/wp\/v2\/media?parent=103602"}],"wp:term":[{"taxonomy":"category","embeddable":true,"href":"https:\/\/linitiative.ca\/International\/wp-json\/wp\/v2\/categories?post=103602"},{"taxonomy":"post_tag","embeddable":true,"href":"https:\/\/linitiative.ca\/International\/wp-json\/wp\/v2\/tags?post=103602"}],"curies":[{"name":"wp","href":"https:\/\/api.w.org\/{rel}","templated":true}]}}