{"id":103603,"date":"2020-11-03T16:41:29","date_gmt":"2020-11-03T21:41:29","guid":{"rendered":"https:\/\/linitiative.ca\/International\/tunisie-hichem-mechichi-crucifie-son-ministre-de-la-sante-non-aucun-millime-na-ete-depense-du-fonds-1818\/"},"modified":"2020-11-03T16:41:29","modified_gmt":"2020-11-03T21:41:29","slug":"tunisie-hichem-mechichi-crucifie-son-ministre-de-la-sante-non-aucun-millime-na-ete-depense-du-fonds-1818","status":"publish","type":"post","link":"https:\/\/linitiative.ca\/International\/tunisie-hichem-mechichi-crucifie-son-ministre-de-la-sante-non-aucun-millime-na-ete-depense-du-fonds-1818\/","title":{"rendered":"Tunisie\u00a0: Hichem Mechichi crucifie son ministre de la Sant\u00e9\u00a0: \u00ab\u00a0Non, aucun millime n\u2019a \u00e9t\u00e9 d\u00e9pens\u00e9 du fonds 1818\u00a0\u00bb\u00a0!"},"content":{"rendered":"<div class=\"post-cont-in left relative\">\n<div id=\"post-info-wrap\" class=\"left relative post-info-out\">\n<div class=\"post-info-img left relative\"><img loading=\"lazy\" decoding=\"async\" alt=\"\" src=\"https:\/\/secure.gravatar.com\/avatar\/96253f4a657b482a18e837c1252096c2?s=50&amp;d=mm&amp;r=g\" srcset=\"https:\/\/secure.gravatar.com\/avatar\/96253f4a657b482a18e837c1252096c2?s=100&amp;d=mm&amp;r=g 2x\" class=\"avatar avatar-50 photo\" height=\"50\" width=\"50\"\/><\/div>\n<div class=\"post-info-in\">\n<div class=\"post-info-right left relative post-info-name left relative\"><span itemprop=\"author\" itemscope=\"\" itemtype=\"https:\/\/schema.org\/Person\"><span class=\"post-info-text\">Par<\/span> <span class=\"author-name vcard fn author\" itemprop=\"name\"><a href=\"https:\/\/www.tunisienumerique.com\/author\/saber\/\" title=\"Articles par Saber .\" rel=\"author\">Saber .<\/a><\/span><\/span> <span class=\"post-date updated\"><time class=\"post-date updated\" itemprop=\"datePublished\" datetime=\"2020-11-03\">\u00a0| Il y a 41 minutes<\/time><\/span><\/div>\n<div class=\"left relative\"><button id=\"listenButton1\" class=\"responsivevoice-button\" type=\"button\" value=\"Play\" title=\"&#xC9;coutez l'article\"><span>\ud83d\udd0a \u00c9coutez l&rsquo;article<\/span><\/button> <\/div>\n<\/div>\n<\/div>\n<p>D\u00e9cid\u00e9ment, rien ne va plus pour le ministre de la Sant\u00e9 du gouvernement Mechichi, si toutefois on peut le qualifier de tel\u2026 Car on se demande s\u00e9rieusement pour qui roule ce ministre qui ose d\u00e9mentir, sur les m\u00e9dias et en public, son chef hi\u00e9rarchique.<\/p>\n<div class=\"code-block code-block-1 c4\"><ins class=\"adsbygoogle c3\" data-ad-layout=\"in-article\" data-ad-format=\"fluid\" data-ad-client=\"ca-pub-2102118777505746\" data-ad-slot=\"7301775417\"\/> <\/div>\n<p>En effet, le lendemain de la derni\u00e8re sortie m\u00e9diatique du chef du gouvernement, au cours de laquelle il a assur\u00e9 que rien n\u2019a \u00e9t\u00e9 d\u00e9pens\u00e9 du fonds 1818, \u00e0 cause des entraves bureaucratiques, le ministre de la Sant\u00e9 s\u2019est empress\u00e9 de monter au cr\u00e9neau pour d\u00e9mentir son chef du gouvernement, alors, m\u00eame, que ce dernier ne l\u2019accusait en rien, puisqu\u2019il parlait de l\u2019\u00e9poque qui a pr\u00e9c\u00e9d\u00e9 sa prise de fonction \u00e0 la t\u00eate du minist\u00e8re de la Sant\u00e9. C\u2019est \u00e0 croire que le ministre a \u00e9t\u00e9 pouss\u00e9 \u00e0 r\u00e9agir par son entourage qui se serait senti vis\u00e9 par les affirmations du chef du gouvernement, puisqu\u2019il critiquait un travail non accompli alors qu\u2019ils \u00e9taient aux commandes du dossier de la lutte contre la Covid.<\/p>\n<p>Le ministre s\u2019est donc jet\u00e9 \u00e0 la premi\u00e8re heure, sur le premier micro qui s\u2019offrait \u00e0 lui, pour assurer que pas moins de 52 milliards ont \u00e9t\u00e9 d\u00e9pens\u00e9s de ce fonds et il a, m\u00eame, pr\u00e9cis\u00e9 que cette somme a servi \u00e0 acheter des ambulances et des lits de r\u00e9animation.<\/p>\n<p>Il faut croire que cette riposte du ministre n\u2019a pas du tout plu au chef du gouvernement, qui n\u2019a pas rat\u00e9 la premi\u00e8re opportunit\u00e9 que s\u2019est pr\u00e9sent\u00e9e \u00e0 lui, cet apr\u00e8s midi, pour revenir \u00e0 la charge en assurant qu\u2019il savait ce qu\u2019il disait et qu\u2019il persistait \u00e0 affirmer qu\u2019aucun millime n\u2019a \u00e9t\u00e9 d\u00e9pens\u00e9 de ce fonds. Il a ajout\u00e9, en une \u00e9vidente r\u00e9ponse au d\u00e9menti de son ministre qui parlait d\u2019achat d\u2019ambulances et de lits de r\u00e9animation, que le tunisien n\u2019avait rien \u00e0 faire des d\u00e9marches de commande de mat\u00e9riel. Il a expliqu\u00e9 que ce qui convainc le tunisien c\u2019est de voir les ambulances en question circuler la rue et les lits de r\u00e9animation install\u00e9s dans les services hospitaliers.<\/p>\n<p>Il faut reconnaitre que Mechichi a raison de prendre cette affaire de la sorte, car il est mals\u00e9ant de la part de son ministre de pr\u00e9tendre que son chef du gouvernement ne connaissait rien de ses dossiers, et qu\u2019il disait n\u2019importe quoi.<\/p>\n<p>Sachant le bilan pas trop brillant de ce ministre \u00e0 la t\u00eate de son d\u00e9partement, on ne donnerait pas cher de son maintien \u00e0 son poste, \u00e0 moins que ce qui se dit du fait qu\u2019il soit soutenu en haut lieu, s\u2019av\u00e8re vrai !<br \/><iframe loading=\"lazy\" class=\"c5\" src=\"https:\/\/www.facebook.com\/plugins\/video.php?href=https%3A%2F%2Fwww.facebook.com%2FTunisie.Numerique%2Fvideos%2F678294649777698%2F&amp;show_text=0&amp;width=560\" width=\"560\" height=\"315\" frameborder=\"0\" scrolling=\"no\" allowfullscreen=\"allowfullscreen\">[embedded content]<\/iframe><\/p>\n<div class=\"swp_social_panel swp_horizontal_panel swp_flat_fresh swp_default_full_color swp_individual_full_color swp_other_full_color scale-100 scale-\" data-min-width=\"1100\" data-float-color=\"#ffffff\" data-float=\"bottom\" data-float-mobile=\"bottom\" data-transition=\"slide\">\n<div class=\"nc_tweetContainer swp_share_button total_shares total_sharesalt\"><span class=\"swp_count\">1 <span class=\"swp_label\">Partages<\/span><\/span><\/div>\n<\/div>\n<p><strong>Que se passe-t-il en Tunisie?<\/strong><br \/>Nous expliquons sur notre <a href=\"https:\/\/www.youtube.com\/channel\/UCRzypVq0B_yBad5eGrwBx0Q?sub_confirmation=1\" target=\"_blank\" rel=\"noopener noreferrer\">cha\u00eene YouTube<\/a> . <a href=\"https:\/\/www.youtube.com\/channel\/UCRzypVq0B_yBad5eGrwBx0Q?sub_confirmation=1\" target=\"_blank\" rel=\"noopener noreferrer\">Abonnez-vous!<\/a><\/p>\n<div class=\"mvp-org-wrap mvp-org-logo\" itemprop=\"publisher\" itemscope=\"\" itemtype=\"https:\/\/schema.org\/Organization\"><img decoding=\"async\" src=\"https:\/\/www.tunisienumerique.com\/wp-content\/uploads\/2017\/02\/logo_tunisie_numerique.png\"\/><\/div>\n<div class=\"mvp-related-posts left relative\">\n<h4 class=\"post-header\"><span class=\"post-header\">Lire aussi<\/span><\/h4>\n<\/div>\n<div id=\"article-ad\"><ins class=\"adsbygoogle c6\" data-ad-client=\"ca-pub-2102118777505746\" data-ad-slot=\"6513972734\" data-ad-format=\"auto\" data-full-width-responsive=\"true\"\/> <\/div>\n<\/div>\n<div id=\"post-sidebar-wrap\"><ins class=\"adsbygoogle c6\" data-ad-client=\"ca-pub-2102118777505746\" data-ad-slot=\"6168283410\" data-ad-format=\"auto\" data-full-width-responsive=\"true\"\/> <\/div>\n<p>Auteur: Saber .<br \/>\n<a href=\"https:\/\/www.tunisienumerique.com\/tunisie-hichem-mechichi-crucifie-son-ministre-de-la-sante-non-aucun-millime-na-ete-depense-du-fonds-1818\/\">Cliquez ici pour lire l&rsquo;article depuis sa source.<\/a><\/p>\n","protected":false},"excerpt":{"rendered":"<p>Par Saber . \u00a0| Il y a 41 minutes \ud83d\udd0a \u00c9coutez l&rsquo;article D\u00e9cid\u00e9ment, rien ne va plus pour le ministre de la Sant\u00e9 du gouvernement Mechichi, si toutefois on peut le qualifier de tel\u2026 Car on se demande s\u00e9rieusement pour qui roule ce ministre qui ose d\u00e9mentir, sur les m\u00e9dias et en public, son chef [&hellip;]<\/p>\n","protected":false},"author":1789,"featured_media":0,"comment_status":"closed","ping_status":"closed","sticky":false,"template":"","format":"standard","meta":{"fifu_image_url":"","fifu_image_alt":"","footnotes":""},"categories":[73,55],"tags":[],"class_list":["post-103603","post","type-post","status-publish","format-standard","hentry","category-actualite","category-tunisie"],"_links":{"self":[{"href":"https:\/\/linitiative.ca\/International\/wp-json\/wp\/v2\/posts\/103603","targetHints":{"allow":["GET"]}}],"collection":[{"href":"https:\/\/linitiative.ca\/International\/wp-json\/wp\/v2\/posts"}],"about":[{"href":"https:\/\/linitiative.ca\/International\/wp-json\/wp\/v2\/types\/post"}],"author":[{"embeddable":true,"href":"https:\/\/linitiative.ca\/International\/wp-json\/wp\/v2\/users\/1789"}],"replies":[{"embeddable":true,"href":"https:\/\/linitiative.ca\/International\/wp-json\/wp\/v2\/comments?post=103603"}],"version-history":[{"count":0,"href":"https:\/\/linitiative.ca\/International\/wp-json\/wp\/v2\/posts\/103603\/revisions"}],"wp:attachment":[{"href":"https:\/\/linitiative.ca\/International\/wp-json\/wp\/v2\/media?parent=103603"}],"wp:term":[{"taxonomy":"category","embeddable":true,"href":"https:\/\/linitiative.ca\/International\/wp-json\/wp\/v2\/categories?post=103603"},{"taxonomy":"post_tag","embeddable":true,"href":"https:\/\/linitiative.ca\/International\/wp-json\/wp\/v2\/tags?post=103603"}],"curies":[{"name":"wp","href":"https:\/\/api.w.org\/{rel}","templated":true}]}}