{"id":103605,"date":"2020-11-03T16:52:45","date_gmt":"2020-11-03T21:52:45","guid":{"rendered":"https:\/\/linitiative.ca\/International\/tunisie-financement-dennahdha-et-enrichissement-illegal-de-ses-dirigeants-abbou-temoigne\/"},"modified":"2020-11-03T16:52:45","modified_gmt":"2020-11-03T21:52:45","slug":"tunisie-financement-dennahdha-et-enrichissement-illegal-de-ses-dirigeants-abbou-temoigne","status":"publish","type":"post","link":"https:\/\/linitiative.ca\/International\/tunisie-financement-dennahdha-et-enrichissement-illegal-de-ses-dirigeants-abbou-temoigne\/","title":{"rendered":"Tunisie\u00a0: Financement d\u2019Ennahdha et enrichissement ill\u00e9gal de ses dirigeants\u00a0: Abbou t\u00e9moigne"},"content":{"rendered":"<div class=\"post-cont-in left relative\">\n<div id=\"post-info-wrap\" class=\"left relative post-info-out\">\n<div class=\"post-info-img left relative\"><img loading=\"lazy\" decoding=\"async\" alt=\"\" src=\"https:\/\/secure.gravatar.com\/avatar\/047123be9d5e8513774383916ee72db2?s=50&amp;d=mm&amp;r=g\" srcset=\"https:\/\/secure.gravatar.com\/avatar\/047123be9d5e8513774383916ee72db2?s=100&amp;d=mm&amp;r=g 2x\" class=\"avatar avatar-50 photo\" height=\"50\" width=\"50\"\/><\/div>\n<div class=\"post-info-in\">\n<div class=\"post-info-right left relative post-info-name left relative\"><span itemprop=\"author\" itemscope=\"\" itemtype=\"https:\/\/schema.org\/Person\"><span class=\"post-info-text\">Par<\/span> <span class=\"author-name vcard fn author\" itemprop=\"name\"><a href=\"https:\/\/www.tunisienumerique.com\/author\/lm\/\" title=\"Articles par LM\" rel=\"author\">LM<\/a><\/span><\/span> <span class=\"post-date updated\"><time class=\"post-date updated\" itemprop=\"datePublished\" datetime=\"2020-11-03\">\u00a0| Il y a 15 secondes<\/time><\/span><\/div>\n<div class=\"left relative\"><button id=\"listenButton1\" class=\"responsivevoice-button\" type=\"button\" value=\"Play\" title=\"&#xC9;coutez l'article\"><span>\ud83d\udd0a \u00c9coutez l&rsquo;article<\/span><\/button> <\/div>\n<\/div>\n<\/div>\n<p>Des sources fiables ont assur\u00e9 \u00e0 Mosa\u00efque FM, que l\u2019ex-ministre, Mohamed Abbou a \u00e9t\u00e9 entendu comme t\u00e9moin, par le juge d\u2019instruction du p\u00f4le judiciaire financier, dans le cadre du dossier qu\u2019il avait transf\u00e9r\u00e9 au p\u00f4le \u00e0 l\u2019\u00e9poque o\u00f9 il \u00e9tait ministre et qui concerne le financement illicite d\u2019Ennahdha et l\u2019enrichissement ill\u00e9gal de ses dirigeants.<\/p>\n<div class=\"code-block code-block-1 c4\"><ins class=\"adsbygoogle c3\" data-ad-layout=\"in-article\" data-ad-format=\"fluid\" data-ad-client=\"ca-pub-2102118777505746\" data-ad-slot=\"7301775417\"\/> <\/div>\n<div class=\"swp_social_panel swp_horizontal_panel swp_flat_fresh swp_default_full_color swp_individual_full_color swp_other_full_color scale-100 scale-\" data-min-width=\"1100\" data-float-color=\"#ffffff\" data-float=\"bottom\" data-float-mobile=\"bottom\" data-transition=\"slide\">\n<div class=\"nc_tweetContainer swp_share_button total_shares total_sharesalt\"><span class=\"swp_count\">1 <span class=\"swp_label\">Partages<\/span><\/span><\/div>\n<\/div>\n<p><strong>Que se passe-t-il en Tunisie?<\/strong><br \/>Nous expliquons sur notre <a href=\"https:\/\/www.youtube.com\/channel\/UCRzypVq0B_yBad5eGrwBx0Q?sub_confirmation=1\" target=\"_blank\" rel=\"noopener noreferrer\">cha\u00eene YouTube<\/a> . <a href=\"https:\/\/www.youtube.com\/channel\/UCRzypVq0B_yBad5eGrwBx0Q?sub_confirmation=1\" target=\"_blank\" rel=\"noopener noreferrer\">Abonnez-vous!<\/a><\/p>\n<div class=\"mvp-org-wrap mvp-org-logo\" itemprop=\"publisher\" itemscope=\"\" itemtype=\"https:\/\/schema.org\/Organization\"><img decoding=\"async\" src=\"https:\/\/www.tunisienumerique.com\/wp-content\/uploads\/2017\/02\/logo_tunisie_numerique.png\"\/><\/div>\n<div class=\"mvp-related-posts left relative\">\n<h4 class=\"post-header\"><span class=\"post-header\">Lire aussi<\/span><\/h4>\n<\/div>\n<div id=\"article-ad\"><ins class=\"adsbygoogle c5\" data-ad-client=\"ca-pub-2102118777505746\" data-ad-slot=\"6513972734\" data-ad-format=\"auto\" data-full-width-responsive=\"true\"\/> <\/div>\n<\/div>\n<div id=\"post-sidebar-wrap\"><ins class=\"adsbygoogle c5\" data-ad-client=\"ca-pub-2102118777505746\" data-ad-slot=\"6168283410\" data-ad-format=\"auto\" data-full-width-responsive=\"true\"\/> <\/div>\n<p>Auteur: LM<br \/>\n<a href=\"https:\/\/www.tunisienumerique.com\/tunisie-financement-dennahdha-et-enrichissement-illegal-de-ses-dirigeants-abbou-temoigne\/\">Cliquez ici pour lire l&rsquo;article depuis sa source.<\/a><\/p>\n","protected":false},"excerpt":{"rendered":"<p>Par LM \u00a0| Il y a 15 secondes \ud83d\udd0a \u00c9coutez l&rsquo;article Des sources fiables ont assur\u00e9 \u00e0 Mosa\u00efque FM, que l\u2019ex-ministre, Mohamed Abbou a \u00e9t\u00e9 entendu comme t\u00e9moin, par le juge d\u2019instruction du p\u00f4le judiciaire financier, dans le cadre du dossier qu\u2019il avait transf\u00e9r\u00e9 au p\u00f4le \u00e0 l\u2019\u00e9poque o\u00f9 il \u00e9tait ministre et qui concerne [&hellip;]<\/p>\n","protected":false},"author":1789,"featured_media":0,"comment_status":"closed","ping_status":"closed","sticky":false,"template":"","format":"standard","meta":{"fifu_image_url":"","fifu_image_alt":"","footnotes":""},"categories":[73,55],"tags":[],"class_list":["post-103605","post","type-post","status-publish","format-standard","hentry","category-actualite","category-tunisie"],"_links":{"self":[{"href":"https:\/\/linitiative.ca\/International\/wp-json\/wp\/v2\/posts\/103605","targetHints":{"allow":["GET"]}}],"collection":[{"href":"https:\/\/linitiative.ca\/International\/wp-json\/wp\/v2\/posts"}],"about":[{"href":"https:\/\/linitiative.ca\/International\/wp-json\/wp\/v2\/types\/post"}],"author":[{"embeddable":true,"href":"https:\/\/linitiative.ca\/International\/wp-json\/wp\/v2\/users\/1789"}],"replies":[{"embeddable":true,"href":"https:\/\/linitiative.ca\/International\/wp-json\/wp\/v2\/comments?post=103605"}],"version-history":[{"count":0,"href":"https:\/\/linitiative.ca\/International\/wp-json\/wp\/v2\/posts\/103605\/revisions"}],"wp:attachment":[{"href":"https:\/\/linitiative.ca\/International\/wp-json\/wp\/v2\/media?parent=103605"}],"wp:term":[{"taxonomy":"category","embeddable":true,"href":"https:\/\/linitiative.ca\/International\/wp-json\/wp\/v2\/categories?post=103605"},{"taxonomy":"post_tag","embeddable":true,"href":"https:\/\/linitiative.ca\/International\/wp-json\/wp\/v2\/tags?post=103605"}],"curies":[{"name":"wp","href":"https:\/\/api.w.org\/{rel}","templated":true}]}}