{"id":103622,"date":"2020-11-03T18:03:32","date_gmt":"2020-11-03T23:03:32","guid":{"rendered":"https:\/\/linitiative.ca\/International\/election-en-cote-divoire-caravane-du-rhdp-a-abidjan-pour-celebrer-la-victoire-de-ouattara\/"},"modified":"2020-11-03T18:03:32","modified_gmt":"2020-11-03T23:03:32","slug":"election-en-cote-divoire-caravane-du-rhdp-a-abidjan-pour-celebrer-la-victoire-de-ouattara","status":"publish","type":"post","link":"https:\/\/linitiative.ca\/International\/election-en-cote-divoire-caravane-du-rhdp-a-abidjan-pour-celebrer-la-victoire-de-ouattara\/","title":{"rendered":"\u00c9lection en C\u00f4te d\u2019Ivoire: caravane du Rhdp \u00e0 Abidjan pour c\u00e9l\u00e9brer la victoire de Ouattara"},"content":{"rendered":"<div readability=\"32\">\n<p>Publi\u00e9 le 04.11.2020 \u00e0 00h18 par APA News<\/p>\n<\/div>\n<div readability=\"154\">\n<p>Des militants et sympathisants du Rassemblement des houphou\u00ebtistes pour la d\u00e9mocratie et la paix (Rhdp), le parti de Alassane Ouattara, vainqueur de l\u2019\u00e9lection pr\u00e9sidentielle ivoirienne du 31 octobre 2020, ont exprim\u00e9 mardi leur joie \u00e0 travers une caravane ayant parcouru Abidjan.La cohorte est partie de la Rue Lepic, \u00e0 Cocody, un quartier hupp\u00e9 dans l\u2019Est d\u2019Abidjan, o\u00f9 est implant\u00e9 le quartier g\u00e9n\u00e9ral du Rhdp. Et ce, en pr\u00e9sence de certains cadres de la formation politique.\u00a0<\/p>\n<p>Avec des pagnes et tee-shirts \u00e0 l\u2019effigie de leur leader, Alassane Ouattara, ils ont envahi la Rue Lepic qui refusait du monde. Venus de divers horizons, ils ont esquiss\u00e9 des pas de danses, aux rythmes de musiques urbaines.\u00a0<\/p>\n<p>L\u2019on pouvait entendre une explosion de joie des militants du Rhdp. Pour parcourir les communes d\u2019Abobo, Adjam\u00e9, Treichville, Koumassi et Port-Bou\u00ebt, d\u2019autres s\u2019affairaient \u00e0 disposer la logistique pour leur permettre de tenir le trajet. \u00a0<\/p>\n<p>Des camions podiums et du mat\u00e9riel de sonorisation ont \u00e9t\u00e9 mis \u00e0 la disposition des militants pour faire cette caravanes. Certains \u00e0 bord de leur engin ont suivi le mouvement, dans un vuvuzela.\u00a0<\/p>\n<p>\u00ab\u00a0Aujourd\u2019hui, nous laissons appara\u00eetre notre joie, joie surtout pour ces militants du Rhdp qui comme un seul homme sont rest\u00e9s debout et ont port\u00e9 le message de leur champion, Alassane Ouattara\u00a0\u00bb, a d\u00e9clar\u00e9 Adama Bictogo, le directeur ex\u00e9cutif du Rhdp, peu avant la caravane. \u00a0<\/p>\n<p>\u00ab\u00a0Pour nous, c\u2019est un jour exceptionnel, un jour de joie, parce qu\u2019un nouveau jour se l\u00e8ve pour la C\u00f4te d\u2019Ivoire et ce nouveau jour, c\u2019est la C\u00f4te d\u2019Ivoire solidaire, le renforcement de la coh\u00e9sion sociale, des champions nationaux, la C\u00f4te d\u2019Ivoire de l\u2019emploi, de l\u2019\u00e9conomie num\u00e9rique\u00a0\u00bb, a-t-il ajout\u00e9. \u00a0\u00a0<\/p>\n<p>Cette victoire, soutiendra-t-il, permettra de favoriser une \u00ab\u00a0C\u00f4te d\u2019Ivoire conqu\u00e9rante, plus apais\u00e9e et plus rassembl\u00e9e\u00a0\u00bb, avant d\u2019indiquer qu\u2019elle est d\u00e9di\u00e9e \u00e0 la m\u00e9moire de feu Amadou Gon Coulibaly et \u00e0 feu Sidiki Diakit\u00e9, le ministre de l\u2019Administration du territoire.<\/p>\n<p>Les militants ont non seulement relev\u00e9 le d\u00e9fi de la victoire, mais \u00e9galement de la d\u00e9mocratie avec la \u00a0victoire de M. Ouattara, \u00a0a-t-il lanc\u00e9, \u00a0d\u00e9plorant que certains Ivoiriens aient \u00ab\u00a0pay\u00e9 le prix de l\u2019absurdit\u00e9 et de la violence des opposants\u00a0\u00bb.<\/p>\n<p>M. Bictogo a martel\u00e9 que \u00ab\u00a0la classe politique irresponsable conduite par le pr\u00e9sident B\u00e9di\u00e9 et Affi Nguessan ont emp\u00each\u00e9 des Ivoiriens de voter\u00a0\u00bb, or l\u2019\u00e9lection est un moyen pour se r\u00e9aliser pour l\u2019avenir.\u00a0<\/p>\n<p>Mme Kandia Camara, la ministre de l\u2019\u00c9ducation nationale, de l\u2019enseignement technique et de la formation professionnelle, directrice de campagne en charge des femmes, s\u2019est f\u00e9licit\u00e9e de ce que les Ivoiriens ont port\u00e9 leur choix sur M. Ouattara malgr\u00e9 les menaces de l\u2019opposition.\u00a0<\/p>\n<p>Pour elle, \u00ab\u00a0les Ivoiriens viennent de confirmer que la C\u00f4te d\u2019Ivoire est v\u00e9ritablement sur la voie de la d\u00e9mocratie\u00a0\u00bb. En neuf ans, M. Ouattara a fait de la C\u00f4te d\u2019Ivoire un \u00c9tat d\u00e9mocratique, avec un bilan \u00e9loquent. \u00a0<\/p>\n<p>Suite \u00e0 l\u2019appel de l\u2019opposition \u00e0 emp\u00eacher le vote, il y a eu des violences par endroits, emp\u00eachant les \u00e9lecteurs d\u2019exercer leur droit civique. Selon Mme Kandia Camara, cette attitude montre que l\u2019opposition est \u00ab\u00a0en panne d\u2019id\u00e9es\u00a0\u00bb et n\u2019a pas de bilan et de projet.\u00a0<\/p>\n<p>\u00ab\u00a0Nous voulons leur dire qu\u2019il n\u2019y aura pas de coup d\u2019Etat dans ce pays\u00a0\u00bb, a-t-elle lanc\u00e9, affirmant que \u00ab\u00a0seul la paix peut permettre le d\u00e9veloppement\u00a0\u00bb. Par ailleurs, ces opposants ont \u00ab\u00a0\u00e9chou\u00e9\u00a0\u00bb, car les Ivoiriens veulent la paix.\u00a0<\/p>\n<p>\u00ab\u00a0Ces r\u00e9sultats sont le d\u00e9saveu total apport\u00e9 \u00e0 l\u2019opposition\u00a0\u00bb qui a voulu \u00ab\u00a0cr\u00e9er un chao\u00a0\u00bb, a poursuivi la ministre de l\u2019\u00c9ducation nationale, soutenant que M. Ouattara, dont la candidature est contest\u00e9e par l\u2019opposition, a \u00ab\u00a0accept\u00e9 de faire le sacrifice\u00a0\u00bb en briguant ce mandat.<\/p>\n<p>La Commission \u00e9lectorale ind\u00e9pendante a annonc\u00e9 mardi la r\u00e9\u00e9lection de Alassane Ouattara avec 94,27% des suffrages et un taux de participation de 53,90%. Ce r\u00e9sultat provisoire devrait \u00eatre revu par le Conseil constitutionnel, qui proclamera les r\u00e9sultats d\u00e9finitifs. \u00a0<\/p>\n<\/div>\n<p>Auteur: APA News<br \/>\n<a href=\"https:\/\/www.journalducameroun.com\/election-en-cote-divoire-caravane-du-rhdp-a-abidjan-pour-celebrer-la-victoire-de-ouattara\/\">Cliquez ici pour lire l&rsquo;article depuis sa source.<\/a><\/p>\n","protected":false},"excerpt":{"rendered":"<p>Publi\u00e9 le 04.11.2020 \u00e0 00h18 par APA News Des militants et sympathisants du Rassemblement des houphou\u00ebtistes pour la d\u00e9mocratie et la paix (Rhdp), le parti de Alassane Ouattara, vainqueur de l\u2019\u00e9lection pr\u00e9sidentielle ivoirienne du 31 octobre 2020, ont exprim\u00e9 mardi leur joie \u00e0 travers une caravane ayant parcouru Abidjan.La cohorte est partie de la Rue [&hellip;]<\/p>\n","protected":false},"author":1965,"featured_media":0,"comment_status":"closed","ping_status":"closed","sticky":false,"template":"","format":"standard","meta":{"fifu_image_url":"","fifu_image_alt":"","footnotes":""},"categories":[73,82],"tags":[],"class_list":["post-103622","post","type-post","status-publish","format-standard","hentry","category-actualite","category-cameroun"],"_links":{"self":[{"href":"https:\/\/linitiative.ca\/International\/wp-json\/wp\/v2\/posts\/103622","targetHints":{"allow":["GET"]}}],"collection":[{"href":"https:\/\/linitiative.ca\/International\/wp-json\/wp\/v2\/posts"}],"about":[{"href":"https:\/\/linitiative.ca\/International\/wp-json\/wp\/v2\/types\/post"}],"author":[{"embeddable":true,"href":"https:\/\/linitiative.ca\/International\/wp-json\/wp\/v2\/users\/1965"}],"replies":[{"embeddable":true,"href":"https:\/\/linitiative.ca\/International\/wp-json\/wp\/v2\/comments?post=103622"}],"version-history":[{"count":0,"href":"https:\/\/linitiative.ca\/International\/wp-json\/wp\/v2\/posts\/103622\/revisions"}],"wp:attachment":[{"href":"https:\/\/linitiative.ca\/International\/wp-json\/wp\/v2\/media?parent=103622"}],"wp:term":[{"taxonomy":"category","embeddable":true,"href":"https:\/\/linitiative.ca\/International\/wp-json\/wp\/v2\/categories?post=103622"},{"taxonomy":"post_tag","embeddable":true,"href":"https:\/\/linitiative.ca\/International\/wp-json\/wp\/v2\/tags?post=103622"}],"curies":[{"name":"wp","href":"https:\/\/api.w.org\/{rel}","templated":true}]}}