{"id":103628,"date":"2020-11-04T08:17:31","date_gmt":"2020-11-04T13:17:31","guid":{"rendered":"https:\/\/linitiative.ca\/International\/immatriculations-le-diesel-devance-par-les-hybrides-et-electriques-en-europe\/"},"modified":"2020-11-04T08:17:31","modified_gmt":"2020-11-04T13:17:31","slug":"immatriculations-le-diesel-devance-par-les-hybrides-et-electriques-en-europe","status":"publish","type":"post","link":"https:\/\/linitiative.ca\/International\/immatriculations-le-diesel-devance-par-les-hybrides-et-electriques-en-europe\/","title":{"rendered":"Immatriculations : Le diesel devanc\u00e9 par les hybrides et \u00e9lectriques en Europe"},"content":{"rendered":"<header>\n<\/header>\n<div class=\"entry-content clearfix\" readability=\"55\"><img decoding=\"async\" class=\"post_layout_5_img\" src=\"http:\/\/aujourdhui.ma\/wp-content\/uploads\/2018\/04\/Vehicules-hybrides.jpg\" alt=\"Immatriculations : Le diesel devanc&#xE9; par les hybrides et &#xE9;lectriques en Europe\"\/><\/p>\n<p><span class=\"c5\"><strong>Les voitures hybrides et \u00e9lectriques ont d\u00e9pass\u00e9 les diesel pour la premi\u00e8re fois en Europe, lors des immatriculations du mois de septembre, ont indiqu\u00e9 jeudi les consultants de Jato Dynamics.<\/strong><\/span><span id=\"more-359489\"\/><\/p>\n<p>Quelque 327.800 voitures hybrides et \u00e9lectriques ont \u00e9t\u00e9 vendues en septembre, soit une part de march\u00e9 de 25,3%, en hausse de 138% sur un an, contre 24,8% pour les diesel, et 47% pour les voitures \u00e0 essence. Toyota reste en t\u00eate des ventes d\u2019hybrides l\u00e9gers (32% de parts de march\u00e9) avec notamment la Corolla, la CH-R et la Yaris, mais les ventes de la Ford Puma, des Fiat 500 et Panda, et de la Suzuki Swift ont \u00e9galement contribu\u00e9 \u00e0 la croissance du march\u00e9. Le petit segment des hybrides rechargeables est, lui, domin\u00e9 par Mercedes avec la Classe A et le GLC et Volvo avec le XC40 et le XC60. Du c\u00f4t\u00e9 des 100% \u00e9lectriques, la Tesla Model 3 reste de loin le mod\u00e8le le plus vendu en Europe avec 15.000 exemplaires, mais les ventes du champion am\u00e9ricain ont chut\u00e9 de 5% sur un an, avec la crise sanitaire. Les ventes de ses outsiders Volkswagen et Renault ont au contraire augment\u00e9 de 352% et 211% sur un an dans l\u2019\u00e9lectrique. La Renault Zo\u00e9 nouvelle g\u00e9n\u00e9ration s\u2019est vendue \u00e0 11.000 exemplaires et la Volkswagen iD3 fait une entr\u00e9e en fanfare avec pr\u00e8s de 8.000 v\u00e9hicules vendus.<\/p>\n<\/div>\n<p>Auteur: ALM<br \/>\n<a href=\"https:\/\/aujourdhui.ma\/automobile\/immatriculations-le-diesel-devance-par-les-hybrides-et-electriques-en-europe\">Cliquez ici pour lire l&rsquo;article depuis sa source.<\/a><\/p>\n","protected":false},"excerpt":{"rendered":"<p>Les voitures hybrides et \u00e9lectriques ont d\u00e9pass\u00e9 les diesel pour la premi\u00e8re fois en Europe, lors des immatriculations du mois de septembre, ont indiqu\u00e9 jeudi les consultants de Jato Dynamics. Quelque 327.800 voitures hybrides et \u00e9lectriques ont \u00e9t\u00e9 vendues en septembre, soit une part de march\u00e9 de 25,3%, en hausse de 138% sur un an, [&hellip;]<\/p>\n","protected":false},"author":1759,"featured_media":103629,"comment_status":"closed","ping_status":"closed","sticky":false,"template":"","format":"standard","meta":{"fifu_image_url":"","fifu_image_alt":"","footnotes":""},"categories":[73,54],"tags":[],"class_list":["post-103628","post","type-post","status-publish","format-standard","has-post-thumbnail","hentry","category-actualite","category-maroc"],"_links":{"self":[{"href":"https:\/\/linitiative.ca\/International\/wp-json\/wp\/v2\/posts\/103628","targetHints":{"allow":["GET"]}}],"collection":[{"href":"https:\/\/linitiative.ca\/International\/wp-json\/wp\/v2\/posts"}],"about":[{"href":"https:\/\/linitiative.ca\/International\/wp-json\/wp\/v2\/types\/post"}],"author":[{"embeddable":true,"href":"https:\/\/linitiative.ca\/International\/wp-json\/wp\/v2\/users\/1759"}],"replies":[{"embeddable":true,"href":"https:\/\/linitiative.ca\/International\/wp-json\/wp\/v2\/comments?post=103628"}],"version-history":[{"count":0,"href":"https:\/\/linitiative.ca\/International\/wp-json\/wp\/v2\/posts\/103628\/revisions"}],"wp:featuredmedia":[{"embeddable":true,"href":"https:\/\/linitiative.ca\/International\/wp-json\/"}],"wp:attachment":[{"href":"https:\/\/linitiative.ca\/International\/wp-json\/wp\/v2\/media?parent=103628"}],"wp:term":[{"taxonomy":"category","embeddable":true,"href":"https:\/\/linitiative.ca\/International\/wp-json\/wp\/v2\/categories?post=103628"},{"taxonomy":"post_tag","embeddable":true,"href":"https:\/\/linitiative.ca\/International\/wp-json\/wp\/v2\/tags?post=103628"}],"curies":[{"name":"wp","href":"https:\/\/api.w.org\/{rel}","templated":true}]}}