{"id":103630,"date":"2020-11-04T08:18:51","date_gmt":"2020-11-04T13:18:51","guid":{"rendered":"https:\/\/linitiative.ca\/International\/le-role-de-leducation-dans-le-developpement-economique-de-lafrique-en-debat\/"},"modified":"2020-11-04T08:18:51","modified_gmt":"2020-11-04T13:18:51","slug":"le-role-de-leducation-dans-le-developpement-economique-de-lafrique-en-debat","status":"publish","type":"post","link":"https:\/\/linitiative.ca\/International\/le-role-de-leducation-dans-le-developpement-economique-de-lafrique-en-debat\/","title":{"rendered":"Le r\u00f4le de l\u2019\u00e9ducation dans le d\u00e9veloppement \u00e9conomique de l\u2019Afrique en d\u00e9bat"},"content":{"rendered":"<header>\n<div class=\"entry-post-meta\">\n<div class=\"author-link\">Publi\u00e9 par <a itemprop=\"author\" itemscope=\"\" itemtype=\"https:\/\/schema.org\/Person\" href=\"https:\/\/aujourdhui.ma\/author\/blio\" rel=\"author\"><span itemprop=\"name\">ALM<\/span><\/a><\/div>\n<p>Date\u00a0:<time content=\"2020-11-04T14:18:51+01:00\" class=\"entry-date updated\" datetime=\"2020-11-04T14:18:51+01:00\">novembre 04, 2020<\/time><\/p>\n<div class=\"entry-cat\">dans:<a href=\"https:\/\/aujourdhui.ma\/category\/societe\" rel=\"category tag\">Soci\u00e9t\u00e9<\/a><\/div>\n<p>1Vues<\/p>\n<\/div>\n<\/header>\n<div class=\"entry-content clearfix\" readability=\"66\"><img decoding=\"async\" class=\"post_layout_5_img\" src=\"http:\/\/aujourdhui.ma\/wp-content\/uploads\/2020\/11\/Le-role-de-leducation-dans-le-developpement-economique-de-lAfrique-en-debat.jpg\" alt=\"Le r&#xF4;le de l&#x2019;&#xE9;ducation dans le d&#xE9;veloppement &#xE9;conomique de l&#x2019;Afrique en d&#xE9;bat\"\/><\/p>\n<p><span class=\"c5\"><strong>Premi\u00e8re \u00e9dition du colloque \u00abTalents africains\u00bb organis\u00e9e par le Groupe Attijariwafa bank<\/strong><\/span><span id=\"more-359513\"\/><\/p>\n<p>L\u2019Afrique poss\u00e8de un gisement de talents qui doit pouvoir jouer un r\u00f4le d\u00e9terminant dans le d\u00e9veloppement de l\u2019Afrique en mettant l\u2019\u00e9ducation au c\u0153ur du processus d\u2019acquisition des comp\u00e9tences. C\u2019est ce qu\u2019a indiqu\u00e9 Ismail Douiri, directeur g\u00e9n\u00e9ral en charge du p\u00f4le Banque de D\u00e9tail \u00e0 l\u2019International et Filiales de Financement sp\u00e9cialis\u00e9es au sein du Groupe Attijariwafa bank, lors de la s\u00e9ance inaugurale de la premi\u00e8re \u00e9dition du colloque \u00abTalents africains\u00bb, dont les travaux viennent d\u2019avoir lieu avec grand succ\u00e8s. Dans ce sens, l\u2019intervenant a soulign\u00e9 l\u2019importance de r\u00e9pondre \u00e0 un certain nombre de questions qui doivent inviter \u00e0 r\u00e9fl\u00e9chir \u00e0 comment l\u2019Afrique pourra relever les d\u00e9fis futurs dans un monde qui se transforme rapidement. M. Douiri a structur\u00e9 son intervention autour de plusieurs interrogations qui doivent susciter une r\u00e9flexion profonde afin de dresser un bilan des actions entreprises \u00e0 l\u2019\u00e9chelle du continent et \u00e0 penser \u00e0 des strat\u00e9gies futures adapt\u00e9es \u00e0 un contexte en pleine mutation dans lequel l\u2019Afrique doit trouver sa place en construisant son avenir.<\/p>\n<p>De son c\u00f4t\u00e9, Mohamed Berrada, professeur \u00e0 l\u2019Universit\u00e9 Hassan II, a soulign\u00e9 l\u2019importance de ce colloque, organis\u00e9 par le Groupe Attijariwafa bank et traitant un th\u00e8me majeur li\u00e9 au d\u00e9veloppement des talents et des comp\u00e9tences \u00e0 l\u2019\u00e9chelle continentale. \u00abLa jeunesse africaine constitue la force motrice du continent qui peut compter sur ses talents pour relever des d\u00e9fis importants li\u00e9s \u00e0 son avenir\u00bb, a-t-il affirm\u00e9.<br \/>M. Berrada a mis en \u00e9vidence l\u2019urgence de faire de l\u2019acc\u00e8s \u00e0 l\u2019\u00e9ducation en Afrique une priorit\u00e9 en pr\u00e9cisant que le continent a le taux d\u2019exclusion \u00e0 l\u2019\u00e9ducation le plus \u00e9lev\u00e9 en particulier pour les femmes qui ont un r\u00f4le majeur dans le d\u00e9veloppement \u00e9conomique. Plus d\u2019un 1\/5 des enfants \u00e2g\u00e9s de 6 \u00e0 11 ans, a-t-il fait savoir, n\u2019est pas scolaris\u00e9. \u00abC\u2019est un constat alarmant qui suscite une r\u00e9ponse rapide, efficace et p\u00e9renne \u00e0 travers des mesures urgentes\u00bb, a pr\u00e9cis\u00e9 M. Berrada.<\/p>\n<p>L\u2019intervenant a mis l\u2019accent sur la n\u00e9cessit\u00e9 d\u2019acc\u00e9l\u00e9rer rapidement les initiatives et les projets structurants destin\u00e9s \u00e0 promouvoir l\u2019\u00e9ducation en Afrique en citant en exemple quelques pays qui forment chaque ann\u00e9e 1 ing\u00e9nieur pour 6.000 habitants en soulignant que la Chine forme aujourd\u2019hui chaque ann\u00e9e 1 ing\u00e9nieur pour 200 habitants. M. Berrada a poursuivi que l\u2019\u00e9ducation influence le d\u00e9veloppement \u00e9conomique en Afrique en soulignant l\u2019interd\u00e9pendance des sujets et le fait que le progr\u00e8s passera par une feuille de route qui inscrit son action dans un cadre global. Il a mis en exergue la croissance annuelle importante enregistr\u00e9e chaque ann\u00e9e en Afrique mais a soulev\u00e9 le fait que cette croissance doit \u00eatre mieux distribu\u00e9e, cr\u00e9atrice d\u2019emplois et surtout inclusive touchant les populations les plus d\u00e9favoris\u00e9es. M. Berrada a cl\u00f4tur\u00e9 son intervention par un message d\u2019espoir \u00e0 la jeunesse africaine et fond\u00e9 sur les valeurs, le civisme, le pacte social, le vivre-ensemble, le patriotisme, le respect de l\u2019environnement\u2026<\/p>\n<\/div>\n<p>Auteur: ALM<br \/>\n<a href=\"https:\/\/aujourdhui.ma\/societe\/le-role-de-leducation-dans-le-developpement-economique-de-lafrique-en-debat\">Cliquez ici pour lire l&rsquo;article depuis sa source.<\/a><\/p>\n","protected":false},"excerpt":{"rendered":"<p>Publi\u00e9 par ALM Date\u00a0:novembre 04, 2020 dans:Soci\u00e9t\u00e9 1Vues Premi\u00e8re \u00e9dition du colloque \u00abTalents africains\u00bb organis\u00e9e par le Groupe Attijariwafa bank L\u2019Afrique poss\u00e8de un gisement de talents qui doit pouvoir jouer un r\u00f4le d\u00e9terminant dans le d\u00e9veloppement de l\u2019Afrique en mettant l\u2019\u00e9ducation au c\u0153ur du processus d\u2019acquisition des comp\u00e9tences. C\u2019est ce qu\u2019a indiqu\u00e9 Ismail Douiri, directeur [&hellip;]<\/p>\n","protected":false},"author":1759,"featured_media":103631,"comment_status":"closed","ping_status":"closed","sticky":false,"template":"","format":"standard","meta":{"fifu_image_url":"","fifu_image_alt":"","footnotes":""},"categories":[73,54],"tags":[],"class_list":["post-103630","post","type-post","status-publish","format-standard","has-post-thumbnail","hentry","category-actualite","category-maroc"],"_links":{"self":[{"href":"https:\/\/linitiative.ca\/International\/wp-json\/wp\/v2\/posts\/103630","targetHints":{"allow":["GET"]}}],"collection":[{"href":"https:\/\/linitiative.ca\/International\/wp-json\/wp\/v2\/posts"}],"about":[{"href":"https:\/\/linitiative.ca\/International\/wp-json\/wp\/v2\/types\/post"}],"author":[{"embeddable":true,"href":"https:\/\/linitiative.ca\/International\/wp-json\/wp\/v2\/users\/1759"}],"replies":[{"embeddable":true,"href":"https:\/\/linitiative.ca\/International\/wp-json\/wp\/v2\/comments?post=103630"}],"version-history":[{"count":0,"href":"https:\/\/linitiative.ca\/International\/wp-json\/wp\/v2\/posts\/103630\/revisions"}],"wp:featuredmedia":[{"embeddable":true,"href":"https:\/\/linitiative.ca\/International\/wp-json\/"}],"wp:attachment":[{"href":"https:\/\/linitiative.ca\/International\/wp-json\/wp\/v2\/media?parent=103630"}],"wp:term":[{"taxonomy":"category","embeddable":true,"href":"https:\/\/linitiative.ca\/International\/wp-json\/wp\/v2\/categories?post=103630"},{"taxonomy":"post_tag","embeddable":true,"href":"https:\/\/linitiative.ca\/International\/wp-json\/wp\/v2\/tags?post=103630"}],"curies":[{"name":"wp","href":"https:\/\/api.w.org\/{rel}","templated":true}]}}