{"id":103632,"date":"2020-11-04T08:23:13","date_gmt":"2020-11-04T13:23:13","guid":{"rendered":"https:\/\/linitiative.ca\/International\/amo-le-remboursement-et-la-prise-en-charge-de-la-covid-19-desormais-operationnels\/"},"modified":"2020-11-04T08:23:13","modified_gmt":"2020-11-04T13:23:13","slug":"amo-le-remboursement-et-la-prise-en-charge-de-la-covid-19-desormais-operationnels","status":"publish","type":"post","link":"https:\/\/linitiative.ca\/International\/amo-le-remboursement-et-la-prise-en-charge-de-la-covid-19-desormais-operationnels\/","title":{"rendered":"AMO : Le remboursement et la prise en charge  de la Covid-19 d\u00e9sormais op\u00e9rationnels"},"content":{"rendered":"<header>\n<\/header>\n<div class=\"entry-content clearfix\" readability=\"47\"><img decoding=\"async\" class=\"post_layout_5_img\" src=\"http:\/\/aujourdhui.ma\/wp-content\/uploads\/2017\/06\/AMO.jpg\" alt=\"AMO : Le remboursement et la prise en charge de la Covid-19 d&#xE9;sormais op&#xE9;rationnels\"\/><\/p>\n<p><span class=\"c5\"><strong>L\u2019Agence nationale de l\u2019assurance maladie (ANAM) a annonc\u00e9 le lundi 2 novembre l\u2019entr\u00e9e en vigueur du remboursement et de la prise en charge de la Covid-19 dans le cadre de l\u2019assurance maladie obligatoire (AMO).<\/strong><\/span><span id=\"more-359511\"\/><\/p>\n<p>Le remboursement et la prise en charge se feront selon la r\u00e9glementation et les r\u00e9f\u00e9rentiels en vigueur, notamment les conventions nationales, les nomenclatures des actes et le guide des m\u00e9dicaments remboursables\u2026 Le protocole et la grille tarifaire sont consultables sur le site de l\u2019ANAM. Le protocole th\u00e9rapeutique de prise en charge de la Covid-19 approuv\u00e9 par le ministre de la sant\u00e9 a \u00e9t\u00e9 diffus\u00e9 aupr\u00e8s des organismes gestionnaires de l\u2019AMO (CNOPS-CNSS), des professionnels de sant\u00e9 et l\u2019ensemble des acteurs de la couverture m\u00e9dicale de base au Maroc accompagn\u00e9 de la grille tarifaire des prestations. L\u2019ANAM rappelle que ce protocole \u00e9volutif liste l\u2019ensemble des cas cliniques, d\u00e9finit les examens n\u00e9cessaires pour le diagnostic et le suivi de la Covid-19 et les traitements y aff\u00e9rents. Quant \u00e0 la grille tarifaire, elle fixe le tarif pour chaque prestation et chaque cat\u00e9gorie de cas clinique, par secteur d\u2019activit\u00e9 (public et priv\u00e9). Ce protocole permettra de consolider la prise en charge des assur\u00e9s et b\u00e9n\u00e9ficiaires de l\u2019AMO atteints de la Covid-19 et constituera un r\u00e9f\u00e9rentiel pour le remboursement et la prise en charge ainsi que pour l\u2019exercice du contr\u00f4le m\u00e9dical, \u00e0 m\u00eame d\u2019\u00e9viter d\u2019\u00e9ventuels abus et d\u00e9passements. Le non-respect des dispositions de ce r\u00e9f\u00e9rentiel pourra faire l\u2019objet de r\u00e9clamation destin\u00e9e \u00e0 l\u2019ANAM, \u00e0 travers notamment la plateforme \u00abchikaya\u00bb mise en place au niveau du site de l\u2019Agence \u00e0 l\u2019adresse suivante :<br \/>http:\/\/anam.chikaya.ma. Toutes les r\u00e9clamations re\u00e7ues seront trait\u00e9es conform\u00e9ment \u00e0 la r\u00e9glementation en vigueur.<\/p>\n<\/div>\n<p>Auteur: ALM<br \/>\n<a href=\"https:\/\/aujourdhui.ma\/societe\/amo-le-remboursement-et-la-prise-en-charge-de-la-covid-19-desormais-operationnels\">Cliquez ici pour lire l&rsquo;article depuis sa source.<\/a><\/p>\n","protected":false},"excerpt":{"rendered":"<p>L\u2019Agence nationale de l\u2019assurance maladie (ANAM) a annonc\u00e9 le lundi 2 novembre l\u2019entr\u00e9e en vigueur du remboursement et de la prise en charge de la Covid-19 dans le cadre de l\u2019assurance maladie obligatoire (AMO). Le remboursement et la prise en charge se feront selon la r\u00e9glementation et les r\u00e9f\u00e9rentiels en vigueur, notamment les conventions nationales, [&hellip;]<\/p>\n","protected":false},"author":1759,"featured_media":103633,"comment_status":"closed","ping_status":"closed","sticky":false,"template":"","format":"standard","meta":{"fifu_image_url":"","fifu_image_alt":"","footnotes":""},"categories":[73,54],"tags":[],"class_list":["post-103632","post","type-post","status-publish","format-standard","has-post-thumbnail","hentry","category-actualite","category-maroc"],"_links":{"self":[{"href":"https:\/\/linitiative.ca\/International\/wp-json\/wp\/v2\/posts\/103632","targetHints":{"allow":["GET"]}}],"collection":[{"href":"https:\/\/linitiative.ca\/International\/wp-json\/wp\/v2\/posts"}],"about":[{"href":"https:\/\/linitiative.ca\/International\/wp-json\/wp\/v2\/types\/post"}],"author":[{"embeddable":true,"href":"https:\/\/linitiative.ca\/International\/wp-json\/wp\/v2\/users\/1759"}],"replies":[{"embeddable":true,"href":"https:\/\/linitiative.ca\/International\/wp-json\/wp\/v2\/comments?post=103632"}],"version-history":[{"count":0,"href":"https:\/\/linitiative.ca\/International\/wp-json\/wp\/v2\/posts\/103632\/revisions"}],"wp:featuredmedia":[{"embeddable":true,"href":"https:\/\/linitiative.ca\/International\/wp-json\/"}],"wp:attachment":[{"href":"https:\/\/linitiative.ca\/International\/wp-json\/wp\/v2\/media?parent=103632"}],"wp:term":[{"taxonomy":"category","embeddable":true,"href":"https:\/\/linitiative.ca\/International\/wp-json\/wp\/v2\/categories?post=103632"},{"taxonomy":"post_tag","embeddable":true,"href":"https:\/\/linitiative.ca\/International\/wp-json\/wp\/v2\/tags?post=103632"}],"curies":[{"name":"wp","href":"https:\/\/api.w.org\/{rel}","templated":true}]}}