{"id":103634,"date":"2020-11-04T09:00:41","date_gmt":"2020-11-04T14:00:41","guid":{"rendered":"https:\/\/linitiative.ca\/International\/carlo-costa-nous-observons-avec-attention-le-maroc-2eme-pays-au-monde-pour-les-actions-en-faveur-du-climat\/"},"modified":"2020-11-04T09:00:41","modified_gmt":"2020-11-04T14:00:41","slug":"carlo-costa-nous-observons-avec-attention-le-maroc-2eme-pays-au-monde-pour-les-actions-en-faveur-du-climat","status":"publish","type":"post","link":"https:\/\/linitiative.ca\/International\/carlo-costa-nous-observons-avec-attention-le-maroc-2eme-pays-au-monde-pour-les-actions-en-faveur-du-climat\/","title":{"rendered":"Carlo Costa : \u00abNous observons avec attention le Maroc, 2\u00e8me  pays au monde pour les actions en faveur du climat\u00bb"},"content":{"rendered":"<p><img decoding=\"async\" class=\"post_layout_5_img\" src=\"http:\/\/aujourdhui.ma\/wp-content\/uploads\/2020\/11\/Carlo-Costa.jpg\" alt=\"Carlo Costa : &#xAB;Nous observons avec attention le Maroc, 2&#xE8;me pays au monde pour les actions en faveur du climat&#xBB;\"\/><\/p>\n<p><strong><span class=\"c5\">Entretien avec Carlo Costa : Directeur financier d\u2019Italian Exhibition Group<span id=\"more-359493\"\/><\/span><\/strong><\/p>\n<p><span class=\"c6\">Dans cet entretien accord\u00e9 \u00e0 ALM en marge de l\u2019organisation des Ecomondo et Key Energy d\u2019Italian Exhibition Group (IEG), Carlo Costa, directeur financier du groupe, \u00e9voque les nouveaut\u00e9s des \u00e9ditions de cette ann\u00e9e mais \u00e9galement les opportunit\u00e9s offertes par ces \u00e9v\u00e9nements pour les participants provenant des quatre coins du globe pour une \u00e9conomie plus verte.<\/span><\/p>\n<p><span class=\"c6\"><strong>ALM<\/strong><\/span> : <strong>Ecomondo et Key Energy, manifestations de premier plan pour les technologies vertes et les \u00e9nergies renouvelables, sont confirm\u00e9es du 3 au 15 novembre prochains, sur plateforme num\u00e9rique. Quels sont les changements et les particularit\u00e9s introduits dans l\u2019\u00e9dition de cette ann\u00e9e ?<\/strong><\/p>\n<p><strong><span class=\"c6\">Carlo Costa<\/span><\/strong> : Nous vivons une conscience environnementale majeure, vu l\u2019actuelle situation globale. Il est absolument urgent de s\u2019engager concr\u00e8tement pour un futur durable, avec un comportement strict dans tous les aspects de notre vie. Ecomondo et Key Energy d\u2019Italian Exhibition Group (IEG), leaders en Italie dans l\u2019organisation de salons, sont les salons de l\u2019\u00e9conomie circulaire par excellence en Europe, et pour l\u2019\u00e9dition 2020, le lieu de rendez-vous virtuel pour les plus importantes fili\u00e8res et communaut\u00e9s. Un march\u00e9 en ligne exclusif actif en 7 langues accueillera les acheteurs internationaux provenant de plus de 30 pays pour cette \u00abdigital double green week\u00bb d\u2019Ecomondo et Key Energy, en ligne du 3 au 15 novembre, favorisant la cr\u00e9ation de r\u00e9seaux d\u2019affaires et les \u00e9changes commerciaux avec les entreprises sur l\u2019innovante plateforme num\u00e9rique disponible en s\u2019enregistrant sur les sites ecomondo.it et keyenergy.it.<br \/>La participation d\u2019investisseurs, concepteurs, repr\u00e9sentants de l\u2019industrie et des services multiples des diff\u00e9rentes fili\u00e8res du secteur est confirm\u00e9e. Les entreprises seront en ligne avec leurs profils, produits, innovations, et il sera possible de suivre la partie des conf\u00e9rences et s\u00e9minaires scientifiques en direct et les jours suivants. Les instruments et solutions technologiques et les normes pouvant acc\u00e9l\u00e9rer la transition industrielle et \u00e9nerg\u00e9tique exig\u00e9e par la Commission europ\u00e9enne sont de plus en plus n\u00e9cessaires, et IEG les partage avec le public de partenaires le plus vaste possible.<\/p>\n<p><strong>L\u2019impact de la pand\u00e9mie a-t-il influenc\u00e9 les th\u00e8mes choisis par les organisateurs?<\/strong><\/p>\n<p>L\u2019urgence de la transition vers une \u00e9conomie durable et circulaire pour supprimer les \u00e9missions de gaz \u00e0 effet de serre pr\u00e9c\u00e8de l\u2019actuelle situation sanitaire. La Commission europ\u00e9enne a \u00e9t\u00e9 visionnaire, et a voulu, fin 2019, mettre \u00e0 jour certains protocoles de 2015 sur les politiques de conversion industrielle et \u00e9nerg\u00e9tique du continent, avec le Pacte vert. Ceci repr\u00e9sente un avantage comp\u00e9titif. \u00c0 Ecomondo et Key Energy, on parlera des solutions pour les fili\u00e8res agroalimentaires durables, de la r\u00e9cup\u00e9ration du plastique en M\u00e9diterran\u00e9e, du tri des d\u00e9chets textiles, des normes communautaires ou nationales. En ce sens, les salons repr\u00e9sentent une extraordinaire opportunit\u00e9 de confrontation internationale pour les entreprises, les d\u00e9cisionnaires, le syst\u00e8me bancaire, les universit\u00e9s et la recherche, afin de faire le point sur les plans mis en place pour la transition verte, qui est une des conditions essentielles pour obtenir les fonds europ\u00e9ens du plan Next Generation EU pour faire face aux co\u00fbts \u00e9conomiques et sociaux de la pand\u00e9mie. Et nous ne manquerons pas d\u2019approfondir des th\u00e8mes que la pand\u00e9mie a rendus plus urgents, tels que la mobilit\u00e9 durable, la qualit\u00e9 de l\u2019air que nous respirons, le cycle des eaux ou des d\u00e9chets.<\/p>\n<p><strong>Au-del\u00e0 des manifestations Ecomondo et Key Energy, soutenez-vous les secteurs et les acteurs engag\u00e9s dans le domaine de l\u2019\u00e9cologie ?<\/strong><\/p>\n<p>L\u2019entreprise confirme fortement son soutien envers le monde de l\u2019\u00e9cologie : nous sommes reconnus par les acteurs \u00e9conomiques comme une plateforme consolid\u00e9e, un point de rep\u00e8re pour les entreprises qui travaillent dans l\u2019\u00e9cologie et l\u2019efficacit\u00e9 \u00e9nerg\u00e9tique, et nous remercions les repr\u00e9sentants du march\u00e9 pour leur confiance. J\u2019ajouterais qu\u2019IEG a une forte sensibilit\u00e9 environnementale. Je pense aux 23 millions de litres d\u2019eau \u00e9conomis\u00e9s chaque ann\u00e9e sur le site de Rimini, ou aux 114.000 m\u00e8tres carr\u00e9s de photovolta\u00efque install\u00e9s.<\/p>\n<p><strong>Comment \u00e9valuez-vous le r\u00f4le des \u00e9nergies renouvelables au Maroc, en Italie et dans le monde?<\/strong><\/p>\n<p>Je suis optimiste et confiant quant aux extraordinaires opportunit\u00e9s qui pourront se cr\u00e9er entre les deux pays, notamment \u00e0 travers Ecomondo et Key Energy, pour trouver les meilleures solutions, sachant que le Made in Italy du secteur fait partie des savoir-faire les plus qualifi\u00e9s et avanc\u00e9s, tandis que d\u2019un point de vue scientifique, les s\u00e9minaires propos\u00e9s par Ecomondo sont parmi les plus complets et sp\u00e9cialis\u00e9s du secteur.<br \/>En Italie et au Maroc, de 2017 \u00e0 2019, on a vu s\u2019accro\u00eetre l\u2019\u00e9change commercial de mani\u00e8re significative, avec des exportations de l\u2019Italie vers votre pays (source : Info March\u00e9s \u00e9trangers\/Ambassade d\u2019Italie au Maroc) et nous observons avec attention les pays comme le Maroc, deuxi\u00e8me pays au monde pour les actions en faveur du climat, et o\u00f9 il existe des marges de croissance pour le secteur des \u00e9nergies renouvelables.<\/p>\n<p>Auteur: ALM<br \/>\n<a href=\"https:\/\/aujourdhui.ma\/economie\/carlo-costa-nous-observons-avec-attention-le-maroc-2eme-pays-au-monde-pour-les-actions-en-faveur-du-climat\">Cliquez ici pour lire l&rsquo;article depuis sa source.<\/a><\/p>\n","protected":false},"excerpt":{"rendered":"<p>Entretien avec Carlo Costa : Directeur financier d\u2019Italian Exhibition Group Dans cet entretien accord\u00e9 \u00e0 ALM en marge de l\u2019organisation des Ecomondo et Key Energy d\u2019Italian Exhibition Group (IEG), Carlo Costa, directeur financier du groupe, \u00e9voque les nouveaut\u00e9s des \u00e9ditions de cette ann\u00e9e mais \u00e9galement les opportunit\u00e9s offertes par ces \u00e9v\u00e9nements pour les participants provenant [&hellip;]<\/p>\n","protected":false},"author":1759,"featured_media":103635,"comment_status":"closed","ping_status":"closed","sticky":false,"template":"","format":"standard","meta":{"fifu_image_url":"","fifu_image_alt":"","footnotes":""},"categories":[73,54],"tags":[],"class_list":["post-103634","post","type-post","status-publish","format-standard","has-post-thumbnail","hentry","category-actualite","category-maroc"],"_links":{"self":[{"href":"https:\/\/linitiative.ca\/International\/wp-json\/wp\/v2\/posts\/103634","targetHints":{"allow":["GET"]}}],"collection":[{"href":"https:\/\/linitiative.ca\/International\/wp-json\/wp\/v2\/posts"}],"about":[{"href":"https:\/\/linitiative.ca\/International\/wp-json\/wp\/v2\/types\/post"}],"author":[{"embeddable":true,"href":"https:\/\/linitiative.ca\/International\/wp-json\/wp\/v2\/users\/1759"}],"replies":[{"embeddable":true,"href":"https:\/\/linitiative.ca\/International\/wp-json\/wp\/v2\/comments?post=103634"}],"version-history":[{"count":0,"href":"https:\/\/linitiative.ca\/International\/wp-json\/wp\/v2\/posts\/103634\/revisions"}],"wp:featuredmedia":[{"embeddable":true,"href":"https:\/\/linitiative.ca\/International\/wp-json\/"}],"wp:attachment":[{"href":"https:\/\/linitiative.ca\/International\/wp-json\/wp\/v2\/media?parent=103634"}],"wp:term":[{"taxonomy":"category","embeddable":true,"href":"https:\/\/linitiative.ca\/International\/wp-json\/wp\/v2\/categories?post=103634"},{"taxonomy":"post_tag","embeddable":true,"href":"https:\/\/linitiative.ca\/International\/wp-json\/wp\/v2\/tags?post=103634"}],"curies":[{"name":"wp","href":"https:\/\/api.w.org\/{rel}","templated":true}]}}