{"id":103638,"date":"2020-11-04T08:02:46","date_gmt":"2020-11-04T13:02:46","guid":{"rendered":"https:\/\/linitiative.ca\/International\/le-souss-massa-en-effervescence\/"},"modified":"2020-11-04T08:02:46","modified_gmt":"2020-11-04T13:02:46","slug":"le-souss-massa-en-effervescence","status":"publish","type":"post","link":"https:\/\/linitiative.ca\/International\/le-souss-massa-en-effervescence\/","title":{"rendered":"Le Souss Massa en effervescence!"},"content":{"rendered":"<p class=\"has-text-color c2\"><strong>En d\u00e9pit des effets macabres de la pand\u00e9mie qui affecte fortement le royaume, la r\u00e9gion Souss Massa semble d\u00e9fier la crise virale et se mobilise r\u00e9solument pour mettre au concret nombre de projets de haute envergure.<\/strong><\/p>\n<p>A ce propos, le Centre R\u00e9gional d\u2019Investissement (CRI) vient d\u2019accorder un point de presse aux repr\u00e9sentants des m\u00e9dias, en pr\u00e9sence d\u2019un parterre d\u2019intervenants, tels les pr\u00e9sidents du conseil regional, du commerce d\u2019industrie et de services, le directeur du CRI, le d\u00e9l\u00e9gu\u00e9 du d\u00e9partement de commerce et d\u2019industrie, le pr\u00e9sident de l\u2019association Souss Massa de \u00a0Initiative, le pr\u00e9sident club des investisseurs.<\/p>\n<p>Cette flop\u00e9e d\u2019op\u00e9rateurs institutionnels qui s\u2019investit ardemment dans une ambiance de synergie et de civisme, sous la f\u00e9rule du chef de file r\u00e9gional de Souss Mass, ambitionne de blasonner une zone \u00e0 potentiel gigantesque et d\u2019\u00e9chafauder dans le tangible les \u00e9difices de d\u00e9veloppement p\u00e9renne.<\/p>\n<p>Cette rencontre m\u00e9diatique fut donc une opportunit\u00e9 pour mettre en exergue les aptitudes dont regorge la r\u00e9gion d\u00e9sormais hiss\u00e9e au centre du pays, en r\u00e9f\u00e9rence \u00e0 la reconnaissance Royale, tout en magnifiant ses potentialit\u00e9s \u00e9conomiques \u00e0 plus d\u2019un titre. Il est alors question, au cours de cette conf\u00e9rence de presse, de rappeler le lancement d\u2019un guide des zones industrielles de la r\u00e9gion et une plateforme num\u00e9rique de la cartographie en termes d\u2019industrie, sur la base de laquelle s\u2019\u00e9rige une panoplie d\u2019unit\u00e9s \u00e0 caract\u00e8re \u00e9conomique de grand stature.<\/p>\n<p>Il importe de relever que cet entrain logistique est de nature \u00e0 passer un accompagnement au profit de la dynamisation du programme d\u2019acc\u00e9l\u00e9ration industrielle, de contribuer \u00e0 la commercialisation des atouts de la r\u00e9gion et, partant, de cr\u00e9er un climat idoine \u00e0 l\u2019essor d\u2019une industrie d\u2019export \u00e0 la fois \u00e9difiante et comp\u00e9titive. Ce guide des zones industrielles de la r\u00e9gion Souss Massa permettrait, en fait, de jeter l\u2019\u00e9clairage sur les terrains destin\u00e9s \u00e0 l\u2019exploitation industrielle et les opportunit\u00e9s d\u2019investissement en vue de doter le porteur de projet et l\u2019investisseur \u00e0 acc\u00e9der ais\u00e9ment \u00e0 l\u2019information recherch\u00e9e.<\/p>\n<p>De m\u00eame, il est \u00e0 souligner que la plateforme num\u00e9rique est amen\u00e9e \u00e0 d\u00e9terminer les lots industriels, en fonction de crit\u00e8res d\u00e9finis au pr\u00e9alable, dans le cadre du plan d\u2019acc\u00e9l\u00e9ration industrielle que le Souverain avait proc\u00e9d\u00e9 au lancement en janvier 2018. Cette impulsion dynamique \u00e0 laquelle s\u2019attelle un bel \u00abescadron\u00bb \u00e9pris de volontarisme \u00e0 souhait, placerait sans nul doute, la r\u00e9gion Souss Massa dans le circuit de l\u2019\u00e9quip\u00e9e m\u00e9tropolitaine du royaume.<\/p>\n<p>On est m\u00eame tent\u00e9, au vu du rythme haussier du labeur retentissant effectu\u00e9, malgr\u00e9 les hics handicapants de la pand\u00e9mie, d\u2019avancer sans se faire contredire, que la r\u00e9gion Souss Massa est incontestablement, vou\u00e9e \u00e0 un avenir des plus florissants en mati\u00e8re de diversit\u00e9 et de qualit\u00e9 industrielles. Il serait donc redondant de d\u00e9tailler toutes ces prouesses, \u00e9tal\u00e9es \u00e0 cet \u00e9gard sur l\u2019ensemble du territoire de la r\u00e9gion. Mais, il convient de dire que le d\u00e9clic Royal mis en marche en si peu de temps, a pu d\u00e9clencher, sans conteste, ce coup de fouet incitateur \u00e0 l\u2019assiduit\u00e9 pers\u00e9v\u00e9rante.<\/p>\n<p>Auteur: M&rsquo;hammed rahal<br \/>\n<a href=\"http:\/\/albayane.press.ma\/le-souss-massa-en-effervescence.html\">Cliquez ici pour lire l&rsquo;article depuis sa source.<\/a><\/p>\n","protected":false},"excerpt":{"rendered":"<p>En d\u00e9pit des effets macabres de la pand\u00e9mie qui affecte fortement le royaume, la r\u00e9gion Souss Massa semble d\u00e9fier la crise virale et se mobilise r\u00e9solument pour mettre au concret nombre de projets de haute envergure. A ce propos, le Centre R\u00e9gional d\u2019Investissement (CRI) vient d\u2019accorder un point de presse aux repr\u00e9sentants des m\u00e9dias, en [&hellip;]<\/p>\n","protected":false},"author":1760,"featured_media":0,"comment_status":"closed","ping_status":"closed","sticky":false,"template":"","format":"standard","meta":{"fifu_image_url":"","fifu_image_alt":"","footnotes":""},"categories":[73,54],"tags":[],"class_list":["post-103638","post","type-post","status-publish","format-standard","hentry","category-actualite","category-maroc"],"_links":{"self":[{"href":"https:\/\/linitiative.ca\/International\/wp-json\/wp\/v2\/posts\/103638","targetHints":{"allow":["GET"]}}],"collection":[{"href":"https:\/\/linitiative.ca\/International\/wp-json\/wp\/v2\/posts"}],"about":[{"href":"https:\/\/linitiative.ca\/International\/wp-json\/wp\/v2\/types\/post"}],"author":[{"embeddable":true,"href":"https:\/\/linitiative.ca\/International\/wp-json\/wp\/v2\/users\/1760"}],"replies":[{"embeddable":true,"href":"https:\/\/linitiative.ca\/International\/wp-json\/wp\/v2\/comments?post=103638"}],"version-history":[{"count":0,"href":"https:\/\/linitiative.ca\/International\/wp-json\/wp\/v2\/posts\/103638\/revisions"}],"wp:attachment":[{"href":"https:\/\/linitiative.ca\/International\/wp-json\/wp\/v2\/media?parent=103638"}],"wp:term":[{"taxonomy":"category","embeddable":true,"href":"https:\/\/linitiative.ca\/International\/wp-json\/wp\/v2\/categories?post=103638"},{"taxonomy":"post_tag","embeddable":true,"href":"https:\/\/linitiative.ca\/International\/wp-json\/wp\/v2\/tags?post=103638"}],"curies":[{"name":"wp","href":"https:\/\/api.w.org\/{rel}","templated":true}]}}