{"id":103639,"date":"2020-11-04T08:06:18","date_gmt":"2020-11-04T13:06:18","guid":{"rendered":"https:\/\/linitiative.ca\/International\/communique-du-bureau-politique-du-mardi-3-novembre-2020\/"},"modified":"2020-11-04T08:06:18","modified_gmt":"2020-11-04T13:06:18","slug":"communique-du-bureau-politique-du-mardi-3-novembre-2020","status":"publish","type":"post","link":"https:\/\/linitiative.ca\/International\/communique-du-bureau-politique-du-mardi-3-novembre-2020\/","title":{"rendered":"Communiqu\u00e9 du bureau politique du mardi 3 novembre 2020"},"content":{"rendered":"<p class=\"has-text-color has-vivid-red-color c2\"><strong>Sahara marocain: Le PPS enregistre positivement la teneur de la r\u00e9solution 2548 du Conseil de S\u00e9curit\u00e9<\/strong><\/p>\n<p class=\"has-text-color c3\"><strong>Le bureau politique du Parti du Progr\u00e8s et du Socialisme a tenu, mardi 3 novembre 2020, sa r\u00e9union p\u00e9riodique, \u00e0 distance, dont la plus grande partie a \u00e9t\u00e9 consacr\u00e9e \u00e0 l\u2019\u00e9valuation de la situation organisationnelle et\u00a0 \u00e9lectorale du parti et de son rayonnement dans toutes les r\u00e9gions, provinces et pr\u00e9fectures.<\/strong><\/p>\n<p class=\"has-text-color has-vivid-cyan-blue-color\">Le bureau politique s\u2019est tout d\u2019abord \u00a0arr\u00eat\u00e9 sur l\u2019\u00e9volution de la cause de l\u2019int\u00e9grit\u00e9 territoriale de notre pays \u00e0 la lumi\u00e8re de la teneur de la derni\u00e8re r\u00e9solution 2548, adopt\u00e9e le 30 octobre 2020, sur le Sahara marocain. Le bureau politique a enregistr\u00e9 positivement la r\u00e9it\u00e9ration claire par la r\u00e9solution que les pays\u00a0 voisins, et plus pr\u00e9cis\u00e9ment l\u2019Alg\u00e9rie, sont des parties prenantes \u00e0 ce diff\u00e9rend artificiel \u00e0 propos du Sahara marocain.<\/p>\n<p class=\"has-text-color has-vivid-cyan-blue-color\">Ceci n\u00e9cessite de toutes les parties d\u2019assumer leurs responsabilit\u00e9s \u00e0 travers l\u2019adh\u00e9sion s\u00e9rieuse \u00e0 l\u2019\u00e9laboration d\u2019un r\u00e8glement de ce probl\u00e8me artificiel. Ils doivent \u00e9galement interagir positivement avec la sinc\u00e9rit\u00e9, le s\u00e9rieux et la cr\u00e9dibilit\u00e9 qui caract\u00e9risent l\u2019approche de notre pays sur le sujet, \u00a0de mani\u00e8re \u00e0 servir l\u2019int\u00e9r\u00eat sup\u00e9rieur des peuples de la r\u00e9gion du Grand Maghreb.<\/p>\n<p class=\"has-text-color has-vivid-cyan-blue-color\">Tout en appr\u00e9ciant l\u2019engagement du Conseil de S\u00e9curit\u00e9 pour une solution politique, r\u00e9aliste, pragmatique, durable et bas\u00e9e sur le compromis, le bureau politique souligne que le r\u00e8glement de la question du Sahara marocain ne peut avoir lieu que dans le cadre de l\u2019enti\u00e8re souverainet\u00e9 du Maroc sur son Sahara, conform\u00e9ment \u00e0 l\u2019audacieuse et cr\u00e9dible \u00a0initiative d\u2019autonomie que notre pays a pr\u00e9sent\u00e9e en toute honn\u00eatet\u00e9 et sinc\u00e9rit\u00e9, selon l\u2019approche politique exclusive adopt\u00e9e par l\u2019Organisation des Nations-Unies.<\/p>\n<p class=\"has-text-color has-vivid-cyan-blue-color\">D\u2019un autre c\u00f4t\u00e9, le bureau politique a entam\u00e9 ses d\u00e9lib\u00e9rations au sujet de la situation organisationnelle et \u00e9lectorale et de son rayonnement, \u00e0 la lumi\u00e8re d\u2019un rapport d\u00e9taill\u00e9 pr\u00e9sent\u00e9 par le Secr\u00e9taire G\u00e9n\u00e9ral du parti. Ce rapport \u00e9value la dynamique que connaissent actuellement \u00a0les activit\u00e9s de l\u2019ensemble des sections provinciales, province par province, dans la perspective de prendre les initiatives et les mesures n\u00e9cessaires \u00e0 m\u00eame d\u2019assurer le succ\u00e8s du parti dans les prochaines \u00e9ch\u00e9ances, de relever les d\u00e9fis \u00e0 venir et de transformer son rayonnement politique et m\u00e9diatique en pr\u00e9sence \u00e9lectorale et institutionnelle \u00e9quivalentes.<\/p>\n<p>Auteur: M&rsquo;hammed rahal<br \/>\n<a href=\"http:\/\/albayane.press.ma\/communique-du-bureau-politique-du-mardi-3-novembre-2020.html\">Cliquez ici pour lire l&rsquo;article depuis sa source.<\/a><\/p>\n","protected":false},"excerpt":{"rendered":"<p>Sahara marocain: Le PPS enregistre positivement la teneur de la r\u00e9solution 2548 du Conseil de S\u00e9curit\u00e9 Le bureau politique du Parti du Progr\u00e8s et du Socialisme a tenu, mardi 3 novembre 2020, sa r\u00e9union p\u00e9riodique, \u00e0 distance, dont la plus grande partie a \u00e9t\u00e9 consacr\u00e9e \u00e0 l\u2019\u00e9valuation de la situation organisationnelle et\u00a0 \u00e9lectorale du parti [&hellip;]<\/p>\n","protected":false},"author":1760,"featured_media":0,"comment_status":"closed","ping_status":"closed","sticky":false,"template":"","format":"standard","meta":{"fifu_image_url":"","fifu_image_alt":"","footnotes":""},"categories":[73,54],"tags":[],"class_list":["post-103639","post","type-post","status-publish","format-standard","hentry","category-actualite","category-maroc"],"_links":{"self":[{"href":"https:\/\/linitiative.ca\/International\/wp-json\/wp\/v2\/posts\/103639","targetHints":{"allow":["GET"]}}],"collection":[{"href":"https:\/\/linitiative.ca\/International\/wp-json\/wp\/v2\/posts"}],"about":[{"href":"https:\/\/linitiative.ca\/International\/wp-json\/wp\/v2\/types\/post"}],"author":[{"embeddable":true,"href":"https:\/\/linitiative.ca\/International\/wp-json\/wp\/v2\/users\/1760"}],"replies":[{"embeddable":true,"href":"https:\/\/linitiative.ca\/International\/wp-json\/wp\/v2\/comments?post=103639"}],"version-history":[{"count":0,"href":"https:\/\/linitiative.ca\/International\/wp-json\/wp\/v2\/posts\/103639\/revisions"}],"wp:attachment":[{"href":"https:\/\/linitiative.ca\/International\/wp-json\/wp\/v2\/media?parent=103639"}],"wp:term":[{"taxonomy":"category","embeddable":true,"href":"https:\/\/linitiative.ca\/International\/wp-json\/wp\/v2\/categories?post=103639"},{"taxonomy":"post_tag","embeddable":true,"href":"https:\/\/linitiative.ca\/International\/wp-json\/wp\/v2\/tags?post=103639"}],"curies":[{"name":"wp","href":"https:\/\/api.w.org\/{rel}","templated":true}]}}