{"id":103641,"date":"2020-11-04T08:16:51","date_gmt":"2020-11-04T13:16:51","guid":{"rendered":"https:\/\/linitiative.ca\/International\/%ef%bb%bfel-otmani-une-option-eventuelle-si-la-situation-devient-incontrolable\/"},"modified":"2020-11-04T08:16:51","modified_gmt":"2020-11-04T13:16:51","slug":"%ef%bb%bfel-otmani-une-option-eventuelle-si-la-situation-devient-incontrolable","status":"publish","type":"post","link":"https:\/\/linitiative.ca\/International\/%ef%bb%bfel-otmani-une-option-eventuelle-si-la-situation-devient-incontrolable\/","title":{"rendered":"\ufeffEl Otmani: \u00abune option \u00e9ventuelle si la situation devient incontr\u00f4lable\u00bb"},"content":{"rendered":"<p class=\"has-text-color has-vivid-red-color c2\"><strong>Retour au confinement total<\/strong><\/p>\n<p class=\"has-text-color c3\"><strong>Le retour au confinement total est une option \u00e9ventuelle si la situation sanitaire li\u00e9e \u00e0 la pand\u00e9mie du coronavirus (Covid-19) devient incontr\u00f4lable, a indiqu\u00e9 mardi \u00e0 Rabat, le chef du gouvernement, Saad Dine El Otmani.<\/strong><\/p>\n<p>En r\u00e9ponse \u00e0 une question centrale autour des \u00abpolitiques gouvernementales pour faire face aux d\u00e9fis socio-\u00e9conomiques \u00e0 la lumi\u00e8re des r\u00e9percussions de la pand\u00e9mie du coronavirus\u00bb lors de la s\u00e9ance mensuelles des questions orales sur la politique g\u00e9n\u00e9rale \u00e0 la Chambre des conseillers, M. El Otmani a indiqu\u00e9 qu\u2019\u00abaucun d\u2019entre nous, responsables ou citoyens, ne souhaite retourner au confinement total, au vue de ses r\u00e9percussions sociales, \u00e9conomiques et psychologiques, mais il reste une option \u00e9ventuelle si jamais la situation \u00e9pid\u00e9miologique devient incontr\u00f4lable\u00bb.<\/p>\n<p>\u00abCeci d\u00e9pend, en outre, de l\u2019engagement de tout un chacun en faveur du respect des mesures proactives et pr\u00e9ventives connues de tous\u00bb, a-t-il ajout\u00e9.<\/p>\n<p>Il a, dans ce sens, soulign\u00e9 que \u00abla situation \u00e9pid\u00e9miologique actuelle est inqui\u00e9tante, mais gr\u00e2ce \u00e0 la conjugaison des efforts de tous et les sacrifices des professionnels de la sant\u00e9, elle n\u2019est pas encore hors contr\u00f4le\u00bb, appelant \u00e0 davantage de vigilance et \u00e0 se m\u00e9fier des fake news et des rumeurs.<\/p>\n<p>Toutes les d\u00e9cisions entreprises par le Royaume sont des d\u00e9cisions nationales et souveraines bas\u00e9es sur des donn\u00e9es pr\u00e9cises, a fait savoir le responsable gouvernemental, expliquant qu\u2019il existe des comit\u00e9s scientifiques et sp\u00e9cialis\u00e9s charg\u00e9s du suivi, de l\u2019\u00e9valuation et de la prise de d\u00e9cisions n\u00e9cessaires.<\/p>\n<p>Il a, par ailleurs, relev\u00e9 que les efforts de tous les acteurs doivent \u00eatre orient\u00e9s, d\u2019abord, vers la lutte contre la propagation de la pand\u00e9mie, ensuite vers la reprise de l\u2019activit\u00e9 \u00e9conomique et \u00e0 faire face aux r\u00e9percussions socio-\u00e9conomiques de la Covid-19.<\/p>\n<p>El Otmani a indiqu\u00e9 que le Royaume connait, \u00e0 l\u2019instar des autres pays du monde, une propagation continue de la pand\u00e9mie de Covid-19, notant que cette situation a pouss\u00e9 le Maroc a prolonger l\u2019\u00e9tat d\u2019urgence sanitaire six fois de suite.<\/p>\n<p>Par ailleurs, il a soulign\u00e9 que les maladies saisonni\u00e8res affaiblissent l\u2019immunit\u00e9 et pr\u00e9sentent des sympt\u00f4mes semblables \u00e0 la Covid-19, ce qui, selon lui, repr\u00e9sente un d\u00e9fi suppl\u00e9mentaire pour faire face \u00e0 la propagation de la pand\u00e9mie.<\/p>\n<p>A cet effet, le responsable gouvernemental appelle les citoyens et les institutions \u00e0 faire preuve de vigilance et de prudence, tout en respectant les mesures sanitaires individuelles et collectives.<\/p>\n<p>Les mesures mises en place par le Royaume depuis le d\u00e9but de la pand\u00e9mie, conform\u00e9ment aux Hautes Instructions de Sa Majest\u00e9 le Roi Mohammed VI, ont permis d\u2019\u00e9viter plusieurs d\u00e9c\u00e8s et contaminations, ajoutant que la p\u00e9riode de confinement a \u00e9t\u00e9 une occasion de pr\u00e9parer le Royaume \u00e0 faire face \u00e0 l\u2019\u00e9volution de la situation \u00e9pid\u00e9miologique, en d\u00e9veloppant notamment les capacit\u00e9s du syst\u00e8me de sant\u00e9.<\/p>\n<p>El Otmani n\u2019a pas manqu\u00e9 de mettre en relief la situation \u00e9pid\u00e9miologique inqui\u00e9tante de la r\u00e9gion de Casablanca-Settat, notant que la r\u00e9gion enregistre \u00e0 elle seule, pr\u00e8s de la moiti\u00e9 des cas confirm\u00e9s et des d\u00e9c\u00e8s.<br \/>En outre, le chef du gouvernement a \u00e9voqu\u00e9 quelques indicateurs relatifs \u00e0 la situation \u00e9pid\u00e9miologique dans le Royaume, affirmant que la gravit\u00e9 de la situation \u00e9pid\u00e9miologique au Maroc est mesur\u00e9e par le nombre de cas graves, de d\u00e9c\u00e8s et de contaminations.<\/p>\n<p>Le Royaume maintient toujours un taux de l\u00e9talit\u00e9 des plus bas du monde avec 1,7%, poursuit-il, ajoutant que le taux d\u2019occupation des lits de r\u00e9animation d\u00e9di\u00e9 \u00e0 la Covid-19 avoisine les 36%.<\/p>\n<p>Auteur: M&rsquo;hammed rahal<br \/>\n<a href=\"http:\/\/albayane.press.ma\/%EF%BB%BFel-otmani-une-option-eventuelle-si-la-situation-devient-incontrolable.html\">Cliquez ici pour lire l&rsquo;article depuis sa source.<\/a><\/p>\n","protected":false},"excerpt":{"rendered":"<p>Retour au confinement total Le retour au confinement total est une option \u00e9ventuelle si la situation sanitaire li\u00e9e \u00e0 la pand\u00e9mie du coronavirus (Covid-19) devient incontr\u00f4lable, a indiqu\u00e9 mardi \u00e0 Rabat, le chef du gouvernement, Saad Dine El Otmani. En r\u00e9ponse \u00e0 une question centrale autour des \u00abpolitiques gouvernementales pour faire face aux d\u00e9fis socio-\u00e9conomiques [&hellip;]<\/p>\n","protected":false},"author":1760,"featured_media":0,"comment_status":"closed","ping_status":"closed","sticky":false,"template":"","format":"standard","meta":{"fifu_image_url":"","fifu_image_alt":"","footnotes":""},"categories":[73,54],"tags":[],"class_list":["post-103641","post","type-post","status-publish","format-standard","hentry","category-actualite","category-maroc"],"_links":{"self":[{"href":"https:\/\/linitiative.ca\/International\/wp-json\/wp\/v2\/posts\/103641","targetHints":{"allow":["GET"]}}],"collection":[{"href":"https:\/\/linitiative.ca\/International\/wp-json\/wp\/v2\/posts"}],"about":[{"href":"https:\/\/linitiative.ca\/International\/wp-json\/wp\/v2\/types\/post"}],"author":[{"embeddable":true,"href":"https:\/\/linitiative.ca\/International\/wp-json\/wp\/v2\/users\/1760"}],"replies":[{"embeddable":true,"href":"https:\/\/linitiative.ca\/International\/wp-json\/wp\/v2\/comments?post=103641"}],"version-history":[{"count":0,"href":"https:\/\/linitiative.ca\/International\/wp-json\/wp\/v2\/posts\/103641\/revisions"}],"wp:attachment":[{"href":"https:\/\/linitiative.ca\/International\/wp-json\/wp\/v2\/media?parent=103641"}],"wp:term":[{"taxonomy":"category","embeddable":true,"href":"https:\/\/linitiative.ca\/International\/wp-json\/wp\/v2\/categories?post=103641"},{"taxonomy":"post_tag","embeddable":true,"href":"https:\/\/linitiative.ca\/International\/wp-json\/wp\/v2\/tags?post=103641"}],"curies":[{"name":"wp","href":"https:\/\/api.w.org\/{rel}","templated":true}]}}