{"id":103642,"date":"2020-11-04T08:24:11","date_gmt":"2020-11-04T13:24:11","guid":{"rendered":"https:\/\/linitiative.ca\/International\/%ef%bb%bfle-maroc-condamne-vigoureusement-les-attentats-de-vienne\/"},"modified":"2020-11-04T08:24:11","modified_gmt":"2020-11-04T13:24:11","slug":"%ef%bb%bfle-maroc-condamne-vigoureusement-les-attentats-de-vienne","status":"publish","type":"post","link":"https:\/\/linitiative.ca\/International\/%ef%bb%bfle-maroc-condamne-vigoureusement-les-attentats-de-vienne\/","title":{"rendered":"\ufeffLe Maroc condamne vigoureusement les attentats de Vienne"},"content":{"rendered":"<p class=\"has-text-color has-vivid-red-color c2\"><strong>Conf\u00e9rence annuelle m\u00e9diterran\u00e9enne de l\u2019Organisation pour la s\u00e9curit\u00e9 et la coop\u00e9ration en Europe<\/strong><\/p>\n<p class=\"has-text-color c3\"><strong>Le Royaume du Maroc condamne \u00ab\u00a0dans les termes les plus vifs\u00a0\u00bb les terribles attentats qui ont frapp\u00e9 lundi la ville de Vienne, a soulign\u00e9 mardi le ministre des Affaires \u00e9trang\u00e8res, de la Coop\u00e9ration africaine et des Marocains r\u00e9sidant \u00e0 l\u2019\u00e9tranger, Nasser Bourita.<\/strong><\/p>\n<p>\u00ab\u00a0Je voudrais avant tout exprimer toute la tristesse que nous avons ressentie hier \u00e0 la suite des terribles attentats qui ont frapp\u00e9 le c\u0153ur de l\u2019Europe centrale, \u00e0 Vienne,\u00a0\u00bb a indiqu\u00e9 le ministre lors de la Conf\u00e9rence annuelle m\u00e9diterran\u00e9enne de l\u2019Organisation pour la s\u00e9curit\u00e9 et la coop\u00e9ration en Europe (OSCE), qui s\u2019est tenue \u00e0 Vienne par vid\u00e9o-conf\u00e9rence.<\/p>\n<p>\u00ab\u00a0Nous condamnons dans les termes les plus vifs ces actes m\u00e9prisables. Nous sommes aux c\u00f4t\u00e9s des Autrichiens dans ces moments de douleur alors que nous nous opposons \u00e0 la violence, \u00e0 la haine et au rejet de l\u2019alt\u00e9rit\u00e9,\u00a0\u00bb a poursuivi Bourita.<\/p>\n<p>\u00ab\u00a0Nos pens\u00e9es vont aux victimes, \u00e0 leurs familles et au peuple autrichien\u00a0\u00bb, a-t-il soulign\u00e9.<br \/>Abordant le partenariat m\u00e9diterran\u00e9en de l\u2019OSCE, le ministre a affirm\u00e9 que la tenue annuelle de cette conf\u00e9rence est une d\u00e9monstration de sa vitalit\u00e9, estimant que \u00ab\u00a0notre relation, qui remonte au processus d\u2019Helsinki, n\u2019a jamais perdu de sa pertinence\u00a0\u00bb.<\/p>\n<p>Cette relation est d\u00e9sormais plus pertinente car aussi bien les membres de l\u2019OSCE que les partenaires m\u00e9diterran\u00e9ens continuent de lutter contre la pand\u00e9mie de Covid-19 et ses cons\u00e9quences d\u00e9vastatrices, a-t-il expliqu\u00e9.<\/p>\n<p>M. Bourita intervenait lors du segment politique de la conf\u00e9rence tenu sous le th\u00e8me \u00ab\u00a0r\u00e9ponse globale aux d\u00e9fis de s\u00e9curit\u00e9 actuels: promouvoir la s\u00e9curit\u00e9 \u00e0 travers une croissance durable et \u00e9conomique pendant la pand\u00e9mie du COVID-19\u00a0\u00bb.<\/p>\n<p>Le ministre a en outre insist\u00e9 que le Maroc \u2013 le pays le plus proche de l\u2019Europe \u2013 a toujours \u00e9t\u00e9 attach\u00e9 \u00e0 la M\u00e9diterran\u00e9e, notant que le partenariat avec l\u2019OSCE fait certainement partie de cet engagement. \u00ab\u00a0Le Maroc s\u2019efforce d\u2019\u00e9tablir un partenariat fort, durable et diversifi\u00e9\u00a0\u00bb.<\/p>\n<p>S\u2019agissant de l\u2019espace m\u00e9diterran\u00e9en, il a affirm\u00e9 qu\u2019il s\u2019agit d&rsquo;\u00a0\u00bbune terre d\u2019opportunit\u00e9s, mais aussi de d\u00e9fis\u00a0\u00bb, relevant que cet espace est soumis \u00e0 des tendances antagonistes qui favorisent des dynamiques \u00e0 la fois vertueuses et complexes.<\/p>\n<p>\u00ab\u00a0Des dynamiques vertueuses, car notre r\u00e9gion a \u00e9volu\u00e9 positivement. Les histoires de r\u00e9ussite sont nombreuses. Les pays m\u00e9diterran\u00e9ens ont r\u00e9ussi \u00e0 maintenir leur stabilit\u00e9 politique; ils ont maintenu leur vitalit\u00e9 \u00e9conomique et les \u00e9lites m\u00e9diterran\u00e9ennes ont gagn\u00e9 plus de dynamisme,\u00a0\u00bb a-t-il expliqu\u00e9.<\/p>\n<p>\u00ab\u00a0Parall\u00e8lement, des dynamiques complexes sont en jeu. Les d\u00e9fis auxquels fait face la M\u00e9diterran\u00e9e sont \u00e0 la fois chroniques, structurels et nouveaux,\u00a0\u00bb a toutefois relev\u00e9 M. Bourita, notant que les \u00e9carts \u00e9conomiques et d\u00e9mographiques entre les deux rives sont aigus.<\/p>\n<p>Il a de m\u00eame \u00e9voqu\u00e9 la gravit\u00e9 des probl\u00e8mes \u00e9cologiques, en indiquant que la M\u00e9diterran\u00e9e est l\u2019une des r\u00e9gions les plus menac\u00e9es par le changement climatique.<\/p>\n<p>Outre la question palestinienne, \u201cqui reste au c\u0153ur de notre r\u00e9gion\u00a0\u00bb, les tensions croissantes et les guerres par procuration menacent la stabilit\u00e9 et la s\u00e9curit\u00e9 de la M\u00e9diterran\u00e9e, a-t-il affirm\u00e9, faisant remarquer que la menace terroriste est d\u2019autant plus importante puisque la M\u00e9diterran\u00e9e \u00ab\u00a0trouve son extension dans la r\u00e9gion du Sahel qui abrite d\u00e9j\u00e0 les terreaux du terrorisme et de l\u2019extr\u00e9misme violent\u00a0\u00bb.<\/p>\n<p>M. Bourita a, par ailleurs, soulign\u00e9 que le Maroc, sous le leadership de Sa Majest\u00e9 le Roi Mohammed VI, a toujours tenu \u2013 en tant que pays m\u00e9diterran\u00e9en et atlantique \u2013 \u00e0 \u00eatre un vecteur de paix dans sa r\u00e9gion et un trait d\u2019union entre les r\u00e9gions, ajoutant que le Royaume pr\u00e9conise une approche holistique qui prend compte de l\u2019intersectionnalit\u00e9 des d\u00e9fis.<\/p>\n<p>\u201cQu\u2019il s\u2019agisse de gouvernance des migrations, de lutte contre le terrorisme ou contre le changement climatique, nous mettons en \u0153uvre des approches pluridisciplinaires qui ne s\u2019arr\u00eatent jamais \u00e0 la dimension purement s\u00e9curitaire, mais int\u00e8grent \u00e9galement des composantes \u00e9conomiques, sociales et m\u00eame religieuses\u00a0\u00bb, a tenu \u00e0 pr\u00e9ciser le ministre.<\/p>\n<p>Et d\u2019insister que le Maroc d\u00e9fend aussi une approche fond\u00e9e sur la responsabilit\u00e9 partag\u00e9e et la non-ing\u00e9rence.<\/p>\n<p>\u201cC\u2019est quelque chose en quoi nous croyons et que nous faisons. Nous l\u2019avons fait \u00e0 Skhirat, pour promouvoir l\u2019accord politique libyen du 17 d\u00e9cembre 2015. Nous l\u2019avons encore fait \u00e0 Bouznika, pour promouvoir le Dialogue inter-libyen et nous continuons \u00e0 le faire,\u00a0\u00bb a conclu M. Bourita.<\/p>\n<p>Auteur: M&rsquo;hammed rahal<br \/>\n<a href=\"http:\/\/albayane.press.ma\/%EF%BB%BFle-maroc-condamne-vigoureusement-les-attentats-de-vienne.html\">Cliquez ici pour lire l&rsquo;article depuis sa source.<\/a><\/p>\n","protected":false},"excerpt":{"rendered":"<p>Conf\u00e9rence annuelle m\u00e9diterran\u00e9enne de l\u2019Organisation pour la s\u00e9curit\u00e9 et la coop\u00e9ration en Europe Le Royaume du Maroc condamne \u00ab\u00a0dans les termes les plus vifs\u00a0\u00bb les terribles attentats qui ont frapp\u00e9 lundi la ville de Vienne, a soulign\u00e9 mardi le ministre des Affaires \u00e9trang\u00e8res, de la Coop\u00e9ration africaine et des Marocains r\u00e9sidant \u00e0 l\u2019\u00e9tranger, Nasser Bourita. [&hellip;]<\/p>\n","protected":false},"author":1760,"featured_media":0,"comment_status":"closed","ping_status":"closed","sticky":false,"template":"","format":"standard","meta":{"fifu_image_url":"","fifu_image_alt":"","footnotes":""},"categories":[73,54],"tags":[],"class_list":["post-103642","post","type-post","status-publish","format-standard","hentry","category-actualite","category-maroc"],"_links":{"self":[{"href":"https:\/\/linitiative.ca\/International\/wp-json\/wp\/v2\/posts\/103642","targetHints":{"allow":["GET"]}}],"collection":[{"href":"https:\/\/linitiative.ca\/International\/wp-json\/wp\/v2\/posts"}],"about":[{"href":"https:\/\/linitiative.ca\/International\/wp-json\/wp\/v2\/types\/post"}],"author":[{"embeddable":true,"href":"https:\/\/linitiative.ca\/International\/wp-json\/wp\/v2\/users\/1760"}],"replies":[{"embeddable":true,"href":"https:\/\/linitiative.ca\/International\/wp-json\/wp\/v2\/comments?post=103642"}],"version-history":[{"count":0,"href":"https:\/\/linitiative.ca\/International\/wp-json\/wp\/v2\/posts\/103642\/revisions"}],"wp:attachment":[{"href":"https:\/\/linitiative.ca\/International\/wp-json\/wp\/v2\/media?parent=103642"}],"wp:term":[{"taxonomy":"category","embeddable":true,"href":"https:\/\/linitiative.ca\/International\/wp-json\/wp\/v2\/categories?post=103642"},{"taxonomy":"post_tag","embeddable":true,"href":"https:\/\/linitiative.ca\/International\/wp-json\/wp\/v2\/tags?post=103642"}],"curies":[{"name":"wp","href":"https:\/\/api.w.org\/{rel}","templated":true}]}}