{"id":103643,"date":"2020-11-04T03:23:39","date_gmt":"2020-11-04T08:23:39","guid":{"rendered":"https:\/\/linitiative.ca\/International\/tony-verheijen-nous-craignons-quavec-la-situation-budgetaire-de-la-tunisie-il-ne-reste-rien-pour-les-investissements\/"},"modified":"2020-11-04T03:23:39","modified_gmt":"2020-11-04T08:23:39","slug":"tony-verheijen-nous-craignons-quavec-la-situation-budgetaire-de-la-tunisie-il-ne-reste-rien-pour-les-investissements","status":"publish","type":"post","link":"https:\/\/linitiative.ca\/International\/tony-verheijen-nous-craignons-quavec-la-situation-budgetaire-de-la-tunisie-il-ne-reste-rien-pour-les-investissements\/","title":{"rendered":"TONY VERHEIJEN : NOUS CRAIGNONS QU\u2019AVEC LA SITUATION BUDG\u00c9TAIRE DE LA TUNISIE, IL NE RESTE RIEN POUR LES INVESTISSEMENTS"},"content":{"rendered":"<p>Tony Verheijen, repr\u00e9sentant r\u00e9sident de la Banque Mondiale en Tunisie est intervenu sur les ondes de radio Express FM, mercredi 4 novembre 2020, indiquant que la situation de la Tunisie est difficile mais c\u2019est \u00e9galement le cas de tr\u00e8s nombreux pays notamment en Europe. \u00ab\u00a0<em>Nous connaissons le probl\u00e8me des \u00e9quilibres financiers en Tunisie mais il faudra savoir comment faire reprendre au pays sa croissance \u00e9conomique<\/em>\u00a0\u00bb a pr\u00e9cis\u00e9 Tony Verheijen. Il a ajout\u00e9 que l\u2019ann\u00e9e 2021 sera celle de la relance \u00e9conomique en Tunisie et c\u2019est \u00e0 ce moment-l\u00e0 qu\u2019il faudra entreprendre les investissements n\u00e9cessaires. \u00ab\u00a0<em>Nous craignons qu\u2019avec la situation budg\u00e9taire du pays, il ne reste carr\u00e9ment rien pour les investissements<\/em>\u00a0\u00bb soutient le responsable r\u00e9sident de la BM.<\/p>\n<p>Dans le m\u00eame propos, l\u2019invit\u00e9 d\u2019Expresso a expliqu\u00e9 que dans ce contexte, il faut penser \u00e0 des solutions alternatives \u00e0 l\u2019instar du d\u00e9caissement des ressources qui sont d\u00e9j\u00e0 disponibles, les PPP qui ne fonctionnent pas tr\u00e8s bien pour le moment, ainsi que l\u2019investissement priv\u00e9 pour le secteur priv\u00e9. \u00ab\u00a0<em>Ce sont ces trois volets sur lesquels, il faut travailler urgemment afin de pr\u00e9parer l\u2019ann\u00e9e 2021<\/em>\u00a0\u00bb a soulign\u00e9 Tony Verheijen avant de poursuivre :\u00a0\u00bb<em>il y a certes des probl\u00e8mes d\u2019\u00e9quilibres budg\u00e9taires mais c\u2019est au gouvernement tunisien de les g\u00e9rer, de notre part, nous pourrons fournir notre aide dans la mesure du possible<\/em>.\u00a0\u00bb<\/p>\n<p><strong>Nadya Bchir<\/strong><\/p>\n<p><strong>Source: expressfm<\/strong><\/p>\n<div class=\"wp-post-author-wrap wp-post-author-shortcode left\">\n<h3 class=\"awpa-title\"\/>\n<div class=\"wp-post-author\">\n<div class=\"awpa-img awpa-author-block square\"><a href=\"http:\/\/lexpertjournal.net\/fr\/?author=5\"><img loading=\"lazy\" decoding=\"async\" alt=\"\" src=\"http:\/\/0.gravatar.com\/avatar\/97f8e10a1c1125ba104a76514ee07b16?s=150&amp;d=mm&amp;r=g\" srcset=\"http:\/\/0.gravatar.com\/avatar\/97f8e10a1c1125ba104a76514ee07b16?s=300&amp;d=mm&amp;r=g 2x\" class=\"avatar avatar-150 photo\" height=\"150\" width=\"150\"\/><\/a><\/div>\n<\/div>\n<\/div>\n<aside class=\"mashsb-container mashsb-main mashsb-stretched\">\n<\/aside>\n<p>Auteur: L&rsquo;expert<br \/>\n<a href=\"http:\/\/lexpertjournal.net\/fr\/?p=17204\">Cliquez ici pour lire l&rsquo;article depuis sa source.<\/a><\/p>\n","protected":false},"excerpt":{"rendered":"<p>Tony Verheijen, repr\u00e9sentant r\u00e9sident de la Banque Mondiale en Tunisie est intervenu sur les ondes de radio Express FM, mercredi 4 novembre 2020, indiquant que la situation de la Tunisie est difficile mais c\u2019est \u00e9galement le cas de tr\u00e8s nombreux pays notamment en Europe. \u00ab\u00a0Nous connaissons le probl\u00e8me des \u00e9quilibres financiers en Tunisie mais il [&hellip;]<\/p>\n","protected":false},"author":1775,"featured_media":0,"comment_status":"closed","ping_status":"closed","sticky":false,"template":"","format":"standard","meta":{"fifu_image_url":"","fifu_image_alt":"","footnotes":""},"categories":[78,55],"tags":[],"class_list":["post-103643","post","type-post","status-publish","format-standard","hentry","category-economie","category-tunisie"],"_links":{"self":[{"href":"https:\/\/linitiative.ca\/International\/wp-json\/wp\/v2\/posts\/103643","targetHints":{"allow":["GET"]}}],"collection":[{"href":"https:\/\/linitiative.ca\/International\/wp-json\/wp\/v2\/posts"}],"about":[{"href":"https:\/\/linitiative.ca\/International\/wp-json\/wp\/v2\/types\/post"}],"author":[{"embeddable":true,"href":"https:\/\/linitiative.ca\/International\/wp-json\/wp\/v2\/users\/1775"}],"replies":[{"embeddable":true,"href":"https:\/\/linitiative.ca\/International\/wp-json\/wp\/v2\/comments?post=103643"}],"version-history":[{"count":0,"href":"https:\/\/linitiative.ca\/International\/wp-json\/wp\/v2\/posts\/103643\/revisions"}],"wp:attachment":[{"href":"https:\/\/linitiative.ca\/International\/wp-json\/wp\/v2\/media?parent=103643"}],"wp:term":[{"taxonomy":"category","embeddable":true,"href":"https:\/\/linitiative.ca\/International\/wp-json\/wp\/v2\/categories?post=103643"},{"taxonomy":"post_tag","embeddable":true,"href":"https:\/\/linitiative.ca\/International\/wp-json\/wp\/v2\/tags?post=103643"}],"curies":[{"name":"wp","href":"https:\/\/api.w.org\/{rel}","templated":true}]}}