{"id":103649,"date":"2020-11-04T08:30:00","date_gmt":"2020-11-04T13:30:00","guid":{"rendered":"https:\/\/linitiative.ca\/International\/plus-de-4-millions-deleves-ont-rejoint-lecole\/"},"modified":"2020-11-04T08:30:00","modified_gmt":"2020-11-04T13:30:00","slug":"plus-de-4-millions-deleves-ont-rejoint-lecole","status":"publish","type":"post","link":"https:\/\/linitiative.ca\/International\/plus-de-4-millions-deleves-ont-rejoint-lecole\/","title":{"rendered":"Plus de 4 millions d&rsquo;\u00e9l\u00e8ves ont rejoint l&rsquo;\u00e9cole"},"content":{"rendered":"<div id=\"originalText\" readability=\"62.371179039301\">\n<p class=\"c6\">Plus de 4 millions d\u2019\u00e9l\u00e8ves ont retrouv\u00e9, ce mercredi, les bancs des \u00e9tablissements des cycles moyen et secondaire \u00ab dans une conjoncture sanitaire exceptionnelle marqu\u00e9e par la propagation du nouveau coronavirus (Covid-19)\u00a0\u00bb, rapporte l\u2019APS.<\/p>\n<p class=\"c6\">Le coup d&rsquo;envoi officiel de cette ann\u00e9e scolaire pour les deux paliers concern\u00e9s a \u00e9t\u00e9 dans la matin\u00e9e par le Premier ministre, Abdelaziz Djerad, depuis la ville nouvelle de Sidi Abdellah, \u00e0 l&rsquo;Ouest d&rsquo;Alger.\u00a0\u00a0<\/p>\n<p class=\"c6\">Selon des statistiques obtenues par l\u2019APS, 4.790.671 \u00e9l\u00e8ves ont rejoint les bancs des \u00e9tablissements des cycles moyen et secondaire sur un total de 10.095.367 \u00e9l\u00e8ves inscrits dans les trois paliers d\u2019enseignement.<\/p>\n<div readability=\"7.2489539748954\">\n<blockquote class=\"twitter-tweet\" readability=\"7.7322175732218\">\n<p dir=\"rtl\" lang=\"ar\">\u0639\u0648\u062f\u0629 \u0627\u0644\u062a\u0644\u0627\u0645\u064a\u0630 \u0625\u0644\u0649 \u0627\u0644\u0645\u062f\u0631\u0633\u0629 \u0647\u064a \u0639\u0648\u062f\u0629 \u0644\u0644\u062d\u064a\u0627\u0629 \u0627\u0644\u062a\u064a \u062a\u0631\u0641\u0636 \u0627\u0644\u062a\u0648\u0642\u0641 \u0623\u0648 \u0627\u0644\u062a\u0639\u0637\u0644.<br \/>\u0648\u062c\u0648\u062f\u0646\u0627 \u0627\u0644\u064a\u0648\u0645 \u0645\u0639 \u0627\u0644\u062a\u0644\u0627\u0645\u064a\u0630 \u0648 \u0627\u0644\u0623\u0633\u0627\u062a\u0630\u0629 \u0647\u0648 \u062a\u0623\u0643\u064a\u062f \u0639\u0644\u0649 \u0645\u0631\u0627\u0641\u0642\u062a\u0646\u0627 \u0627\u0644\u0645\u0628\u0627\u0634\u0631\u0629 \u0644\u0647\u0645 \u062d\u062a\u0649 \u062a\u0643\u0648\u0646 \u0647\u0630\u0647 \u0627\u0644\u0639\u0648\u062f\u0629 \u0644\u0644\u062f\u0631\u0627\u0633\u0629 \u0622\u0645\u0646\u0629 \u0648 \u0645\u0648\u0641\u0642\u0629 \u0648 \u062f\u0627\u0626\u0645\u0629 \u062d\u062a\u0649 \u0646\u0647\u0627\u064a\u0629 \u0627\u0644\u0645\u0648\u0633\u0645 \u0625\u0646 \u0634\u0627\u0621 \u0627\u0644\u0644\u0647.<\/p>\n<p>\u2014 \u0639\u0628\u062f \u0627\u0644\u0639\u0632\u064a\u0632 \u062c\u0631\u0627\u062f-Abdelaziz DJERAD (@dz_pm_djerad) <a href=\"https:\/\/twitter.com\/dz_pm_djerad\/status\/1323925024592592896?ref_src=twsrc%5Etfw\">November 4, 2020<\/a><\/p><\/blockquote>\n<\/div>\n<p class=\"c6\">Pour rappel, plus 5 millions d\u2019\u00e9l\u00e8ves avaient rejoint, le 21 octobre dernier, les \u00e9tablissements \u00e9ducatifs dans le cycle primaire. Un total de 3.313.448 \u00e9l\u00e8ves sont inscrits dans le cycle moyen, encadr\u00e9s par 169.684 enseignants, r\u00e9partis \u00e0 travers 5.780 CEM, contre 1.477.187 \u00e9l\u00e8ves pour le cycle secondaire, encadr\u00e9s par 109.900 enseignants, r\u00e9partis \u00e0 travers 2.573 lyc\u00e9es, pr\u00e9cise l\u2019APS.<\/p>\n<p class=\"c7\"><strong>R\u00e9daction WEB<\/strong><\/p>\n<\/div>\n<div id=\"text_core\" readability=\"62.371179039301\">\n<p class=\"c6\">Plus de 4 millions d\u2019\u00e9l\u00e8ves ont retrouv\u00e9, ce mercredi, les bancs des \u00e9tablissements des cycles moyen et secondaire \u00ab dans une conjoncture sanitaire exceptionnelle marqu\u00e9e par la propagation du nouveau coronavirus (Covid-19)\u00a0\u00bb, rapporte l\u2019APS.<\/p>\n<p class=\"c6\">Le coup d&rsquo;envoi officiel de cette ann\u00e9e scolaire pour les deux paliers concern\u00e9s a \u00e9t\u00e9 dans la matin\u00e9e par le Premier ministre, Abdelaziz Djerad, depuis la ville nouvelle de Sidi Abdellah, \u00e0 l&rsquo;Ouest d&rsquo;Alger.\u00a0\u00a0<\/p>\n<p class=\"c6\">Selon des statistiques obtenues par l\u2019APS, 4.790.671 \u00e9l\u00e8ves ont rejoint les bancs des \u00e9tablissements des cycles moyen et secondaire sur un total de 10.095.367 \u00e9l\u00e8ves inscrits dans les trois paliers d\u2019enseignement.<\/p>\n<div readability=\"7.2489539748954\">\n<blockquote class=\"twitter-tweet\" readability=\"7.7322175732218\">\n<p dir=\"rtl\" lang=\"ar\">\u0639\u0648\u062f\u0629 \u0627\u0644\u062a\u0644\u0627\u0645\u064a\u0630 \u0625\u0644\u0649 \u0627\u0644\u0645\u062f\u0631\u0633\u0629 \u0647\u064a \u0639\u0648\u062f\u0629 \u0644\u0644\u062d\u064a\u0627\u0629 \u0627\u0644\u062a\u064a \u062a\u0631\u0641\u0636 \u0627\u0644\u062a\u0648\u0642\u0641 \u0623\u0648 \u0627\u0644\u062a\u0639\u0637\u0644.<br \/>\u0648\u062c\u0648\u062f\u0646\u0627 \u0627\u0644\u064a\u0648\u0645 \u0645\u0639 \u0627\u0644\u062a\u0644\u0627\u0645\u064a\u0630 \u0648 \u0627\u0644\u0623\u0633\u0627\u062a\u0630\u0629 \u0647\u0648 \u062a\u0623\u0643\u064a\u062f \u0639\u0644\u0649 \u0645\u0631\u0627\u0641\u0642\u062a\u0646\u0627 \u0627\u0644\u0645\u0628\u0627\u0634\u0631\u0629 \u0644\u0647\u0645 \u062d\u062a\u0649 \u062a\u0643\u0648\u0646 \u0647\u0630\u0647 \u0627\u0644\u0639\u0648\u062f\u0629 \u0644\u0644\u062f\u0631\u0627\u0633\u0629 \u0622\u0645\u0646\u0629 \u0648 \u0645\u0648\u0641\u0642\u0629 \u0648 \u062f\u0627\u0626\u0645\u0629 \u062d\u062a\u0649 \u0646\u0647\u0627\u064a\u0629 \u0627\u0644\u0645\u0648\u0633\u0645 \u0625\u0646 \u0634\u0627\u0621 \u0627\u0644\u0644\u0647.<\/p>\n<p>\u2014 \u0639\u0628\u062f \u0627\u0644\u0639\u0632\u064a\u0632 \u062c\u0631\u0627\u062f-Abdelaziz DJERAD (@dz_pm_djerad) <a href=\"https:\/\/twitter.com\/dz_pm_djerad\/status\/1323925024592592896?ref_src=twsrc%5Etfw\">November 4, 2020<\/a><\/p><\/blockquote>\n<\/div>\n<p class=\"c6\">Pour rappel, plus 5 millions d\u2019\u00e9l\u00e8ves avaient rejoint, le 21 octobre dernier, les \u00e9tablissements \u00e9ducatifs dans le cycle primaire. Un total de 3.313.448 \u00e9l\u00e8ves sont inscrits dans le cycle moyen, encadr\u00e9s par 169.684 enseignants, r\u00e9partis \u00e0 travers 5.780 CEM, contre 1.477.187 \u00e9l\u00e8ves pour le cycle secondaire, encadr\u00e9s par 109.900 enseignants, r\u00e9partis \u00e0 travers 2.573 lyc\u00e9es, pr\u00e9cise l\u2019APS.<\/p>\n<p class=\"c7\"><strong>R\u00e9daction WEB<\/strong><\/p>\n<\/div>\n<p>Auteur:<br \/>\n<a href=\"https:\/\/www.liberte-algerie.com\/actualite\/plus-de-4-millions-deleves-ont-rejoint-lecole-348428\">Cliquez ici pour lire l&rsquo;article depuis sa source.<\/a><\/p>\n","protected":false},"excerpt":{"rendered":"<p>Plus de 4 millions d\u2019\u00e9l\u00e8ves ont retrouv\u00e9, ce mercredi, les bancs des \u00e9tablissements des cycles moyen et secondaire \u00ab dans une conjoncture sanitaire exceptionnelle marqu\u00e9e par la propagation du nouveau coronavirus (Covid-19)\u00a0\u00bb, rapporte l\u2019APS. Le coup d&rsquo;envoi officiel de cette ann\u00e9e scolaire pour les deux paliers concern\u00e9s a \u00e9t\u00e9 dans la matin\u00e9e par le Premier [&hellip;]<\/p>\n","protected":false},"author":1742,"featured_media":0,"comment_status":"closed","ping_status":"closed","sticky":false,"template":"","format":"standard","meta":{"fifu_image_url":"","fifu_image_alt":"","footnotes":""},"categories":[73,53],"tags":[],"class_list":["post-103649","post","type-post","status-publish","format-standard","hentry","category-actualite","category-algerie"],"_links":{"self":[{"href":"https:\/\/linitiative.ca\/International\/wp-json\/wp\/v2\/posts\/103649","targetHints":{"allow":["GET"]}}],"collection":[{"href":"https:\/\/linitiative.ca\/International\/wp-json\/wp\/v2\/posts"}],"about":[{"href":"https:\/\/linitiative.ca\/International\/wp-json\/wp\/v2\/types\/post"}],"author":[{"embeddable":true,"href":"https:\/\/linitiative.ca\/International\/wp-json\/wp\/v2\/users\/1742"}],"replies":[{"embeddable":true,"href":"https:\/\/linitiative.ca\/International\/wp-json\/wp\/v2\/comments?post=103649"}],"version-history":[{"count":0,"href":"https:\/\/linitiative.ca\/International\/wp-json\/wp\/v2\/posts\/103649\/revisions"}],"wp:attachment":[{"href":"https:\/\/linitiative.ca\/International\/wp-json\/wp\/v2\/media?parent=103649"}],"wp:term":[{"taxonomy":"category","embeddable":true,"href":"https:\/\/linitiative.ca\/International\/wp-json\/wp\/v2\/categories?post=103649"},{"taxonomy":"post_tag","embeddable":true,"href":"https:\/\/linitiative.ca\/International\/wp-json\/wp\/v2\/tags?post=103649"}],"curies":[{"name":"wp","href":"https:\/\/api.w.org\/{rel}","templated":true}]}}