{"id":103652,"date":"2020-11-04T10:30:00","date_gmt":"2020-11-04T15:30:00","guid":{"rendered":"https:\/\/linitiative.ca\/International\/la-dgsn-annonce-un-redoublement-defforts-pour-lapplication-du-protocole-sanitaire\/"},"modified":"2020-11-04T10:30:00","modified_gmt":"2020-11-04T15:30:00","slug":"la-dgsn-annonce-un-redoublement-defforts-pour-lapplication-du-protocole-sanitaire","status":"publish","type":"post","link":"https:\/\/linitiative.ca\/International\/la-dgsn-annonce-un-redoublement-defforts-pour-lapplication-du-protocole-sanitaire\/","title":{"rendered":"La DGSN annonce un redoublement d\u2019efforts pour l&rsquo;application du protocole sanitaire"},"content":{"rendered":"<div id=\"originalText\" readability=\"52\">\n<p class=\"c6\">La direction g\u00e9n\u00e9rale de la suret\u00e9 nationale (DGSN) a assur\u00e9, dans un communiqu\u00e9 rendu public, ce mercredi, qu\u2019elle \u00ab redoublera d\u2019effort pour l&rsquo;application des mesures organisationnelles, afin de faire face \u00e0 la propagation du Covid-19\u00a0\u00bb.<\/p>\n<p class=\"c6\">\u00ab\u00a0La DGSN veillera \u00e0 l\u2019application du protocole sanitaire, en insistant sur le respect de la distanciation sociale et les conditions d&rsquo;ouverture des magasins, l&rsquo;organisation des transports en commun, le port de masque, et tout ce qui concerne la protection et la pr\u00e9vention mise en place dans les lieux publics\u00a0\u00bb, lit-on dans le document.<\/p>\n<p class=\"c6\">En revanche, la suret\u00e9 nationale lance un appel aux citoyens \u00ab \u00e0 faire preuve de conscience et respecter les gestes barri\u00e8res\u00a0\u00bb pour \u00e9viter la propagation du coronavirus .<\/p>\n<p class=\"c7\"><strong>Kenza SIFI<\/strong><\/p>\n<\/div>\n<div id=\"text_core\" readability=\"52\">\n<p class=\"c6\">La direction g\u00e9n\u00e9rale de la suret\u00e9 nationale (DGSN) a assur\u00e9, dans un communiqu\u00e9 rendu public, ce mercredi, qu\u2019elle \u00ab redoublera d\u2019effort pour l&rsquo;application des mesures organisationnelles, afin de faire face \u00e0 la propagation du Covid-19\u00a0\u00bb.<\/p>\n<p class=\"c6\">\u00ab\u00a0La DGSN veillera \u00e0 l\u2019application du protocole sanitaire, en insistant sur le respect de la distanciation sociale et les conditions d&rsquo;ouverture des magasins, l&rsquo;organisation des transports en commun, le port de masque, et tout ce qui concerne la protection et la pr\u00e9vention mise en place dans les lieux publics\u00a0\u00bb, lit-on dans le document.<\/p>\n<p class=\"c6\">En revanche, la suret\u00e9 nationale lance un appel aux citoyens \u00ab \u00e0 faire preuve de conscience et respecter les gestes barri\u00e8res\u00a0\u00bb pour \u00e9viter la propagation du coronavirus .<\/p>\n<p class=\"c7\"><strong>Kenza SIFI<\/strong><\/p>\n<\/div>\n<p>Auteur:<br \/>\n<a href=\"https:\/\/www.liberte-algerie.com\/actualite\/la-dgsn-annonce-un-redoublement-defforts-pour-lapplication-du-protocole-sanitaire-348432\">Cliquez ici pour lire l&rsquo;article depuis sa source.<\/a><\/p>\n","protected":false},"excerpt":{"rendered":"<p>La direction g\u00e9n\u00e9rale de la suret\u00e9 nationale (DGSN) a assur\u00e9, dans un communiqu\u00e9 rendu public, ce mercredi, qu\u2019elle \u00ab redoublera d\u2019effort pour l&rsquo;application des mesures organisationnelles, afin de faire face \u00e0 la propagation du Covid-19\u00a0\u00bb. \u00ab\u00a0La DGSN veillera \u00e0 l\u2019application du protocole sanitaire, en insistant sur le respect de la distanciation sociale et les conditions [&hellip;]<\/p>\n","protected":false},"author":1742,"featured_media":0,"comment_status":"closed","ping_status":"closed","sticky":false,"template":"","format":"standard","meta":{"fifu_image_url":"","fifu_image_alt":"","footnotes":""},"categories":[73,53],"tags":[],"class_list":["post-103652","post","type-post","status-publish","format-standard","hentry","category-actualite","category-algerie"],"_links":{"self":[{"href":"https:\/\/linitiative.ca\/International\/wp-json\/wp\/v2\/posts\/103652","targetHints":{"allow":["GET"]}}],"collection":[{"href":"https:\/\/linitiative.ca\/International\/wp-json\/wp\/v2\/posts"}],"about":[{"href":"https:\/\/linitiative.ca\/International\/wp-json\/wp\/v2\/types\/post"}],"author":[{"embeddable":true,"href":"https:\/\/linitiative.ca\/International\/wp-json\/wp\/v2\/users\/1742"}],"replies":[{"embeddable":true,"href":"https:\/\/linitiative.ca\/International\/wp-json\/wp\/v2\/comments?post=103652"}],"version-history":[{"count":0,"href":"https:\/\/linitiative.ca\/International\/wp-json\/wp\/v2\/posts\/103652\/revisions"}],"wp:attachment":[{"href":"https:\/\/linitiative.ca\/International\/wp-json\/wp\/v2\/media?parent=103652"}],"wp:term":[{"taxonomy":"category","embeddable":true,"href":"https:\/\/linitiative.ca\/International\/wp-json\/wp\/v2\/categories?post=103652"},{"taxonomy":"post_tag","embeddable":true,"href":"https:\/\/linitiative.ca\/International\/wp-json\/wp\/v2\/tags?post=103652"}],"curies":[{"name":"wp","href":"https:\/\/api.w.org\/{rel}","templated":true}]}}