{"id":103654,"date":"2020-11-04T08:19:06","date_gmt":"2020-11-04T13:19:06","guid":{"rendered":"https:\/\/linitiative.ca\/International\/approbation-de-la-convention-de-gestion-deleguee-des-services-de-proprete\/"},"modified":"2020-11-04T08:19:06","modified_gmt":"2020-11-04T13:19:06","slug":"approbation-de-la-convention-de-gestion-deleguee-des-services-de-proprete","status":"publish","type":"post","link":"https:\/\/linitiative.ca\/International\/approbation-de-la-convention-de-gestion-deleguee-des-services-de-proprete\/","title":{"rendered":"Approbation de la convention de gestion d\u00e9l\u00e9gu\u00e9e des services de propret\u00e9"},"content":{"rendered":"<div class=\"single-featured\"><img alt=\"\" data-src=\"http:\/\/www.mapmarrakech.ma\/map\/uploads\/2020\/11\/conseil-com-marrakech-nov.jpg\"\/><\/div>\n<div class=\"single-post-excerpt post-excerpt-bc\" readability=\"37\">\n<p>Marrakech- Le Conseil communal de Marrakech a tenu, mardi, la troisi\u00e8me s\u00e9ance de sa session ordinaire, marqu\u00e9e notamment par l\u2019adoption de la convention de gestion d\u00e9l\u00e9gu\u00e9e des services de propret\u00e9 (collecte des d\u00e9chets m\u00e9nagers et nettoiement des voies).<\/p>\n<\/div>\n<div class=\"entry-content clearfix single-post-content\" readability=\"58\">\n<p>Ainsi, le Conseil communal, tenu en pr\u00e9sence de M. Mohamed Larbi Belca\u00efd, a approuv\u00e9 le contrat de gestion d\u00e9l\u00e9gu\u00e9e, valable pour une dur\u00e9e de 7 ans, avec la soci\u00e9t\u00e9 ARMA (premi\u00e8re tranche dans les quartiers de Gueliz, Palmeraie, Medina et Sidi Youssef Ben Ali) Et MECOMAR (deuxi\u00e8me tranche \u00e0 El-Manara).<\/p>\n<p>La convention pr\u00e9voit notamment de doubler l\u2019investissement ainsi que le nombre des bennes \u00e0 ordures, la mise en place de deux centres de collecte contr\u00f4l\u00e9s, le tri s\u00e9lectif dans certains quartiers, la collecte de nuit et le suivi GPS.<\/p>\n<p>Par ailleurs, le Conseil communal a approuv\u00e9 le projet de budget pour l\u2019exercice 2021, qui s\u2019\u00e9l\u00e8ve \u00e0 1,07 milliard de dirhams, ainsi que les comptes des d\u00e9penses des montants allou\u00e9s aux arrondissements, au titre de la m\u00eame ann\u00e9e (environ 10% du budget).<\/p>\n<\/div>\n<p>Auteur: Mohammed KOURSI<br \/>\n<a href=\"http:\/\/www.mapmarrakech.ma\/fr\/approbation-de-la-convention-de-gestion-deleguee-des-services-de-proprete\/\">Cliquez ici pour lire l&rsquo;article depuis sa source.<\/a><\/p>\n","protected":false},"excerpt":{"rendered":"<p>Marrakech- Le Conseil communal de Marrakech a tenu, mardi, la troisi\u00e8me s\u00e9ance de sa session ordinaire, marqu\u00e9e notamment par l\u2019adoption de la convention de gestion d\u00e9l\u00e9gu\u00e9e des services de propret\u00e9 (collecte des d\u00e9chets m\u00e9nagers et nettoiement des voies). Ainsi, le Conseil communal, tenu en pr\u00e9sence de M. Mohamed Larbi Belca\u00efd, a approuv\u00e9 le contrat de [&hellip;]<\/p>\n","protected":false},"author":1788,"featured_media":103655,"comment_status":"closed","ping_status":"closed","sticky":false,"template":"","format":"standard","meta":{"fifu_image_url":"","fifu_image_alt":"","footnotes":""},"categories":[54,76],"tags":[],"class_list":["post-103654","post","type-post","status-publish","format-standard","has-post-thumbnail","hentry","category-maroc","category-regions"],"_links":{"self":[{"href":"https:\/\/linitiative.ca\/International\/wp-json\/wp\/v2\/posts\/103654","targetHints":{"allow":["GET"]}}],"collection":[{"href":"https:\/\/linitiative.ca\/International\/wp-json\/wp\/v2\/posts"}],"about":[{"href":"https:\/\/linitiative.ca\/International\/wp-json\/wp\/v2\/types\/post"}],"author":[{"embeddable":true,"href":"https:\/\/linitiative.ca\/International\/wp-json\/wp\/v2\/users\/1788"}],"replies":[{"embeddable":true,"href":"https:\/\/linitiative.ca\/International\/wp-json\/wp\/v2\/comments?post=103654"}],"version-history":[{"count":0,"href":"https:\/\/linitiative.ca\/International\/wp-json\/wp\/v2\/posts\/103654\/revisions"}],"wp:featuredmedia":[{"embeddable":true,"href":"https:\/\/linitiative.ca\/International\/wp-json\/"}],"wp:attachment":[{"href":"https:\/\/linitiative.ca\/International\/wp-json\/wp\/v2\/media?parent=103654"}],"wp:term":[{"taxonomy":"category","embeddable":true,"href":"https:\/\/linitiative.ca\/International\/wp-json\/wp\/v2\/categories?post=103654"},{"taxonomy":"post_tag","embeddable":true,"href":"https:\/\/linitiative.ca\/International\/wp-json\/wp\/v2\/tags?post=103654"}],"curies":[{"name":"wp","href":"https:\/\/api.w.org\/{rel}","templated":true}]}}