{"id":103656,"date":"2020-11-04T08:33:35","date_gmt":"2020-11-04T13:33:35","guid":{"rendered":"https:\/\/linitiative.ca\/International\/commemoration-du-45e-anniversaire-de-la-marche-verte\/"},"modified":"2020-11-04T08:33:35","modified_gmt":"2020-11-04T13:33:35","slug":"commemoration-du-45e-anniversaire-de-la-marche-verte","status":"publish","type":"post","link":"https:\/\/linitiative.ca\/International\/commemoration-du-45e-anniversaire-de-la-marche-verte\/","title":{"rendered":"Comm\u00e9moration du 45\u00e8 anniversaire de la Marche Verte"},"content":{"rendered":"<div readability=\"38\">\n<p>Youssoufia- La direction provinciale de l\u2019Education nationale \u00e0 Youssoufia comm\u00e9more, du 3 au 7 novembre, le 45\u00e8me anniversaire de la glorieuse Marche Verte, \u00e0 travers l\u2019organisation d\u2019une s\u00e9rie d\u2019activit\u00e9s en vue de contribuer \u00e0 la cons\u00e9cration du sentiment d\u2019appartenance \u00e0 la Patrie et \u00e0 la c\u00e9l\u00e9bration des gloires du pays par l\u2019ensemble des composantes du syst\u00e8me \u00e9ducatif dans la province.<\/p>\n<\/div>\n<div readability=\"71\">\n<p>Ainsi, les \u00e9tablissements scolaires, tous cycles confondus, relevant des diff\u00e9rentes collectivit\u00e9s territoriales, vont programmer une panoplie d\u2019activit\u00e9s, de spectacles et de c\u00e9r\u00e9monies (en pr\u00e9sentiel et \u00e0 distance) \u00e0 l\u2019occasion de cette f\u00eate, tout en veillant au respect strict du protocole sanitaire en vigueur pour la pr\u00e9vention de la Covid-19.<\/p>\n<p>Cet anniversaire vise \u00e0 inculquer aux g\u00e9n\u00e9rations montantes les grands enseignements de cette \u00e9pop\u00e9e, \u00e0 renforcer la prise de conscience quant \u00e0 l\u2019importance de la pr\u00e9servation de la m\u00e9moire nationale, \u00e0 consolider les liens d\u2019unit\u00e9 nationale et \u00e0 tirer les le\u00e7ons du pass\u00e9 et du pr\u00e9sent pour se projeter dans l\u2019avenir.<\/p>\n<p>Dans une d\u00e9claration \u00e0 la MAP, le directeur provincial de l\u2019Education nationale, Mohamed Zaki, a appel\u00e9 les cadres p\u00e9dagogiques dans l\u2019ensemble des \u00e9tablissements d\u2019enseignement \u00e0 saisir cette heureuse occasion pour renforcer les valeurs nationales et aiguiser les volont\u00e9s pour la poursuite du processus de l\u2019\u00e9dification du pays et la mise en exergue des expressions de fiert\u00e9 et de c\u00e9l\u00e9bration de cette grande \u00e9pop\u00e9e historique.<\/p>\n<p>Il a insist\u00e9 sur l\u2019importance de tirer les enseignements qui s\u2019imposent de la comm\u00e9moration de cet anniversaire afin de d\u00e9velopper l\u2019esprit d\u2019initiative, de cr\u00e9ativit\u00e9 et d\u2019action commune, participative et solidaire parmi les membres de la famille de l\u2019\u00e9ducation et de la formation et les apprenants.<\/p>\n<p>La c\u00e9l\u00e9bration de l\u2019anniversaire de la Marche Verte ambitionne notamment d\u2019expliciter aux apprenants l\u2019importance cruciale de cet \u00e9v\u00e9nement et sa place centrale dans l\u2019histoire arabe contemporaine, de leur faire conna\u00eetre les principales \u00e9tapes de l\u2019histoire du Maroc moderne, et de conforter l\u2019\u00e9ducation \u00e0 la citoyennet\u00e9 \u00e0 travers l\u2019organisation d\u2019activit\u00e9s p\u00e9dagogiques ouvertes sur l\u2019environnement socioculturel des \u00e9tablissements scolaires, avec la mise en lumi\u00e8re des \u00e9normes contributions aux efforts de lutte pour la pr\u00e9servation de l\u2019unit\u00e9 du pays.<\/p>\n<\/div>\n<p>Auteur: Mohammed KOURSI<br \/>\n<a href=\"http:\/\/www.mapmarrakech.ma\/fr\/commemoration-du-45e-anniversaire-de-la-marche-verte\/\">Cliquez ici pour lire l&rsquo;article depuis sa source.<\/a><\/p>\n","protected":false},"excerpt":{"rendered":"<p>Youssoufia- La direction provinciale de l\u2019Education nationale \u00e0 Youssoufia comm\u00e9more, du 3 au 7 novembre, le 45\u00e8me anniversaire de la glorieuse Marche Verte, \u00e0 travers l\u2019organisation d\u2019une s\u00e9rie d\u2019activit\u00e9s en vue de contribuer \u00e0 la cons\u00e9cration du sentiment d\u2019appartenance \u00e0 la Patrie et \u00e0 la c\u00e9l\u00e9bration des gloires du pays par l\u2019ensemble des composantes du [&hellip;]<\/p>\n","protected":false},"author":1788,"featured_media":0,"comment_status":"closed","ping_status":"closed","sticky":false,"template":"","format":"standard","meta":{"fifu_image_url":"","fifu_image_alt":"","footnotes":""},"categories":[54,76],"tags":[],"class_list":["post-103656","post","type-post","status-publish","format-standard","hentry","category-maroc","category-regions"],"_links":{"self":[{"href":"https:\/\/linitiative.ca\/International\/wp-json\/wp\/v2\/posts\/103656","targetHints":{"allow":["GET"]}}],"collection":[{"href":"https:\/\/linitiative.ca\/International\/wp-json\/wp\/v2\/posts"}],"about":[{"href":"https:\/\/linitiative.ca\/International\/wp-json\/wp\/v2\/types\/post"}],"author":[{"embeddable":true,"href":"https:\/\/linitiative.ca\/International\/wp-json\/wp\/v2\/users\/1788"}],"replies":[{"embeddable":true,"href":"https:\/\/linitiative.ca\/International\/wp-json\/wp\/v2\/comments?post=103656"}],"version-history":[{"count":0,"href":"https:\/\/linitiative.ca\/International\/wp-json\/wp\/v2\/posts\/103656\/revisions"}],"wp:attachment":[{"href":"https:\/\/linitiative.ca\/International\/wp-json\/wp\/v2\/media?parent=103656"}],"wp:term":[{"taxonomy":"category","embeddable":true,"href":"https:\/\/linitiative.ca\/International\/wp-json\/wp\/v2\/categories?post=103656"},{"taxonomy":"post_tag","embeddable":true,"href":"https:\/\/linitiative.ca\/International\/wp-json\/wp\/v2\/tags?post=103656"}],"curies":[{"name":"wp","href":"https:\/\/api.w.org\/{rel}","templated":true}]}}