{"id":103669,"date":"2020-11-04T14:53:27","date_gmt":"2020-11-04T19:53:27","guid":{"rendered":"https:\/\/linitiative.ca\/International\/elections-us-biden-favori\/"},"modified":"2020-11-04T14:53:27","modified_gmt":"2020-11-04T19:53:27","slug":"elections-us-biden-favori","status":"publish","type":"post","link":"https:\/\/linitiative.ca\/International\/elections-us-biden-favori\/","title":{"rendered":"Elections US: Biden, favori?"},"content":{"rendered":"<div class=\"body\">\n<div class=\"field field-name-body field-type-text-with-summary field-label-hidden\">\n<div class=\"field-items\" readability=\"16\">\n<div class=\"field-item even\" property=\"content:encoded\" readability=\"27\">\n<p class=\"rtejustify\">Joe Biden est donn\u00e9 favori aux pr\u00e9sidentielles US selon un billet d\u2019opinion publi\u00e9 lundi 2 novembre par Policy center for the new south. Dans ce billet sign\u00e9 par Dominique Bocquet (ex-chef de la mission \u00e9conomique de l\u2019ambassade de France au Maroc et qui vient de rejoindre le think tank en tant que Senior Fellow), il est expliqu\u00e9 que la donne de la comp\u00e9tition entre les candidats d\u00e9mocrate et r\u00e9publicain est compl\u00e8tement diff\u00e9rente de ce qu\u2019elle \u00e9tait en 2016.\u00a0 Biden a, en effet, mieux pr\u00e9par\u00e9 trois \u00e9tats clefs de la campagne: Pennsylvanie, Michigan et Wisconsin, et ce contrairement \u00e0 Hillary Clinton qui les avait rat\u00e9s. \u00abJoe Biden n\u2019a pas commis la m\u00eame erreur: il a m\u00e9thodiquement \u00abtravaill\u00e9\u00bb ces Etats. La Pennsylvanie, o\u00f9 il est n\u00e9, a pench\u00e9, la premi\u00e8re, en sa faveur dans les enqu\u00eates d\u2019opinion\u00bb. M\u00eame sans cela, l\u2019\u00e9lection s\u2019est peu \u00e0 peu r\u00e9v\u00e9l\u00e9e probl\u00e9matique pour Donald Trump, du fait de l\u2019\u00e9cart national entre les candidats: dix points durant la derni\u00e8re semaine, selon certains Instituts de sondage. Le dimanche 1er novembre, Fox News, cha\u00eene ardemment pro-Trump, reconnaissait elle-m\u00eame un \u00e9cart de 8 points en faveur de Biden. \u00abC\u2019est consid\u00e9rable\u00bb souligne le billet. Pour Bocquet, \u00abavec un retard d\u2019une telle ampleur, la marge de man\u0153uvre de Donald Tump s\u2019amenuise: remporter des Etats flottants devient improbable\u00bb.<br \/><em>\u00a0M.B.<\/em><\/p>\n<\/div>\n<\/div>\n<\/div>\n<\/div>\n<div class=\"eco-conseil\">\n<div class=\"view view-eco-conseil-16 view-id-eco_conseil_16 view-display-id-cookies view-dom-id-71cac70d2a70383e4148bb5c4bdcf45f\">\n<div class=\"view-content\">\n<div id=\"views-bootstrap-grid-1\" class=\"views-bootstrap-grid-plugin-style\">\n<div class=\"row\">\n<div class=\" col-xs-12 col-lg-4\">\n<div class=\"row\">\n<div class=\"col col-xs-12 col-lg-12\">\n<div class=\"field-content\"><a href=\"\/article\/1069184-financements-climat-cdg-et-afd-font-le-point\"><img loading=\"lazy\" decoding=\"async\" class=\"img-responsive\" typeof=\"foaf:Image\" src=\"https:\/\/www.leconomiste.com\/sites\/default\/files\/eco7\/public\/styles\/800x400\/public\/default_images\/default_une.jpg?itok=4jZlgnIZ\" width=\"660\" height=\"330\" alt=\"\"\/><\/a><\/div>\n<\/div>\n<div class=\" title_suite_2 col col-xs-12 col-lg-12\"> <a href=\"\/article\/1069184-financements-climat-cdg-et-afd-font-le-point\"\/><span class=\"field-content\">Financements climat: CDG et AFD font le point <\/span><\/div>\n<\/div>\n<\/div>\n<div class=\" col-xs-12 col-lg-4\">\n<div class=\"row\">\n<div class=\"col col-xs-12 col-lg-12\">\n<div class=\"field-content\"><a href=\"\/article\/1069183-casa-tram-un-pret-de-l-afd-pour-les-lignes-3-et-4\"><img loading=\"lazy\" decoding=\"async\" class=\"img-responsive\" typeof=\"foaf:Image\" src=\"https:\/\/www.leconomiste.com\/sites\/default\/files\/eco7\/public\/styles\/800x400\/public\/default_images\/default_une.jpg?itok=4jZlgnIZ\" width=\"660\" height=\"330\" alt=\"\"\/><\/a><\/div>\n<\/div>\n<div class=\" title_suite_2 col col-xs-12 col-lg-12\"> <a href=\"\/article\/1069183-casa-tram-un-pret-de-l-afd-pour-les-lignes-3-et-4\"\/><span class=\"field-content\">Casa-Tram: Un pr\u00eat de l\u2019AFD pour les lignes 3 et 4<\/span><\/div>\n<\/div>\n<\/div>\n<div class=\" col-xs-12 col-lg-4\">\n<div class=\"row\">\n<div class=\"col col-xs-12 col-lg-12\">\n<div class=\"field-content\"><a href=\"\/article\/1069181-cam-se-dote-de-son-etablissement-de-paiement\"><img loading=\"lazy\" decoding=\"async\" class=\"img-responsive\" typeof=\"foaf:Image\" src=\"https:\/\/www.leconomiste.com\/sites\/default\/files\/eco7\/public\/styles\/800x400\/public\/default_images\/default_une.jpg?itok=4jZlgnIZ\" width=\"660\" height=\"330\" alt=\"\"\/><\/a><\/div>\n<\/div>\n<div class=\" title_suite_2 col col-xs-12 col-lg-12\"> <a href=\"\/article\/1069181-cam-se-dote-de-son-etablissement-de-paiement\"\/><span class=\"field-content\">CAM se dote de son \u00e9tablissement de paiement<\/span><\/div>\n<\/div>\n<\/div>\n<\/div>\n<\/div>\n<\/div>\n<\/div>\n<\/div>\n<p>Auteur: hlafriqi<br \/>\n<a href=\"https:\/\/www.leconomiste.com\/article\/1069182-elections-us-biden-favori\">Cliquez ici pour lire l&rsquo;article depuis sa source.<\/a><\/p>\n","protected":false},"excerpt":{"rendered":"<p>Joe Biden est donn\u00e9 favori aux pr\u00e9sidentielles US selon un billet d\u2019opinion publi\u00e9 lundi 2 novembre par Policy center for the new south. Dans ce billet sign\u00e9 par Dominique Bocquet (ex-chef de la mission \u00e9conomique de l\u2019ambassade de France au Maroc et qui vient de rejoindre le think tank en tant que Senior Fellow), il [&hellip;]<\/p>\n","protected":false},"author":1763,"featured_media":0,"comment_status":"closed","ping_status":"closed","sticky":false,"template":"","format":"standard","meta":{"fifu_image_url":"","fifu_image_alt":"","footnotes":""},"categories":[78,54],"tags":[],"class_list":["post-103669","post","type-post","status-publish","format-standard","hentry","category-economie","category-maroc"],"_links":{"self":[{"href":"https:\/\/linitiative.ca\/International\/wp-json\/wp\/v2\/posts\/103669","targetHints":{"allow":["GET"]}}],"collection":[{"href":"https:\/\/linitiative.ca\/International\/wp-json\/wp\/v2\/posts"}],"about":[{"href":"https:\/\/linitiative.ca\/International\/wp-json\/wp\/v2\/types\/post"}],"author":[{"embeddable":true,"href":"https:\/\/linitiative.ca\/International\/wp-json\/wp\/v2\/users\/1763"}],"replies":[{"embeddable":true,"href":"https:\/\/linitiative.ca\/International\/wp-json\/wp\/v2\/comments?post=103669"}],"version-history":[{"count":0,"href":"https:\/\/linitiative.ca\/International\/wp-json\/wp\/v2\/posts\/103669\/revisions"}],"wp:attachment":[{"href":"https:\/\/linitiative.ca\/International\/wp-json\/wp\/v2\/media?parent=103669"}],"wp:term":[{"taxonomy":"category","embeddable":true,"href":"https:\/\/linitiative.ca\/International\/wp-json\/wp\/v2\/categories?post=103669"},{"taxonomy":"post_tag","embeddable":true,"href":"https:\/\/linitiative.ca\/International\/wp-json\/wp\/v2\/tags?post=103669"}],"curies":[{"name":"wp","href":"https:\/\/api.w.org\/{rel}","templated":true}]}}