{"id":103670,"date":"2020-11-04T14:53:29","date_gmt":"2020-11-04T19:53:29","guid":{"rendered":"https:\/\/linitiative.ca\/International\/casa-tram-un-pret-de-lafd-pour-les-lignes-3-et-4\/"},"modified":"2020-11-04T14:53:29","modified_gmt":"2020-11-04T19:53:29","slug":"casa-tram-un-pret-de-lafd-pour-les-lignes-3-et-4","status":"publish","type":"post","link":"https:\/\/linitiative.ca\/International\/casa-tram-un-pret-de-lafd-pour-les-lignes-3-et-4\/","title":{"rendered":"Casa-Tram: Un pr\u00eat de l\u2019AFD pour les lignes 3 et 4"},"content":{"rendered":"<div class=\"body\">\n<div class=\"field field-name-body field-type-text-with-summary field-label-hidden\">\n<div class=\"field-items\" readability=\"10.5\">\n<div class=\"field-item even\" property=\"content:encoded\" readability=\"16\">\n<p class=\"rtejustify\">\u00a0Accord entre l\u2019Agence Fran\u00e7aise de D\u00e9veloppement (AFD) et Casa Transport portant sur un pr\u00eat de 1,1 milliard de DH (100 millions d\u2019euros), associ\u00e9 \u00e0 une subvention d\u2019assistance technique de 5,5 millions de DH (500.000 euros) pour les lignes 3 et 4 du tramway de Casablanca. Le partenariat technique et financier entre Casa Transport et l\u2019AFD a \u00e9t\u00e9 lanc\u00e9 en 2012 par un premier financement de 23 millions d\u2019euros pour la r\u00e9alisation de la 1\u00e8re ligne du tramway de l\u2019agglom\u00e9ration, suivi d\u2019un 2e financement, en 2017, de 30 millions d\u2019euros pour la r\u00e9alisation de la 2e ligne.<br \/><em>A.E.<\/em><\/p>\n<\/div>\n<\/div>\n<\/div>\n<\/div>\n<div class=\"eco-conseil\">\n<div class=\"view view-eco-conseil-16 view-id-eco_conseil_16 view-display-id-cookies view-dom-id-1a0299d791e7444e2a89637757e1e0f5\">\n<div class=\"view-content\">\n<div id=\"views-bootstrap-grid-1\" class=\"views-bootstrap-grid-plugin-style\">\n<div class=\"row\">\n<div class=\" col-xs-12 col-lg-4\">\n<div class=\"row\">\n<div class=\"col col-xs-12 col-lg-12\">\n<div class=\"field-content\"><a href=\"\/article\/1069184-financements-climat-cdg-et-afd-font-le-point\"><img loading=\"lazy\" decoding=\"async\" class=\"img-responsive\" typeof=\"foaf:Image\" src=\"https:\/\/www.leconomiste.com\/sites\/default\/files\/eco7\/public\/styles\/800x400\/public\/default_images\/default_une.jpg?itok=4jZlgnIZ\" width=\"660\" height=\"330\" alt=\"\"\/><\/a><\/div>\n<\/div>\n<div class=\" title_suite_2 col col-xs-12 col-lg-12\"> <a href=\"\/article\/1069184-financements-climat-cdg-et-afd-font-le-point\"\/><span class=\"field-content\">Financements climat: CDG et AFD font le point <\/span><\/div>\n<\/div>\n<\/div>\n<div class=\" col-xs-12 col-lg-4\">\n<div class=\"row\">\n<div class=\"col col-xs-12 col-lg-12\">\n<div class=\"field-content\"><a href=\"\/article\/1069182-elections-us-biden-favori\"><img loading=\"lazy\" decoding=\"async\" class=\"img-responsive\" typeof=\"foaf:Image\" src=\"https:\/\/www.leconomiste.com\/sites\/default\/files\/eco7\/public\/styles\/800x400\/public\/default_images\/default_une.jpg?itok=4jZlgnIZ\" width=\"660\" height=\"330\" alt=\"\"\/><\/a><\/div>\n<\/div>\n<div class=\" title_suite_2 col col-xs-12 col-lg-12\"> <a href=\"\/article\/1069182-elections-us-biden-favori\"\/><span class=\"field-content\">Elections US: Biden, favori?<\/span><\/div>\n<\/div>\n<\/div>\n<div class=\" col-xs-12 col-lg-4\">\n<div class=\"row\">\n<div class=\"col col-xs-12 col-lg-12\">\n<div class=\"field-content\"><a href=\"\/article\/1069181-cam-se-dote-de-son-etablissement-de-paiement\"><img loading=\"lazy\" decoding=\"async\" class=\"img-responsive\" typeof=\"foaf:Image\" src=\"https:\/\/www.leconomiste.com\/sites\/default\/files\/eco7\/public\/styles\/800x400\/public\/default_images\/default_une.jpg?itok=4jZlgnIZ\" width=\"660\" height=\"330\" alt=\"\"\/><\/a><\/div>\n<\/div>\n<div class=\" title_suite_2 col col-xs-12 col-lg-12\"> <a href=\"\/article\/1069181-cam-se-dote-de-son-etablissement-de-paiement\"\/><span class=\"field-content\">CAM se dote de son \u00e9tablissement de paiement<\/span><\/div>\n<\/div>\n<\/div>\n<\/div>\n<\/div>\n<\/div>\n<\/div>\n<\/div>\n<p>Auteur: hlafriqi<br \/>\n<a href=\"https:\/\/www.leconomiste.com\/article\/1069183-casa-tram-un-pret-de-l-afd-pour-les-lignes-3-et-4\">Cliquez ici pour lire l&rsquo;article depuis sa source.<\/a><\/p>\n","protected":false},"excerpt":{"rendered":"<p>\u00a0Accord entre l\u2019Agence Fran\u00e7aise de D\u00e9veloppement (AFD) et Casa Transport portant sur un pr\u00eat de 1,1 milliard de DH (100 millions d\u2019euros), associ\u00e9 \u00e0 une subvention d\u2019assistance technique de 5,5 millions de DH (500.000 euros) pour les lignes 3 et 4 du tramway de Casablanca. Le partenariat technique et financier entre Casa Transport et l\u2019AFD [&hellip;]<\/p>\n","protected":false},"author":1763,"featured_media":0,"comment_status":"closed","ping_status":"closed","sticky":false,"template":"","format":"standard","meta":{"fifu_image_url":"","fifu_image_alt":"","footnotes":""},"categories":[78,54],"tags":[],"class_list":["post-103670","post","type-post","status-publish","format-standard","hentry","category-economie","category-maroc"],"_links":{"self":[{"href":"https:\/\/linitiative.ca\/International\/wp-json\/wp\/v2\/posts\/103670","targetHints":{"allow":["GET"]}}],"collection":[{"href":"https:\/\/linitiative.ca\/International\/wp-json\/wp\/v2\/posts"}],"about":[{"href":"https:\/\/linitiative.ca\/International\/wp-json\/wp\/v2\/types\/post"}],"author":[{"embeddable":true,"href":"https:\/\/linitiative.ca\/International\/wp-json\/wp\/v2\/users\/1763"}],"replies":[{"embeddable":true,"href":"https:\/\/linitiative.ca\/International\/wp-json\/wp\/v2\/comments?post=103670"}],"version-history":[{"count":0,"href":"https:\/\/linitiative.ca\/International\/wp-json\/wp\/v2\/posts\/103670\/revisions"}],"wp:attachment":[{"href":"https:\/\/linitiative.ca\/International\/wp-json\/wp\/v2\/media?parent=103670"}],"wp:term":[{"taxonomy":"category","embeddable":true,"href":"https:\/\/linitiative.ca\/International\/wp-json\/wp\/v2\/categories?post=103670"},{"taxonomy":"post_tag","embeddable":true,"href":"https:\/\/linitiative.ca\/International\/wp-json\/wp\/v2\/tags?post=103670"}],"curies":[{"name":"wp","href":"https:\/\/api.w.org\/{rel}","templated":true}]}}